{"id":466,"date":"2013-04-20T19:27:12","date_gmt":"2013-04-20T22:27:12","guid":{"rendered":"https:\/\/novocrb1.ultramidia.com.br\/nova-selecao-de-servidores-para-vaga-de-bibliotecario-a\/"},"modified":"2013-04-20T19:27:12","modified_gmt":"2013-04-20T22:27:12","slug":"nova-selecao-de-servidores-para-vaga-de-bibliotecario-a","status":"publish","type":"post","link":"https:\/\/crb1.org.br\/site\/2013\/04\/nova-selecao-de-servidores-para-vaga-de-bibliotecario-a\/","title":{"rendered":"Nova Sele\u00e7\u00e3o de servidores para vaga de bibliotec\u00e1rio (a)"},"content":{"rendered":"<p><a href=\"https:\/\/crb1.org.br\/index.php\/76-nova-selecao-de-servidores-para-vaga-de-bibliotecario-a\"><img fetchpriority=\"high\" decoding=\"async\" src=\"https:\/\/lh3.googleusercontent.com\/-_d7J0sQNyRE\/UWw7LrH8k2I\/AAAAAAAABw8\/LHrjcnpZQGk\/s760\/logo_orgaos_publicos_ministerio_do_meio_ambiente.png\" width=\"600\" height=\"217\" style=\"vertical-align: top;\" \/><\/a><\/p>\n<p>  <!--more-->  <\/p>\n<p>\u00a0<\/p>\n<div>\n<p>Comunica-se que o Minist\u00e9rio do Meio Ambiente &#8211; MMA abriu processo de sele\u00e7\u00e3o de curr\u00edculo para preenchimento de vaga no cargo de bibliotec\u00e1rio, regime de\u00a0<strong>Gratifica\u00e7\u00e3o Tempor\u00e1ria das Unidades dos Sistemas Estruturadores da Administra\u00e7\u00e3o P\u00fablica Federal \u2013 GESISTE,<\/strong>\u00a0cujo valor estipulado (N\u00edvel Superior ) poder\u00e1 sofrer varia\u00e7\u00f5es de acordo com o sal\u00e1rio bruto percebido pelo (a) servidor(a).<\/p>\n<\/p><\/div>\n<p><strong><br \/>OBS: Informa-se, por oportuno, que a sele\u00e7\u00e3o ser\u00e1, prioritariamente, para servidores p\u00fablicos federais da \u00e1rea de Biblioteconomia (cargo NS na Administra\u00e7\u00e3o P\u00fablica).<br \/>Favor encaminhar ao e-mail abaixo e anexar o Curr\u00edculo e a c\u00f3pia do \u00faltimo contracheque, para an\u00e1lise.<\/strong><\/p>\n<div>\n<p><strong><a href=\"mailto:cid@mma.gov.br\" target=\"_blank\" rel=\"noopener\">cid@mma.gov.br<\/a>, aos cuidados de Elizabet Silva da Mata &#8211; Gestora Administrativa<\/strong><\/p>\n<div>\u00a0<\/div>\n<p><strong>ATIVIDADES A SEREM DESENVOLVIDAS:<\/strong><\/p>\n<p><strong>\u00a0<\/strong><\/p>\n<div>\n<p>a)\u00a0\u00a0\u00a0\u00a0\u00a0\u00a0Tratamento t\u00e9cnico (cataloga\u00e7\u00e3o, classifica\u00e7\u00e3o, n\u00famero de autor, indexa\u00e7\u00e3o, digita\u00e7\u00e3o e etiquetagem) de livros, cD ROM, DVD&#8217;s, teses, peri\u00f3dicos, mapas, folders e de outros documentos que s\u00e3o encaminhados ao Cid Ambiental para inser\u00e7\u00e3o no banco de dados de gerenciamento do acervo\u00a0<strong><em>(Winisis)<\/em><\/strong>, bem como o envio e manuten\u00e7\u00e3o da Mem\u00f3ria Institucional \u2013 MI e Reserva T\u00e9cnica- RT do MMA;<\/p>\n<\/p><\/div>\n<div>\u00a0<\/div>\n<div>\n<p>b)\u00a0\u00a0\u00a0\u00a0\u00a0\u00a0Proceder normaliza\u00e7\u00e3o das publica\u00e7\u00f5es do acervo com o objetivo de adequar \u00e0s normas da ABNT, como: revis\u00e3o e corre\u00e7\u00e3o de refer\u00eancias bibliogr\u00e1ficas, cita\u00e7\u00f5es e elementos pr\u00e9-textuais (capa, folha de rosto, verso da folha, sum\u00e1rio, etc.);<\/p>\n<\/p><\/div>\n<div>\u00a0<\/div>\n<div>\n<p>c)\u00a0\u00a0\u00a0\u00a0\u00a0\u00a0\u00a0Acompanhar o Projeto de Pol\u00edtica de Distribui\u00e7\u00e3o de Publica\u00e7\u00f5es, no \u00e2mbito do MMA;<\/p>\n<\/p><\/div>\n<div>\u00a0<\/div>\n<div>\n<p>d)\u00a0\u00a0\u00a0\u00a0\u00a0\u00a0Prestar assist\u00eancia \u00e0s Unidades do MMA na formula\u00e7\u00e3o de normas bibliogr\u00e1ficas, bem como na obten\u00e7\u00e3o de n\u00fameros de ISBN junto \u00e0 Biblioteca Nacional, quando solicitado;<\/p>\n<\/p><\/div>\n<div>\u00a0<\/div>\n<div>\n<p>e)\u00a0\u00a0\u00a0\u00a0\u00a0\u00a0Participar da elabora\u00e7\u00e3o de pol\u00edticas de atendimento, desenvolvimento de cole\u00e7\u00f5es, etc.;<\/p>\n<\/p><\/div>\n<div>\u00a0<\/div>\n<div>\n<p>f)\u00a0\u00a0\u00a0\u00a0\u00a0\u00a0\u00a0\u00a0\u00a0Elaborar e coordenar o invent\u00e1rio do acervo do Cid Ambiental, quando necess\u00e1rio;<\/p>\n<\/p><\/div>\n<div>\u00a0<\/div>\n<div>\n<p>g)\u00a0\u00a0\u00a0\u00a0\u00a0\u00a0Orientar usu\u00e1rios na consulta ao acervo, quando necess\u00e1rio;<\/p>\n<\/p><\/div>\n<div>\u00a0<\/div>\n<div>\n<p>h)\u00a0\u00a0\u00a0\u00a0\u00a0\u00a0Capacitar e orientar a equipe de estagi\u00e1rios da \u00e1rea de biblioteconomia;<\/p>\n<\/p><\/div>\n<div>\u00a0<\/div>\n<div>\n<p>i)\u00a0\u00a0\u00a0\u00a0\u00a0\u00a0\u00a0\u00a0Apresentar sugest\u00f5es de melhorias no funcionamento interno da biblioteca e na elabora\u00e7\u00e3o de manual de procedimentos;<\/p>\n<\/p><\/div>\n<div>\u00a0<\/div>\n<div>\n<p>j)\u00a0\u00a0\u00a0\u00a0\u00a0\u00a0\u00a0\u00a0Participar de reuni\u00f5es de equipe da Coordena\u00e7\u00e3o Geral de Gest\u00e3o Administrativa \u2013 CGGA e do Cid Ambiental.<\/p>\n<\/p><\/div>\n<div>\u00a0<\/div>\n<div>\n<p><strong>LOCAL E ENDERE\u00c7O DO TRABALHO:<\/strong><\/p>\n<\/p><\/div>\n<div>\n<p>Minist\u00e9rio do Meio Ambiente \u2013 Centro de Informa\u00e7\u00e3o e Documenta\u00e7\u00e3o Ambiental \u2013 Cid Ambiental<\/p>\n<\/p><\/div>\n<div>\n<p>SEPN \u2013 Quadra 505, Bloco \u201cB\u201d, Lote 2 , t\u00e9rreo \u2013 Ed. Marie Prendi Cruz \u2013 Asa Norte \u2013 Cep: 70.730-542 \u2013 Bras\u00edlia-DF. &#8211; Tel:\u00a0<a href=\"tel:%2861%29%202028-2184\" target=\"_blank\" rel=\"noopener\">(61) 2028-2184<\/a>\u00a0ou 2379<\/p>\n<\/p><\/div>\n<div>\u00a0<\/div>\n<p><strong>INFORMA\u00c7\u00d5ES GERAIS<\/strong><\/p>\n<\/p><\/div>\n<p><strong>Carga Hor\u00e1ria:<\/strong><\/p>\n<div>\n<p>Disponibilidade para trabalhar\u00a0 40h semanais,\u00a0 hor\u00e1rio compreendido de 8 \u00e0s 12 e das 14 \u00e0s 18h, de segunda \u00e0s sextas-feiras.<\/p>\n<\/p><\/div>\n","protected":false},"excerpt":{"rendered":"","protected":false},"author":1,"featured_media":0,"comment_status":"open","ping_status":"open","sticky":false,"template":"","format":"standard","meta":{"site-sidebar-layout":"default","site-content-layout":"","ast-site-content-layout":"default","site-content-style":"default","site-sidebar-style":"default","ast-global-header-display":"","ast-banner-title-visibility":"","ast-main-header-display":"","ast-hfb-above-header-display":"","ast-hfb-below-header-display":"","ast-hfb-mobile-header-display":"","site-post-title":"","ast-breadcrumbs-content":"","ast-featured-img":"","footer-sml-layout":"","ast-disable-related-posts":"","theme-transparent-header-meta":"","adv-header-id-meta":"","stick-header-meta":"","header-above-stick-meta":"","header-main-stick-meta":"","header-below-stick-meta":"","astra-migrate-meta-layouts":"default","ast-page-background-enabled":"default","ast-page-background-meta":{"desktop":{"background-color":"","background-image":"","background-repeat":"repeat","background-position":"center center","background-size":"auto","background-attachment":"scroll","background-type":"","background-media":"","overlay-type":"","overlay-color":"","overlay-opacity":"","overlay-gradient":""},"tablet":{"background-color":"","background-image":"","background-repeat":"repeat","background-position":"center center","background-size":"auto","background-attachment":"scroll","background-type":"","background-media":"","overlay-type":"","overlay-color":"","overlay-opacity":"","overlay-gradient":""},"mobile":{"background-color":"","background-image":"","background-repeat":"repeat","background-position":"center center","background-size":"auto","background-attachment":"scroll","background-type":"","background-media":"","overlay-type":"","overlay-color":"","overlay-opacity":"","overlay-gradient":""}},"ast-content-background-meta":{"desktop":{"background-color":"var(--ast-global-color-5)","background-image":"","background-repeat":"repeat","background-position":"center center","background-size":"auto","background-attachment":"scroll","background-type":"","background-media":"","overlay-type":"","overlay-color":"","overlay-opacity":"","overlay-gradient":""},"tablet":{"background-color":"var(--ast-global-color-5)","background-image":"","background-repeat":"repeat","background-position":"center center","background-size":"auto","background-attachment":"scroll","background-type":"","background-media":"","overlay-type":"","overlay-color":"","overlay-opacity":"","overlay-gradient":""},"mobile":{"background-color":"var(--ast-global-color-5)","background-image":"","background-repeat":"repeat","background-position":"center center","background-size":"auto","background-attachment":"scroll","background-type":"","background-media":"","overlay-type":"","overlay-color":"","overlay-opacity":"","overlay-gradient":""}},"footnotes":""},"categories":[1],"tags":[],"class_list":["post-466","post","type-post","status-publish","format-standard","hentry","category-noticias"],"_links":{"self":[{"href":"https:\/\/crb1.org.br\/site\/wp-json\/wp\/v2\/posts\/466","targetHints":{"allow":["GET"]}}],"collection":[{"href":"https:\/\/crb1.org.br\/site\/wp-json\/wp\/v2\/posts"}],"about":[{"href":"https:\/\/crb1.org.br\/site\/wp-json\/wp\/v2\/types\/post"}],"author":[{"embeddable":true,"href":"https:\/\/crb1.org.br\/site\/wp-json\/wp\/v2\/users\/1"}],"replies":[{"embeddable":true,"href":"https:\/\/crb1.org.br\/site\/wp-json\/wp\/v2\/comments?post=466"}],"version-history":[{"count":0,"href":"https:\/\/crb1.org.br\/site\/wp-json\/wp\/v2\/posts\/466\/revisions"}],"wp:attachment":[{"href":"https:\/\/crb1.org.br\/site\/wp-json\/wp\/v2\/media?parent=466"}],"wp:term":[{"taxonomy":"category","embeddable":true,"href":"https:\/\/crb1.org.br\/site\/wp-json\/wp\/v2\/categories?post=466"},{"taxonomy":"post_tag","embeddable":true,"href":"https:\/\/crb1.org.br\/site\/wp-json\/wp\/v2\/tags?post=466"}],"curies":[{"name":"wp","href":"https:\/\/api.w.org\/{rel}","templated":true}]}}