{"id":468,"date":"2013-04-20T19:32:36","date_gmt":"2013-04-20T22:32:36","guid":{"rendered":"https:\/\/novocrb1.ultramidia.com.br\/fiscalizacao-sobre-projetos-que-captam-recursos-de-incentivo-a-cultura-pode-ser-reforcada\/"},"modified":"2013-04-20T19:32:36","modified_gmt":"2013-04-20T22:32:36","slug":"fiscalizacao-sobre-projetos-que-captam-recursos-de-incentivo-a-cultura-pode-ser-reforcada","status":"publish","type":"post","link":"https:\/\/crb1.org.br\/site\/2013\/04\/fiscalizacao-sobre-projetos-que-captam-recursos-de-incentivo-a-cultura-pode-ser-reforcada\/","title":{"rendered":"Fiscaliza\u00e7\u00e3o sobre projetos que captam recursos de incentivo \u00e0 cultura pode ser refor\u00e7ada"},"content":{"rendered":"<p>Fonte:\u00a0<a href=\"http:\/\/www12.senado.gov.br\/noticias\/materias\/2013\/01\/18\/fiscalizacao-sobre-projetos-que-captam-recursos-de-incentivo-a-cultura-pode-ser-reforcada\" target=\"_blank\" rel=\"noopener\">Portal de Not\u00edcias do Senado<\/a><\/p>\n<h4>Paulo S\u00e9rgio Vasco<\/h4>\n<div id=\"parent-fieldname-text\">\n<p>O Minist\u00e9rio da Cultura poder\u00e1 ser obrigado a publicar uma lista atualizada de projetos culturais que tenham captado recursos por meio de ren\u00fancia fiscal e ainda n\u00e3o tenham recebido avalia\u00e7\u00e3o final.\u00a0Encontra-se na pauta da Comiss\u00e3o de Meio Ambiente, Defesa do Consumidor e Fiscaliza\u00e7\u00e3o e Controle (CMA) o projeto de lei do Senado (PLS) 22\/2012, do senador Alvaro Dias (PSDB-PR), que estabelece a obrigatoriedade de publica\u00e7\u00e3o da rela\u00e7\u00e3o completa dos projetos cuja execu\u00e7\u00e3o j\u00e1 tenha sido conclu\u00edda e que n\u00e3o tenham sido objeto da avalia\u00e7\u00e3o. As informa\u00e7\u00f5es ter\u00e3o quer ser publicadas mensalmente no Di\u00e1rio Oficial da Uni\u00e3o e no s\u00edtio eletr\u00f4nico do Minist\u00e9rio da Cultura.<\/p>\n<p>  <!--more-->  <\/p>\n<p>\u00a0<\/p>\n<p>Dever\u00e3o ser especificados o nome do projeto, o respons\u00e1vel por sua execu\u00e7\u00e3o, o n\u00famero de registro do projeto no Programa Nacional de Apoio \u00e0 Cultura (Pronac), a data da conclus\u00e3o, os recursos captados e a justificativa para a n\u00e3o realiza\u00e7\u00e3o da avalia\u00e7\u00e3o final da aplica\u00e7\u00e3o dos recursos recebidos no prazo determinado. A Secretaria de Fomento e Incentivo \u00e0 Cultura, do Minist\u00e9rio da Cultura, ou quem receber a delega\u00e7\u00e3o dessas atribui\u00e7\u00f5es, acompanhar\u00e1 e avaliar\u00e1 os projetos.<\/p>\n<p>O PLS 22\/2012 determina ainda que , ap\u00f3s o t\u00e9rmino da execu\u00e7\u00e3o dos projetos,\u00a0o Minist\u00e9rio da Cultura\u00a0dever\u00e1, no prazo de seis meses, fazer uma avalia\u00e7\u00e3o final da aplica\u00e7\u00e3o correta dos recursos recebidos, podendo inabilitar seus respons\u00e1veis pelo prazo de at\u00e9 tr\u00eas anos. Da decis\u00e3o caber\u00e1 pedido de reconsidera\u00e7\u00e3o ao ministro da Cultura, a ser decidido no prazo de 60 dias.<\/p>\n<p><strong>Fiscaliza\u00e7\u00e3o<\/strong><\/p>\n<p>De autoria do senador Alvaro Dias (PSDB-PR), o PLS 22\/2012 altera dispositivos da Lei 8.313\/1991 e tem como relator o senador Aloysio Nunes Ferreira (PSDB-SP), favor\u00e1vel \u00e0 aprova\u00e7\u00e3o da mat\u00e9ria com as emendas apresentadas na Comiss\u00e3o de Educa\u00e7\u00e3o, Cultura e Esporte (CE), onde o projeto tramitou anteriormente.<\/p>\n<p>Na justificativa da proposta, o autor argumenta ser necess\u00e1rio que a fiscaliza\u00e7\u00e3o da Lei 8.313\/1991, que institui o Pronac, passe a ocupar mais espa\u00e7o no Congresso Nacional, visto que diz respeito \u00e0 ren\u00fancia fiscal para uma \u00e1rea sens\u00edvel como \u00e9 a da cultura.<\/p>\n<p>O senador cobra urg\u00eancia no aperfei\u00e7oamento da fiscaliza\u00e7\u00e3o dos recursos, embora ressalte que tramita na C\u00e2mara dos Deputados o projeto de lei 6.722\/2010, que cria o Programa Nacional de Fomento e Incentivo \u00e0 Cultura (Procultura), em substitui\u00e7\u00e3o \u00e0 Lei Rouanet.<\/p>\n<p>A prova de tal urg\u00eancia, de acordo com Alvaro Dias, seria a n\u00e3o aprecia\u00e7\u00e3o de presta\u00e7\u00f5es de contas referentes a projetos custeados com recursos p\u00fablicos. E tamb\u00e9m o fato de a estrutura administrativa n\u00e3o realizar a devida fiscaliza\u00e7\u00e3o.<\/p>\n<\/p><\/div>\n<p>Ag\u00eancia Senado<\/p>\n","protected":false},"excerpt":{"rendered":"<p>Fonte:\u00a0Portal de Not\u00edcias do Senado Paulo S\u00e9rgio Vasco O Minist\u00e9rio da Cultura poder\u00e1 ser obrigado a publicar uma lista atualizada de projetos culturais que tenham captado recursos por meio de ren\u00fancia fiscal e ainda n\u00e3o tenham recebido avalia\u00e7\u00e3o final.\u00a0Encontra-se na pauta da Comiss\u00e3o de Meio Ambiente, Defesa do Consumidor e Fiscaliza\u00e7\u00e3o e Controle (CMA) o [&hellip;]<\/p>\n","protected":false},"author":1,"featured_media":0,"comment_status":"open","ping_status":"open","sticky":false,"template":"","format":"standard","meta":{"site-sidebar-layout":"default","site-content-layout":"","ast-site-content-layout":"default","site-content-style":"default","site-sidebar-style":"default","ast-global-header-display":"","ast-banner-title-visibility":"","ast-main-header-display":"","ast-hfb-above-header-display":"","ast-hfb-below-header-display":"","ast-hfb-mobile-header-display":"","site-post-title":"","ast-breadcrumbs-content":"","ast-featured-img":"","footer-sml-layout":"","ast-disable-related-posts":"","theme-transparent-header-meta":"","adv-header-id-meta":"","stick-header-meta":"","header-above-stick-meta":"","header-main-stick-meta":"","header-below-stick-meta":"","astra-migrate-meta-layouts":"default","ast-page-background-enabled":"default","ast-page-background-meta":{"desktop":{"background-color":"","background-image":"","background-repeat":"repeat","background-position":"center center","background-size":"auto","background-attachment":"scroll","background-type":"","background-media":"","overlay-type":"","overlay-color":"","overlay-opacity":"","overlay-gradient":""},"tablet":{"background-color":"","background-image":"","background-repeat":"repeat","background-position":"center center","background-size":"auto","background-attachment":"scroll","background-type":"","background-media":"","overlay-type":"","overlay-color":"","overlay-opacity":"","overlay-gradient":""},"mobile":{"background-color":"","background-image":"","background-repeat":"repeat","background-position":"center center","background-size":"auto","background-attachment":"scroll","background-type":"","background-media":"","overlay-type":"","overlay-color":"","overlay-opacity":"","overlay-gradient":""}},"ast-content-background-meta":{"desktop":{"background-color":"var(--ast-global-color-5)","background-image":"","background-repeat":"repeat","background-position":"center center","background-size":"auto","background-attachment":"scroll","background-type":"","background-media":"","overlay-type":"","overlay-color":"","overlay-opacity":"","overlay-gradient":""},"tablet":{"background-color":"var(--ast-global-color-5)","background-image":"","background-repeat":"repeat","background-position":"center center","background-size":"auto","background-attachment":"scroll","background-type":"","background-media":"","overlay-type":"","overlay-color":"","overlay-opacity":"","overlay-gradient":""},"mobile":{"background-color":"var(--ast-global-color-5)","background-image":"","background-repeat":"repeat","background-position":"center center","background-size":"auto","background-attachment":"scroll","background-type":"","background-media":"","overlay-type":"","overlay-color":"","overlay-opacity":"","overlay-gradient":""}},"footnotes":""},"categories":[1],"tags":[],"class_list":["post-468","post","type-post","status-publish","format-standard","hentry","category-noticias"],"_links":{"self":[{"href":"https:\/\/crb1.org.br\/site\/wp-json\/wp\/v2\/posts\/468","targetHints":{"allow":["GET"]}}],"collection":[{"href":"https:\/\/crb1.org.br\/site\/wp-json\/wp\/v2\/posts"}],"about":[{"href":"https:\/\/crb1.org.br\/site\/wp-json\/wp\/v2\/types\/post"}],"author":[{"embeddable":true,"href":"https:\/\/crb1.org.br\/site\/wp-json\/wp\/v2\/users\/1"}],"replies":[{"embeddable":true,"href":"https:\/\/crb1.org.br\/site\/wp-json\/wp\/v2\/comments?post=468"}],"version-history":[{"count":0,"href":"https:\/\/crb1.org.br\/site\/wp-json\/wp\/v2\/posts\/468\/revisions"}],"wp:attachment":[{"href":"https:\/\/crb1.org.br\/site\/wp-json\/wp\/v2\/media?parent=468"}],"wp:term":[{"taxonomy":"category","embeddable":true,"href":"https:\/\/crb1.org.br\/site\/wp-json\/wp\/v2\/categories?post=468"},{"taxonomy":"post_tag","embeddable":true,"href":"https:\/\/crb1.org.br\/site\/wp-json\/wp\/v2\/tags?post=468"}],"curies":[{"name":"wp","href":"https:\/\/api.w.org\/{rel}","templated":true}]}}