{"id":470,"date":"2013-04-20T19:36:43","date_gmt":"2013-04-20T22:36:43","guid":{"rendered":"https:\/\/novocrb1.ultramidia.com.br\/investigacao-social-em-concurso-publico-pode-ir-alem-dos-antecedentes-criminais\/"},"modified":"2013-04-20T19:36:43","modified_gmt":"2013-04-20T22:36:43","slug":"investigacao-social-em-concurso-publico-pode-ir-alem-dos-antecedentes-criminais","status":"publish","type":"post","link":"https:\/\/crb1.org.br\/site\/2013\/04\/investigacao-social-em-concurso-publico-pode-ir-alem-dos-antecedentes-criminais\/","title":{"rendered":"Investiga\u00e7\u00e3o social em concurso p\u00fablico pode ir al\u00e9m dos antecedentes criminais"},"content":{"rendered":"<p><img fetchpriority=\"high\" decoding=\"async\" src=\"https:\/\/lh6.googleusercontent.com\/-CPBl1Miro1k\/UWw68mkXV5I\/AAAAAAAABu0\/N5WUkNWnaIY\/s320\/charge-irregularidade.jpg\" width=\"276\" height=\"221\" style=\"margin: 3px 5px; float: left;\" \/>A investiga\u00e7\u00e3o social exigida em edital de concurso p\u00fablico n\u00e3o se resume a verificar se o candidato cometeu infra\u00e7\u00f5es penais. Serve tamb\u00e9m para analisar a conduta moral e social ao longo da vida. Com esse fundamento, a Sexta Turma do Superior Tribunal de Justi\u00e7a (STJ) negou o recurso de candidato em concurso da Pol\u00edcia Militar (PM) da Rond\u00f4nia, que pretendia garantir sua participa\u00e7\u00e3o no curso de forma\u00e7\u00e3o.<\/p>\n<p>  <!--more-->  <\/p>\n<p>\u00a0<\/p>\n<p>O candidato entrou com recurso contra decis\u00e3o do Tribunal de Justi\u00e7a de Rond\u00f4nia (TJRO), que considerou a elimina\u00e7\u00e3o cab\u00edvel diante de certos comportamentos dele. Ele admitiu no formul\u00e1rio de ingresso no curso, preenchido de pr\u00f3prio punho, que j\u00e1 havia usado entorpecentes (maconha). Tamb\u00e9m se envolveu em briga e pagou vinte horas de trabalho comunit\u00e1rio.<\/p>\n<p>H\u00e1 informa\u00e7\u00f5es no processo de que o concursando teria ainda um mau relacionamento com seus vizinhos e estaria constantemente em companhia de pessoas de m\u00e1 \u00edndole. Por fim, ele afirmou ter trabalhado em empresa p\u00fablica do munic\u00edpio de Ariquemes, entretanto, h\u00e1 declara\u00e7\u00e3o de que ele nunca trabalhou na empresa. O TJRO destacou que o edital tem um item que determina a elimina\u00e7\u00e3o de candidato que presta informa\u00e7\u00f5es falsas.<\/p>\n<p>No recurso ao STJ, a defesa do candidato alegou que haveria direito l\u00edquido e certo para participa\u00e7\u00e3o no curso de forma\u00e7\u00e3o. Informou que foi apresentada certid\u00e3o negativa de antecedentes criminais e que n\u00e3o havia registros de fatos criminosos que justificassem a elimina\u00e7\u00e3o. Sustentou ocorrer persegui\u00e7\u00e3o pol\u00edtica, j\u00e1 que o pai do candidato \u00e9 jornalista que critica constantemente o governador de Rond\u00f4nia.<\/p>\n<p><strong>Jurisprud\u00eancia<\/strong><\/p>\n<p>A Sexta Turma apontou que a jurisprud\u00eancia do STJ considera que a investiga\u00e7\u00e3o social sobre candidato poder ir al\u00e9m da mera verifica\u00e7\u00e3o de antecedentes criminais, incluindo tamb\u00e9m sua conduta moral e social no decorrer da vida. Para os ministros, as caracter\u00edsticas da carreira policial \u201cexigem a retid\u00e3o, lisura e probidade do agente p\u00fablico\u201d. Eles avaliaram que os comportamentos do candidato s\u00e3o incompat\u00edveis com o que se espera de um policial militar, que tem a fun\u00e7\u00e3o de preservar a ordem p\u00fablica e manter a paz social.<\/p>\n<p>A suposta conota\u00e7\u00e3o pol\u00edtica da elimina\u00e7\u00e3o n\u00e3o seria suficiente para caracterizar o direito l\u00edquido e certo. Para os ministros, mesmo que houvesse conflito entre o governador do estado e o pai do candidato, n\u00e3o h\u00e1 prova cabal de que o motivo da exclus\u00e3o do curso seria exclusivamente pol\u00edtico.<\/p>\n<p>Al\u00e9m disso, a administra\u00e7\u00e3o p\u00fablica n\u00e3o teria discricionariedade para manter no curso de forma\u00e7\u00e3o candidato que n\u00e3o possui conduta moral e social compat\u00edvel com o decoro exigido para o cargo de policial. O desligamento \u00e9 ato vinculado, decorrente da aplica\u00e7\u00e3o da lei.<\/p>\n<p>A Turma tamb\u00e9m ponderou que os fatos atribu\u00eddos ao candidato n\u00e3o foram contestados, n\u00e3o ficando demonstrada a ilegalidade de sua elimina\u00e7\u00e3o. Por essas raz\u00f5es, o recurso foi negado por unanimidade de votos.<\/p>\n","protected":false},"excerpt":{"rendered":"<p>A investiga\u00e7\u00e3o social exigida em edital de concurso p\u00fablico n\u00e3o se resume a verificar se o candidato cometeu infra\u00e7\u00f5es penais. Serve tamb\u00e9m para analisar a conduta moral e social ao longo da vida. Com esse fundamento, a Sexta Turma do Superior Tribunal de Justi\u00e7a (STJ) negou o recurso de candidato em concurso da Pol\u00edcia Militar [&hellip;]<\/p>\n","protected":false},"author":1,"featured_media":0,"comment_status":"open","ping_status":"open","sticky":false,"template":"","format":"standard","meta":{"site-sidebar-layout":"default","site-content-layout":"","ast-site-content-layout":"default","site-content-style":"default","site-sidebar-style":"default","ast-global-header-display":"","ast-banner-title-visibility":"","ast-main-header-display":"","ast-hfb-above-header-display":"","ast-hfb-below-header-display":"","ast-hfb-mobile-header-display":"","site-post-title":"","ast-breadcrumbs-content":"","ast-featured-img":"","footer-sml-layout":"","ast-disable-related-posts":"","theme-transparent-header-meta":"","adv-header-id-meta":"","stick-header-meta":"","header-above-stick-meta":"","header-main-stick-meta":"","header-below-stick-meta":"","astra-migrate-meta-layouts":"default","ast-page-background-enabled":"default","ast-page-background-meta":{"desktop":{"background-color":"","background-image":"","background-repeat":"repeat","background-position":"center center","background-size":"auto","background-attachment":"scroll","background-type":"","background-media":"","overlay-type":"","overlay-color":"","overlay-opacity":"","overlay-gradient":""},"tablet":{"background-color":"","background-image":"","background-repeat":"repeat","background-position":"center center","background-size":"auto","background-attachment":"scroll","background-type":"","background-media":"","overlay-type":"","overlay-color":"","overlay-opacity":"","overlay-gradient":""},"mobile":{"background-color":"","background-image":"","background-repeat":"repeat","background-position":"center center","background-size":"auto","background-attachment":"scroll","background-type":"","background-media":"","overlay-type":"","overlay-color":"","overlay-opacity":"","overlay-gradient":""}},"ast-content-background-meta":{"desktop":{"background-color":"var(--ast-global-color-5)","background-image":"","background-repeat":"repeat","background-position":"center center","background-size":"auto","background-attachment":"scroll","background-type":"","background-media":"","overlay-type":"","overlay-color":"","overlay-opacity":"","overlay-gradient":""},"tablet":{"background-color":"var(--ast-global-color-5)","background-image":"","background-repeat":"repeat","background-position":"center center","background-size":"auto","background-attachment":"scroll","background-type":"","background-media":"","overlay-type":"","overlay-color":"","overlay-opacity":"","overlay-gradient":""},"mobile":{"background-color":"var(--ast-global-color-5)","background-image":"","background-repeat":"repeat","background-position":"center center","background-size":"auto","background-attachment":"scroll","background-type":"","background-media":"","overlay-type":"","overlay-color":"","overlay-opacity":"","overlay-gradient":""}},"footnotes":""},"categories":[1],"tags":[],"class_list":["post-470","post","type-post","status-publish","format-standard","hentry","category-noticias"],"_links":{"self":[{"href":"https:\/\/crb1.org.br\/site\/wp-json\/wp\/v2\/posts\/470","targetHints":{"allow":["GET"]}}],"collection":[{"href":"https:\/\/crb1.org.br\/site\/wp-json\/wp\/v2\/posts"}],"about":[{"href":"https:\/\/crb1.org.br\/site\/wp-json\/wp\/v2\/types\/post"}],"author":[{"embeddable":true,"href":"https:\/\/crb1.org.br\/site\/wp-json\/wp\/v2\/users\/1"}],"replies":[{"embeddable":true,"href":"https:\/\/crb1.org.br\/site\/wp-json\/wp\/v2\/comments?post=470"}],"version-history":[{"count":0,"href":"https:\/\/crb1.org.br\/site\/wp-json\/wp\/v2\/posts\/470\/revisions"}],"wp:attachment":[{"href":"https:\/\/crb1.org.br\/site\/wp-json\/wp\/v2\/media?parent=470"}],"wp:term":[{"taxonomy":"category","embeddable":true,"href":"https:\/\/crb1.org.br\/site\/wp-json\/wp\/v2\/categories?post=470"},{"taxonomy":"post_tag","embeddable":true,"href":"https:\/\/crb1.org.br\/site\/wp-json\/wp\/v2\/tags?post=470"}],"curies":[{"name":"wp","href":"https:\/\/api.w.org\/{rel}","templated":true}]}}