{"id":472,"date":"2013-04-20T19:42:06","date_gmt":"2013-04-20T22:42:06","guid":{"rendered":"https:\/\/novocrb1.ultramidia.com.br\/chamada-para-o-abaixo-assinado-pelo-piso-salarial-do-bibliotecario-empregado-da-iniciativa-privada\/"},"modified":"2013-04-20T19:42:06","modified_gmt":"2013-04-20T22:42:06","slug":"chamada-para-o-abaixo-assinado-pelo-piso-salarial-do-bibliotecario-empregado-da-iniciativa-privada","status":"publish","type":"post","link":"https:\/\/crb1.org.br\/site\/2013\/04\/chamada-para-o-abaixo-assinado-pelo-piso-salarial-do-bibliotecario-empregado-da-iniciativa-privada\/","title":{"rendered":"Chamada para o abaixo-assinado pelo piso salarial do Bibliotec\u00e1rio, empregado da iniciativa privada"},"content":{"rendered":"<p><img fetchpriority=\"high\" decoding=\"async\" src=\"https:\/\/lh5.googleusercontent.com\/-GAzNn_g6eXw\/UXEl_KqHvmI\/AAAAAAAAB7w\/heLaThakFgY\/s912\/Abaixo%2520Assinado-01.jpg\" width=\"600\" height=\"200\" style=\"vertical-align: top;\" \/><\/p>\n<p>  <!--more-->  <\/p>\n<p>\u00a0<\/p>\n<p>Amigos Bibliotec\u00e1rios, est\u00e1 chegando o momento para a entrega das assinaturas, ao Governador Agnelo Queiroz, do abaixo-assinado pelo piso salarial do Bibliotec\u00e1rio da iniciativa privada. Por\u00e9m, mesmo com as assinaturas colhidas at\u00e9 o momento pelo CRB-1, ainda n\u00e3o conseguimos contar com a participa\u00e7\u00e3o efetiva da classe. Voltamos a afirmar que a uni\u00e3o dos Bibliotec\u00e1rios se faz essencialmente necess\u00e1ria neste momento, pois tanto a participa\u00e7\u00e3o no debate sobre aos valores propostos quanto a iniciativa de assinar o abaixo-assinado far\u00e3o a diferen\u00e7a pela aprova\u00e7\u00e3o da Proposta de Lei. Voc\u00ea, Bibliotec\u00e1rio, \u00e9 a pe\u00e7a fundamental na constru\u00e7\u00e3o de uma categoria s\u00f3lida, valorizada e remunerada de acordo com merecido reconhecimento. Seja consciente e deixe sua assinatura! Precisamos da sua ajuda para fortalecer ainda mais a nossa classe!<\/p>\n<p>Para votar, acesse:<\/p>\n<p><strong><span><a href=\"http:\/\/www.peticaopublica.com.br\/PeticaoAssinar.aspx?pi=P2012N31163\" target=\"_blank\" rel=\"noopener\"><span>Abaixo-assinado para a aprova\u00e7\u00e3o do Projeto de Lei que institui o piso salarial do profissional Bibliotec\u00e1rio, empregado em empresa privada, no Distrito Federal.<\/span><\/a><\/span><\/strong><\/p>\n","protected":false},"excerpt":{"rendered":"","protected":false},"author":1,"featured_media":0,"comment_status":"open","ping_status":"open","sticky":false,"template":"","format":"standard","meta":{"site-sidebar-layout":"default","site-content-layout":"","ast-site-content-layout":"default","site-content-style":"default","site-sidebar-style":"default","ast-global-header-display":"","ast-banner-title-visibility":"","ast-main-header-display":"","ast-hfb-above-header-display":"","ast-hfb-below-header-display":"","ast-hfb-mobile-header-display":"","site-post-title":"","ast-breadcrumbs-content":"","ast-featured-img":"","footer-sml-layout":"","ast-disable-related-posts":"","theme-transparent-header-meta":"","adv-header-id-meta":"","stick-header-meta":"","header-above-stick-meta":"","header-main-stick-meta":"","header-below-stick-meta":"","astra-migrate-meta-layouts":"default","ast-page-background-enabled":"default","ast-page-background-meta":{"desktop":{"background-color":"","background-image":"","background-repeat":"repeat","background-position":"center center","background-size":"auto","background-attachment":"scroll","background-type":"","background-media":"","overlay-type":"","overlay-color":"","overlay-opacity":"","overlay-gradient":""},"tablet":{"background-color":"","background-image":"","background-repeat":"repeat","background-position":"center center","background-size":"auto","background-attachment":"scroll","background-type":"","background-media":"","overlay-type":"","overlay-color":"","overlay-opacity":"","overlay-gradient":""},"mobile":{"background-color":"","background-image":"","background-repeat":"repeat","background-position":"center center","background-size":"auto","background-attachment":"scroll","background-type":"","background-media":"","overlay-type":"","overlay-color":"","overlay-opacity":"","overlay-gradient":""}},"ast-content-background-meta":{"desktop":{"background-color":"var(--ast-global-color-5)","background-image":"","background-repeat":"repeat","background-position":"center center","background-size":"auto","background-attachment":"scroll","background-type":"","background-media":"","overlay-type":"","overlay-color":"","overlay-opacity":"","overlay-gradient":""},"tablet":{"background-color":"var(--ast-global-color-5)","background-image":"","background-repeat":"repeat","background-position":"center center","background-size":"auto","background-attachment":"scroll","background-type":"","background-media":"","overlay-type":"","overlay-color":"","overlay-opacity":"","overlay-gradient":""},"mobile":{"background-color":"var(--ast-global-color-5)","background-image":"","background-repeat":"repeat","background-position":"center center","background-size":"auto","background-attachment":"scroll","background-type":"","background-media":"","overlay-type":"","overlay-color":"","overlay-opacity":"","overlay-gradient":""}},"footnotes":""},"categories":[1],"tags":[],"class_list":["post-472","post","type-post","status-publish","format-standard","hentry","category-noticias"],"_links":{"self":[{"href":"https:\/\/crb1.org.br\/site\/wp-json\/wp\/v2\/posts\/472","targetHints":{"allow":["GET"]}}],"collection":[{"href":"https:\/\/crb1.org.br\/site\/wp-json\/wp\/v2\/posts"}],"about":[{"href":"https:\/\/crb1.org.br\/site\/wp-json\/wp\/v2\/types\/post"}],"author":[{"embeddable":true,"href":"https:\/\/crb1.org.br\/site\/wp-json\/wp\/v2\/users\/1"}],"replies":[{"embeddable":true,"href":"https:\/\/crb1.org.br\/site\/wp-json\/wp\/v2\/comments?post=472"}],"version-history":[{"count":0,"href":"https:\/\/crb1.org.br\/site\/wp-json\/wp\/v2\/posts\/472\/revisions"}],"wp:attachment":[{"href":"https:\/\/crb1.org.br\/site\/wp-json\/wp\/v2\/media?parent=472"}],"wp:term":[{"taxonomy":"category","embeddable":true,"href":"https:\/\/crb1.org.br\/site\/wp-json\/wp\/v2\/categories?post=472"},{"taxonomy":"post_tag","embeddable":true,"href":"https:\/\/crb1.org.br\/site\/wp-json\/wp\/v2\/tags?post=472"}],"curies":[{"name":"wp","href":"https:\/\/api.w.org\/{rel}","templated":true}]}}