{"id":473,"date":"2013-04-20T19:59:04","date_gmt":"2013-04-20T22:59:04","guid":{"rendered":"https:\/\/novocrb1.ultramidia.com.br\/crb-1-fara-proxima-reuniao-plenaria-em-goiania\/"},"modified":"2013-04-20T19:59:04","modified_gmt":"2013-04-20T22:59:04","slug":"crb-1-fara-proxima-reuniao-plenaria-em-goiania","status":"publish","type":"post","link":"https:\/\/crb1.org.br\/site\/2013\/04\/crb-1-fara-proxima-reuniao-plenaria-em-goiania\/","title":{"rendered":"CRB-1 far\u00e1 pr\u00f3xima reuni\u00e3o plen\u00e1ria em Goi\u00e2nia"},"content":{"rendered":"<p><img fetchpriority=\"high\" decoding=\"async\" src=\"https:\/\/lh4.googleusercontent.com\/-xsB-e5iWz2Q\/UXEm4FrqsQI\/AAAAAAAACBQ\/AXt-PU_Vxp0\/s801\/plen%25C3%25A1ria.jpg\" width=\"600\" height=\"225\" style=\"vertical-align: top;\" \/><\/p>\n<p>  <!--more-->  <\/p>\n<p>\u00a0<\/p>\n<p>O Conselho Regional de Biblioteconomia 1\u00aa Regi\u00e3o, dando continuidade ao seu trabalho de maior aproxima\u00e7\u00e3o com as regi\u00f5es que compreende, realizar\u00e1 sua pr\u00f3xima reuni\u00e3o Plen\u00e1ria em Goi\u00e2nia, no audit\u00f3rio do Col\u00e9gio Prevest. Durante o evento, o CRB-1 apresentar\u00e1 o PROQUALI &#8211; Sistema de Gest\u00e3o de Qualidade, que \u00e9 um projeto desenvolvido para a certifica\u00e7\u00e3o das bibliotecas que atenderem aos requisitos do programa. Assim, o Bibliotec\u00e1rio respons\u00e1vel solicita ao CRB-1 a presen\u00e7a de um auditor que verifique a exist\u00eancia das condi\u00e7\u00f5es adequadas para a emiss\u00e3o do certificado, que a partir de ent\u00e3o, dever\u00e1 ser renovado a cada dois anos. Haver\u00e1 ainda uma assembl\u00e9ia realizada pela ABG para debater junto ao Conselho alguns t\u00f3picos relativos aos profissionais que atuam em Goi\u00e1s e sobre as a\u00e7\u00f5es realizadas pela ABG no estado.<\/p>\n<p>___________________________________________________________________________________<\/p>\n<p><span><strong>Servi\u00e7o:<\/strong><\/span><\/p>\n<p><span><em>Reuni\u00e3o Plen\u00e1ria do Conselho Regional de Biblioteconomia 1\u00aa Regi\u00e3o<\/em><\/span><\/p>\n<p><span><em>Dia: 15 de fevereiro de 2013<\/em><\/span><\/p>\n<p><span><em>Hor\u00e1rio: 19 horas<\/em><\/span><\/p>\n<p><span><em>Endere\u00e7o: S3 esquina com a T13, Setor Bela Vista, em Goi\u00e2nia \u2013 GO.<\/em><\/span><\/p>\n<p><span><em>Local: Audit\u00f3rio do Col\u00e9gio Prevest.<\/em><\/span><\/p>\n","protected":false},"excerpt":{"rendered":"","protected":false},"author":1,"featured_media":0,"comment_status":"open","ping_status":"open","sticky":false,"template":"","format":"standard","meta":{"site-sidebar-layout":"default","site-content-layout":"","ast-site-content-layout":"default","site-content-style":"default","site-sidebar-style":"default","ast-global-header-display":"","ast-banner-title-visibility":"","ast-main-header-display":"","ast-hfb-above-header-display":"","ast-hfb-below-header-display":"","ast-hfb-mobile-header-display":"","site-post-title":"","ast-breadcrumbs-content":"","ast-featured-img":"","footer-sml-layout":"","ast-disable-related-posts":"","theme-transparent-header-meta":"","adv-header-id-meta":"","stick-header-meta":"","header-above-stick-meta":"","header-main-stick-meta":"","header-below-stick-meta":"","astra-migrate-meta-layouts":"default","ast-page-background-enabled":"default","ast-page-background-meta":{"desktop":{"background-color":"","background-image":"","background-repeat":"repeat","background-position":"center center","background-size":"auto","background-attachment":"scroll","background-type":"","background-media":"","overlay-type":"","overlay-color":"","overlay-opacity":"","overlay-gradient":""},"tablet":{"background-color":"","background-image":"","background-repeat":"repeat","background-position":"center center","background-size":"auto","background-attachment":"scroll","background-type":"","background-media":"","overlay-type":"","overlay-color":"","overlay-opacity":"","overlay-gradient":""},"mobile":{"background-color":"","background-image":"","background-repeat":"repeat","background-position":"center center","background-size":"auto","background-attachment":"scroll","background-type":"","background-media":"","overlay-type":"","overlay-color":"","overlay-opacity":"","overlay-gradient":""}},"ast-content-background-meta":{"desktop":{"background-color":"var(--ast-global-color-5)","background-image":"","background-repeat":"repeat","background-position":"center center","background-size":"auto","background-attachment":"scroll","background-type":"","background-media":"","overlay-type":"","overlay-color":"","overlay-opacity":"","overlay-gradient":""},"tablet":{"background-color":"var(--ast-global-color-5)","background-image":"","background-repeat":"repeat","background-position":"center center","background-size":"auto","background-attachment":"scroll","background-type":"","background-media":"","overlay-type":"","overlay-color":"","overlay-opacity":"","overlay-gradient":""},"mobile":{"background-color":"var(--ast-global-color-5)","background-image":"","background-repeat":"repeat","background-position":"center center","background-size":"auto","background-attachment":"scroll","background-type":"","background-media":"","overlay-type":"","overlay-color":"","overlay-opacity":"","overlay-gradient":""}},"footnotes":""},"categories":[1],"tags":[],"class_list":["post-473","post","type-post","status-publish","format-standard","hentry","category-noticias"],"_links":{"self":[{"href":"https:\/\/crb1.org.br\/site\/wp-json\/wp\/v2\/posts\/473","targetHints":{"allow":["GET"]}}],"collection":[{"href":"https:\/\/crb1.org.br\/site\/wp-json\/wp\/v2\/posts"}],"about":[{"href":"https:\/\/crb1.org.br\/site\/wp-json\/wp\/v2\/types\/post"}],"author":[{"embeddable":true,"href":"https:\/\/crb1.org.br\/site\/wp-json\/wp\/v2\/users\/1"}],"replies":[{"embeddable":true,"href":"https:\/\/crb1.org.br\/site\/wp-json\/wp\/v2\/comments?post=473"}],"version-history":[{"count":0,"href":"https:\/\/crb1.org.br\/site\/wp-json\/wp\/v2\/posts\/473\/revisions"}],"wp:attachment":[{"href":"https:\/\/crb1.org.br\/site\/wp-json\/wp\/v2\/media?parent=473"}],"wp:term":[{"taxonomy":"category","embeddable":true,"href":"https:\/\/crb1.org.br\/site\/wp-json\/wp\/v2\/categories?post=473"},{"taxonomy":"post_tag","embeddable":true,"href":"https:\/\/crb1.org.br\/site\/wp-json\/wp\/v2\/tags?post=473"}],"curies":[{"name":"wp","href":"https:\/\/api.w.org\/{rel}","templated":true}]}}