{"id":474,"date":"2013-04-20T20:02:00","date_gmt":"2013-04-20T23:02:00","guid":{"rendered":"https:\/\/novocrb1.ultramidia.com.br\/artigo-bibliotecas-escolares-vao-funcionar\/"},"modified":"2013-04-20T20:02:00","modified_gmt":"2013-04-20T23:02:00","slug":"artigo-bibliotecas-escolares-vao-funcionar","status":"publish","type":"post","link":"https:\/\/crb1.org.br\/site\/2013\/04\/artigo-bibliotecas-escolares-vao-funcionar\/","title":{"rendered":"Artigo &#8211; Bibliotecas escolares v\u00e3o funcionar?"},"content":{"rendered":"<p><span>Fonte: PublishNews (Por Felipe Lindoso)<\/span><\/p>\n<p><img fetchpriority=\"high\" decoding=\"async\" src=\"https:\/\/lh3.googleusercontent.com\/-kw4Ut21Wpmc\/UXL0A27FClI\/AAAAAAAACCI\/uyRrFnNvUok\/s512\/Felipe-Lindoso-divulga%25C3%25A7%25C3%25A3o.jpg\" width=\"276\" height=\"414\" style=\"margin: 3px 5px; float: left;\" \/>As bibliotecas s\u00e3o um componente essencial no processo educativo, concordam todos educadores. No entanto, s\u00e3o pouqu\u00edssimas as escolas que possuem esse equipamento essencial em suas instala\u00e7\u00f5es. De fato, levantamentos recentes indicam que 72,5% das escolas &#8211; p\u00fablicas e privadas &#8211; n\u00e3o t\u00eam bibliotecas.<\/p>\n<p>A hist\u00f3ria das bibliotecas nas escolas tem v\u00e1rias etapas em nosso pa\u00eds. No modelo defendido e inaugurado por An\u00edsio Teixeira, j\u00e1 se v\u00e3o uns setenta anos, as bibliotecas faziam necessariamente parte das instala\u00e7\u00f5es da &#8220;Escola Nova&#8221;.<\/p>\n<p>At\u00e9 o in\u00edcio dos anos 1960, a exist\u00eancia de bibliotecas nas escolas era muito comum. De fato, nas capitais e cidades importantes, o sistema era bem estendido. Mas inexistia nas escolas isoladas, nas cidades do interior e nas zonas rurais. Esse per\u00edodo, que muitos exaltam como aquele onde havia uma &#8220;escola p\u00fablica de qualidade&#8221;, na verdade era excludente. O sistema tinha suas virtudes (eu, que em toda minha vida, s\u00f3 estudei em escolas p\u00fablicas, fui um benefici\u00e1rio disso), mas \u00e0s custas de excluir a maioria da popula\u00e7\u00e3o em idade escolar.<\/p>\n<p>  <!--more-->  <\/p>\n<p>\u00a0<\/p>\n<p>A enorme expans\u00e3o do sistema educacional, a partir da d\u00e9cada de sessenta, deu-se com v\u00e1rios subprodutos e sequelas. O crescimento da rede privada, que supostamente oferecia ensino de melhor qualidade para as camadas superiores, foi acompanhado pela expans\u00e3o da rede p\u00fablica. Esta, embora se tornasse cada vez mais includente, absorvendo os filhos das camadas prolet\u00e1rias e populares, foi &#8220;perdendo qualidade&#8221;. Outro subproduto dessa expans\u00e3o foi o desenvolvimento da ind\u00fastria editorial, cuja liga\u00e7\u00e3o com o ensino existe no mundo inteiro e se fez evidente, no Brasil, principalmente a partir da d\u00e9cada de vinte. No livro\u00a0<em>O Brasil Pode Ser um Pa\u00eds de Leitores?<\/em>, procurei mostrar a \u00edntima associa\u00e7\u00e3o entre a amplia\u00e7\u00e3o do ensino e o crescimento das editoras.<\/p>\n<p>Paralelo a esse fen\u00f4meno da expans\u00e3o da rede p\u00fablica, outro fator somou-se \u00e0 deteriora\u00e7\u00e3o da qualidade do sistema: a forma\u00e7\u00e3o de professores. N\u00e3o cabe aqui tratar do assunto, mas h\u00e1 uma constata\u00e7\u00e3o dos pesquisadores da quest\u00e3o educacional de que a forma\u00e7\u00e3o prec\u00e1ria, com professores que n\u00e3o s\u00e3o leitores, \u00e9 contraproducente para a forma\u00e7\u00e3o de alunos que leem n\u00e3o apenas funcionalmente, como tamb\u00e9m habitualmente.<\/p>\n<p>O problema da forma\u00e7\u00e3o de professores se reflete de outro modo. A aus\u00eancia de pessoal especializado (bibliotec\u00e1rias ou agentes de leitura bem preparados &#8211; e voltarei ao assunto mais adiante) manda para as bibliotecas ou salas de leitura existentes\u00a0professores com os mais variados problemas f\u00edsicos &#8211; ou psicol\u00f3gicos &#8211; da alergia ao giz \u00e0 depress\u00e3o ou outros que impedem seu aproveitamento em sala de aula. Bibliotecas e salas de leitura, dessa maneira, al\u00e9m de locais de castigo para alunos indisciplinados, deixa-os \u00e0 merc\u00ea de profissionais completamente despreparados para ali trabalhar. O resultado, \u00f3bvio, \u00e9 que a biblioteca e a sala de leitura se tornam locais onde se cultiva o \u00f3dio ou o desprezo \u00e0 leitura.<\/p>\n<p>Apesar dos pesares, \u00e9 preciso dizer que o MEC n\u00e3o deixou de lado o problema das bibliotecas nas escolas.<\/p>\n<p>Ainda nos anos setenta, tentou implantar um programa de bibliotecas nas escolas, com repasse de verbas e acervos. O programa foi abortado pelo Conselho Federal de Biblioteconomia. Amparado na Lei 4.084, de 30\/6\/62, o CFB exigiu a contrata\u00e7\u00e3o de bibliotec\u00e1rios para o programa. Isso inviabilizou imediatamente sua execu\u00e7\u00e3o. N\u00e3o me lembro quantas escolas p\u00fablicas existiam na \u00e9poca, mas certamente ultrapassavam a centena de milhar de unidades. Nem que todas as faculdades de biblioteconomia do pa\u00eds se dedicassem exclusivamente \u00e0 forma\u00e7\u00e3o de bibliotec\u00e1rios para o programa haveria oferta suficiente de profissionais. Sem mencionar que a maioria absoluta das faculdades de biblioteconomia nem mesmo tem a cadeira de biblioteca p\u00fablica (ou escolar), nos respectivos curr\u00edculos. O corporativismo bloqueou a a\u00e7\u00e3o.<\/p>\n<p>O MEC resolveu reformular o projeto, passando a denomin\u00e1-lo de Programa de Salas de Leitura, sob responsabilidade da FAE &#8211; Funda\u00e7\u00e3o de Assist\u00eancia ao Estudante, antecessora, nessa \u00e1rea, das fun\u00e7\u00f5es hoje exercidas pelo FNDE.<\/p>\n<p>Os objetivos do programa eram os melhores poss\u00edveis:<\/p>\n<p><em>Organizar um acervo atualizado e variado de livros aos alunos de 1\u00ba grau que desenvolvam a postura anal\u00edtica e o senso cr\u00edtico pelo oferecimento de diversas alternativas de interpreta\u00e7\u00e3o do real, aumentando suas perspectivas de forma\u00e7\u00e3o e crescimento cultural; atendam \u00e0s necessidades de ludismo; propiciem desenvolvimento intelectual, afetivo e emocional.\u00a0<\/em><\/p>\n<p><em>Dotar as escolas de 2\u00b0 grau de peri\u00f3dicos (revistas e jornais), assim como de outras obras de consulta, tais como dicion\u00e1rios e gram\u00e1ticas. Criar um espa\u00e7o de livre frequ\u00eancia pelo aluno, possibilitando a manipula\u00e7\u00e3o do livro sem intermedi\u00e1rios.<\/em><\/p>\n<p><em>Criar um ambiente f\u00edsico e psicol\u00f3gico que faculte a descontra\u00e7\u00e3o muscular importante \u00e0 frui\u00e7\u00e3o do texto e prazer da leitura. Proporcionar ao professor a oportunidade de se manter informado sobre a produ\u00e7\u00e3o editorial e atualizar-se do ponto de vista cultural e cognitivo sobre o livro infanto-juvenil.<\/em><\/p>\n<p>O programa acabou naufragando no mar da burocracia. Sua execu\u00e7\u00e3o era necessariamente transferida para Estados e munic\u00edpios. Ali, sem meios de controle ou supervis\u00e3o, aconteceram experi\u00eancias fant\u00e1sticas de funcionamento de Salas de Leitura, com professores motivados que a transformavam em uma verdadeira biblioteca escolar. Mas, inversamente &#8211; e na maioria dos casos &#8211; a Sala de Leitura virou o dep\u00f3sito dos livros enviados e, quando muito, tinha a presen\u00e7a dos j\u00e1 citados professores al\u00e9rgicos ou com problemas psicol\u00f3gicos.<\/p>\n<p>Sempre fui um defensor da institucionaliza\u00e7\u00e3o de sistemas de contrapartidas envolvendo os entes federativos: Uni\u00e3o, estados e munic\u00edpios, com obriga\u00e7\u00f5es complementares pactuadas, e onde a Uni\u00e3o n\u00e3o atue apenas como provedora de recursos. O SUS \u00e9 o exemplo de como isso pode funcionar e ser objeto de aperfei\u00e7oamento e avalia\u00e7\u00e3o constante. Os estados e munic\u00edpios podem n\u00e3o participar do sistema, como o munic\u00edpio de S. Paulo o fez na gest\u00e3o Maluf\/Pitta. Mas, ent\u00e3o, n\u00e3o recebem outros recursos sen\u00e3o os dos repasses constitucionais.<\/p>\n<p>Na educa\u00e7\u00e3o, o Fundeb caminha nesse sentido. A distribui\u00e7\u00e3o dos recursos \u00e9 feita levando em considera\u00e7\u00e3o v\u00e1rios \u00edndices sociais e educacionais e os recursos dos estados e dos munic\u00edpios. Os programas do Livro Escolar (PNLD, PNLEM, PNLD EJA, PNLD CAMPO, PNLD Obras Complementares e PNLD Dicion\u00e1rios), assim como o Biblioteca na Escola, obedecem a crit\u00e9rios de n\u00famero de alunos segundo o censo escolar e o compromisso de ades\u00e3o de estados e munic\u00edpios.<\/p>\n<p>Desses programas, o que talvez seja o mais interessante e o menos estruturado \u00e9 o da Biblioteca na Escola. Mais interessante porque renova o compromisso do MEC com os livros de literatura e livros infanto-juvenis, com acervos diversificados e acesso livre aos alunos. Mais problem\u00e1tico porque o equacionamento da quest\u00e3o das bibliotecas nas escolas permanece separado da distribui\u00e7\u00e3o de livros.<\/p>\n<p>Ora, sem um sistema de avalia\u00e7\u00e3o do funcionamento das atividades de incentivo \u00e0 leitura, o envio de livros n\u00e3o escolares se transforma em uma a\u00e7\u00e3o de resultados incertos. A avalia\u00e7\u00e3o do uso dos livros escolares tamb\u00e9m \u00e9 feita indiretamente quanto aos resultados de sua utiliza\u00e7\u00e3o, com os diferentes exames e avalia\u00e7\u00e3o do desempenho das escolas, de professores e dos alunos. (A avalia\u00e7\u00e3o da chegada e distribui\u00e7\u00e3o f\u00edsica dos livros escolares \u00e9 mais espec\u00edfica). Em tese, o bom uso dos livros de literatura e refer\u00eancia deveria se refletir<\/p>\n<p> tamb\u00e9m na avalia\u00e7\u00e3o das escolas e dos alunos. Mas, nesse caso, o car\u00e1ter indireto desses processos de avalia\u00e7\u00e3o torna por demais imprecisos os resultados do uso dos livros que se destinam ao est\u00edmulo a leitura mais que para o resultado escolar imediato.<\/p>\n<p>Em 2010 foi promulgada a lei 12.244, que determina a exig\u00eancia de que todas as escolas tenham bibliotecas escolares. Essas bibliotecas devem ter no m\u00ednimo um t\u00edtulo por aluno matriculado em seu acervo e todas as escolas devem ter essas bibliotecas instaladas em um prazo de dez anos. A lei determina que a institui\u00e7\u00e3o dessas bibliotecas deve respeitar a profiss\u00e3o de bibliotec\u00e1rios, citando especificamente a j\u00e1 citada Lei 4084\/62 e a Lei 9.674, de 1998. Essa \u00faltima, na pr\u00e1tica, reafirma os princ\u00edpios corporativistas da primeira, abrindo t\u00e3o somente uma exce\u00e7\u00e3o para bibliotecas p\u00fablicas de munic\u00edpios com popula\u00e7\u00e3o menor que dez mil habitantes e acervo at\u00e9 duzentos exemplares, que poderiam ser administradas por t\u00e9cnicos em biblioteconomia. Uma exce\u00e7\u00e3o evidentemente rid\u00edcula diante do tamanho do problema.<\/p>\n<p>O maior problema da lei, entretanto, \u00e9 a absoluta aus\u00eancia de especifica\u00e7\u00f5es quanto aos recursos para sua execu\u00e7\u00e3o (n\u00e3o menciona nem em que \u00e2mbito federativo isso deveria se dar), e muito menos alguma vincula\u00e7\u00e3o entre o cumprimento da lei e contrapartidas nas transfer\u00eancias de recursos. E, evidentemente, n\u00e3o prev\u00ea nenhuma puni\u00e7\u00e3o, san\u00e7\u00e3o ou seja l\u00e1 o que for para a escola &#8211; ou a unidade federativa que a mantiver, estado ou munic\u00edpio &#8211; que n\u00e3o instalar bibliotecas at\u00e9 o prazo de 2020.<\/p>\n<p>J\u00e1 escrevi sobre leis in\u00fateis e leis &#8220;que n\u00e3o pegam&#8221;. Essa lei das bibliotecas nas escolas, tal como est\u00e1 formulada, infelizmente est\u00e1 na divisa entre as duas categorias. Est\u00e1 exatamente no limite entre a inutilidade mais completa e o buraco negro do &#8220;n\u00e3o colar&#8221;, j\u00e1 que n\u00e3o indica caminhos, recursos, pr\u00eamios ou puni\u00e7\u00f5es para estados e munic\u00edpios que mantiverem escolas sem bibliotecas.<\/p>\n<p>J\u00e1 vi algumas situa\u00e7\u00f5es kafkianamente absurdas nessa quest\u00e3o do uso de livros de literatura nas escolas p\u00fablicas: livros trancados, &#8220;despejo&#8221; da biblioteca para abrir espa\u00e7o para coloca\u00e7\u00e3o de mais carteiras para mais alunos, e coisas do estilo. Infelizmente s\u00e3o poucos os exemplos contr\u00e1rios, com diretores, professores e associa\u00e7\u00f5es de pais e mestres empenhados no bom funcionamento das bibliotecas escolares.<\/p>\n<p>No fundo, entretanto, tanto a situa\u00e7\u00e3o das bibliotecas escolares quanto das bibliotecas p\u00fablicas reflete ainda uma indiferen\u00e7a social quanto ao assunto. A nossa sociedade j\u00e1 incorporou a no\u00e7\u00e3o de que a educa\u00e7\u00e3o \u00e9 fundamental para o desenvolvimento pessoal, al\u00e9m de social e econ\u00f4mico do pa\u00eds. Mas n\u00e3o associa as bibliotecas &#8211; as escolares e as p\u00fablicas &#8211; a essa necessidade. Embora tenha havido um aumento e uma melhoria dessa percep\u00e7\u00e3o nos \u00faltimos anos, ainda est\u00e1 longe e difusa a compreens\u00e3o de que, sem boas bibliotecas (na sua acep\u00e7\u00e3o mais ampla), n\u00e3o teremos boas escolas, boa educa\u00e7\u00e3o e que, com isso, a cidadania \u00e9 prejudicada.<\/p>\n<div><a>\u00a0<\/a><\/div>\n<div>\u00a0<\/div>\n<div>\u00a0<\/div>\n<div>\u00a0<\/div>\n<div>\u00a0<\/div>\n<div>__________________________________________________________________________________________________________<\/div>\n<div>\u00a0<\/div>\n<div>\u00a0<\/div>\n<div>\n<h6><strong>Felipe Lindoso<\/strong><span>\u00a0\u00e9 jornalista, tradutor, editor e consultor de pol\u00edticas p\u00fablicas para o livro e leitura. Foi s\u00f3cio da Editora Marco Zero, diretor da C\u00e2mara Brasileira do Livro e consultor do CERLALC \u2013 Centro Regional para o Livro na Am\u00e9rica Latina e Caribe, \u00f3rg\u00e3o da UNESCO. Publicou, em 2004,\u00a0<\/span><em>O Brasil pode ser um pa\u00eds de leitores? Pol\u00edtica para a cultura, pol\u00edtica para o livro<\/em><span>, pela Summus Editorial. Mant\u00eam o blog\u00a0<\/span><a href=\"http:\/\/www.oxisdoproblema\/\">www.oxisdoproblema.com.br<\/a><\/h6>\n<h5>A coluna\u00a0<strong>O X da quest\u00e3o<\/strong>\u00a0traz reflex\u00f5es sobre as peculiaridades e dificuldades da vida editorial nesse nosso pa\u00eds de dimens\u00f5es continentais, sem bibliotecas e com uma rede de livrarias muito prec\u00e1ria. Sob uma vis\u00e3o sociol\u00f3gica, este espa\u00e7o analisa, entre outras coisas, as raz\u00f5es que impedem belos e substanciosos livros de chegarem \u00e0s m\u00e3os dos leitores brasileiros na quantidade e pre\u00e7o que merecem.<\/h5>\n<\/p><\/div>\n","protected":false},"excerpt":{"rendered":"<p>Fonte: PublishNews (Por Felipe Lindoso) As bibliotecas s\u00e3o um componente essencial no processo educativo, concordam todos educadores. No entanto, s\u00e3o pouqu\u00edssimas as escolas que possuem esse equipamento essencial em suas instala\u00e7\u00f5es. De fato, levantamentos recentes indicam que 72,5% das escolas &#8211; p\u00fablicas e privadas &#8211; n\u00e3o t\u00eam bibliotecas. A hist\u00f3ria das bibliotecas nas escolas tem [&hellip;]<\/p>\n","protected":false},"author":1,"featured_media":0,"comment_status":"open","ping_status":"open","sticky":false,"template":"","format":"standard","meta":{"site-sidebar-layout":"default","site-content-layout":"","ast-site-content-layout":"default","site-content-style":"default","site-sidebar-style":"default","ast-global-header-display":"","ast-banner-title-visibility":"","ast-main-header-display":"","ast-hfb-above-header-display":"","ast-hfb-below-header-display":"","ast-hfb-mobile-header-display":"","site-post-title":"","ast-breadcrumbs-content":"","ast-featured-img":"","footer-sml-layout":"","ast-disable-related-posts":"","theme-transparent-header-meta":"","adv-header-id-meta":"","stick-header-meta":"","header-above-stick-meta":"","header-main-stick-meta":"","header-below-stick-meta":"","astra-migrate-meta-layouts":"default","ast-page-background-enabled":"default","ast-page-background-meta":{"desktop":{"background-color":"","background-image":"","background-repeat":"repeat","background-position":"center center","background-size":"auto","background-attachment":"scroll","background-type":"","background-media":"","overlay-type":"","overlay-color":"","overlay-opacity":"","overlay-gradient":""},"tablet":{"background-color":"","background-image":"","background-repeat":"repeat","background-position":"center center","background-size":"auto","background-attachment":"scroll","background-type":"","background-media":"","overlay-type":"","overlay-color":"","overlay-opacity":"","overlay-gradient":""},"mobile":{"background-color":"","background-image":"","background-repeat":"repeat","background-position":"center center","background-size":"auto","background-attachment":"scroll","background-type":"","background-media":"","overlay-type":"","overlay-color":"","overlay-opacity":"","overlay-gradient":""}},"ast-content-background-meta":{"desktop":{"background-color":"var(--ast-global-color-5)","background-image":"","background-repeat":"repeat","background-position":"center center","background-size":"auto","background-attachment":"scroll","background-type":"","background-media":"","overlay-type":"","overlay-color":"","overlay-opacity":"","overlay-gradient":""},"tablet":{"background-color":"var(--ast-global-color-5)","background-image":"","background-repeat":"repeat","background-position":"center center","background-size":"auto","background-attachment":"scroll","background-type":"","background-media":"","overlay-type":"","overlay-color":"","overlay-opacity":"","overlay-gradient":""},"mobile":{"background-color":"var(--ast-global-color-5)","background-image":"","background-repeat":"repeat","background-position":"center center","background-size":"auto","background-attachment":"scroll","background-type":"","background-media":"","overlay-type":"","overlay-color":"","overlay-opacity":"","overlay-gradient":""}},"footnotes":""},"categories":[1],"tags":[],"class_list":["post-474","post","type-post","status-publish","format-standard","hentry","category-noticias"],"_links":{"self":[{"href":"https:\/\/crb1.org.br\/site\/wp-json\/wp\/v2\/posts\/474","targetHints":{"allow":["GET"]}}],"collection":[{"href":"https:\/\/crb1.org.br\/site\/wp-json\/wp\/v2\/posts"}],"about":[{"href":"https:\/\/crb1.org.br\/site\/wp-json\/wp\/v2\/types\/post"}],"author":[{"embeddable":true,"href":"https:\/\/crb1.org.br\/site\/wp-json\/wp\/v2\/users\/1"}],"replies":[{"embeddable":true,"href":"https:\/\/crb1.org.br\/site\/wp-json\/wp\/v2\/comments?post=474"}],"version-history":[{"count":0,"href":"https:\/\/crb1.org.br\/site\/wp-json\/wp\/v2\/posts\/474\/revisions"}],"wp:attachment":[{"href":"https:\/\/crb1.org.br\/site\/wp-json\/wp\/v2\/media?parent=474"}],"wp:term":[{"taxonomy":"category","embeddable":true,"href":"https:\/\/crb1.org.br\/site\/wp-json\/wp\/v2\/categories?post=474"},{"taxonomy":"post_tag","embeddable":true,"href":"https:\/\/crb1.org.br\/site\/wp-json\/wp\/v2\/tags?post=474"}],"curies":[{"name":"wp","href":"https:\/\/api.w.org\/{rel}","templated":true}]}}