{"id":475,"date":"2013-04-20T20:11:44","date_gmt":"2013-04-20T23:11:44","guid":{"rendered":"https:\/\/novocrb1.ultramidia.com.br\/dia-do-bibliotecario-confira-a-programacao-para-o-mes-de-marco\/"},"modified":"2013-04-20T20:11:44","modified_gmt":"2013-04-20T23:11:44","slug":"dia-do-bibliotecario-confira-a-programacao-para-o-mes-de-marco","status":"publish","type":"post","link":"https:\/\/crb1.org.br\/site\/2013\/04\/dia-do-bibliotecario-confira-a-programacao-para-o-mes-de-marco\/","title":{"rendered":"Dia do Bibliotec\u00e1rio &#8211; Confira a programa\u00e7\u00e3o para o m\u00eas de mar\u00e7o"},"content":{"rendered":"<p><strong style=\"line-height: 1.3em;\"><img fetchpriority=\"high\" decoding=\"async\" src=\"https:\/\/lh6.googleusercontent.com\/-gwFduq1hDXo\/UXEmGCBM5aI\/AAAAAAAACCM\/w_n0TXWCN_k\/s512\/DIA%2520DO%2520BIBLIOTECARIO.jpg\" width=\"320\" height=\"512\" style=\"vertical-align: top;\" \/><\/strong><\/p>\n<p><strong style=\"line-height: 1.3em;\">PROGRAMA\u00c7\u00c3O \u2013 \u00a0DIA DO BIBLIOTEC\u00c1RIO 2013<\/strong><\/p>\n<p>  <!--more-->  <\/p>\n<p>\u00a0<\/p>\n<p><strong>\u00a0<\/strong><strong>\u00a0<\/strong><\/p>\n<p><strong>Dia: 08\/03\/2013 \u2013 Entrega da Medalha Rubens Borba de Moraes<\/strong><\/p>\n<p>Acesso Aberto e comunica\u00e7\u00e3o cient\u00edfica: intersec\u00e7\u00f5es<\/p>\n<p>Palestrantes: Miguel Arellano\/IBICT<\/p>\n<p>Hor\u00e1rio: 19h<\/p>\n<p>Local: Audit\u00f3rio da Faculdade de Direito\/UFG, Setor Universit\u00e1rio \u2013 Goi\u00e2nia\/GO<\/p>\n<p><strong>Dia: 09\/03\/2013<\/strong><\/p>\n<p>Oficina de Leitura em Braille e Oficina de Fotografia<\/p>\n<p>Palestrantes: Maria Eunice e Luiz Carlos<\/p>\n<p>Hor\u00e1rio: 14h<\/p>\n<p>Local: Audit\u00f3rio da Faculdade de Direito\/UFG, Setor Universit\u00e1rio \u2013 Goi\u00e2nia\/GO<\/p>\n<p><strong>Dia: 12\/03\/2013<\/strong><\/p>\n<p>Consci\u00eancia Profissional: vamos sair da zona de conforto?<\/p>\n<p>Palestrantes: prof.Dr. Francisco das Chagas de Souza\/UFSC e Sr. Antonio Briquet de Lemos<\/p>\n<p>Moderadora: Adelaide Ramos e Corte\/CFB<\/p>\n<p>Hor\u00e1rio: 08h30<\/p>\n<p>Local: Audit\u00f3rio do Anexo I, Presid\u00eancia da Rep\u00fablica<\/p>\n<p><strong>Dia: 14\/03\/2013<\/strong><\/p>\n<p>Publica\u00e7\u00f5es Oficiais Brasileiras: Perspectivas para um Controle Bibliogr\u00e1fico<\/p>\n<p>Palestrante: Dr. Cristian Santos\/ C\u00e2mara dos Deputados<\/p>\n<p>Hor\u00e1rio: 15h<\/p>\n<p>Local: Plen\u00e1rio 2, Anexo II, C\u00e2mara dos Deputados<\/p>\n<p><strong>Dia: 15\/03\/2013 \u2013 Sarau L\u00edtero Musical<\/strong><\/p>\n<p>Sarau L\u00edtero Musical &#8211; Homenagem ao Dia do Bibliotec\u00e1rio<\/p>\n<p>Hor\u00e1rio: 17h<\/p>\n<p>Local: Biblioteca do Tribunal Superior Eleitoral &#8211;\u00a0Alysson Darowish Mitraud<\/p>\n<p><strong>Dia: 15\/03\/2013 \u2013 Entrega da Medalha Rubens Borba de Moraes<\/strong><\/p>\n<p>Conscientiza\u00e7\u00e3o Profissional<\/p>\n<p>Palestrante: Eunice de Lourdes Franco\/CRB-1<\/p>\n<p>Hor\u00e1rio: 19h<\/p>\n<p>Local: Audit\u00f3rio da UFMT, Rondon\u00f3polis\/MT<\/p>\n<p><strong>Dia: 25\/03\/2013 \u2013 Entrega da Medalha Rubens Borba de Moraes<\/strong><\/p>\n<p>Conscientiza\u00e7\u00e3o Profissional<\/p>\n<p>Palestrante: Mariangela Fujita\/UNESP<\/p>\n<p>Hor\u00e1rio: 19h<\/p>\n<p>Local: Audit\u00f3rio da Faculdade FUNLEC, Rua Cel. Cacildo Arantes, 322 &#8211; Bairro Cachoeira II Campo Grande\/MS<\/p>\n<p><strong>Dia: 26\/03\/2013 \u2013 Entrega da Medalha Rubens Borba de Moraes<\/strong><\/p>\n<p>Livros Raros na Licita\u00e7\u00e3o P\u00fablica: discuss\u00e3o do Projeto de Lei n\u00ba. 4672\/2012<\/p>\n<p>Palestrante: Luciana Napoleone\/SP<\/p>\n<p>Hor\u00e1rio: 15h<\/p>\n<p>Local: Audit\u00f3rio Senador Antonio Carlos Magalh\u00e3es, Audit\u00f3rio do Interlegis \u2013 anexo \u2013 Senado Federal<\/p>\n<p><strong>Dia: 28\/03\/2013<\/strong><\/p>\n<p>Videoconfer\u00eancia RJ\/SP<\/p>\n<p>Palestrante: Maureen Sullivan\/ALA<\/p>\n<p>Hor\u00e1rio: 14h<\/p>\n<p>Local: IRC \u2013 Embaixada dos Estados Unidos, SHIS QI 09 conjunto 17 lote L.<\/p>\n<p><strong>Dia: 02\/04\/2013<\/strong><\/p>\n<p>Palestra: Em defesa das Bibliotecas: por que se envolver e como come\u00e7ar<\/p>\n<p>Palestrante: Carol Brey-Casiano\/ Centro de Informa\u00e7\u00e3o e Pesquisa &#8211; Embaixada dos EUA<\/p>\n<p>Hor\u00e1rio: 16h<\/p>\n<p>Local: Audit\u00f3rio da Se\u00e7\u00e3o Judici\u00e1ria do DF\/TRF 1\u00aa Regi\u00e3o<\/p>\n","protected":false},"excerpt":{"rendered":"<p>PROGRAMA\u00c7\u00c3O \u2013 \u00a0DIA DO BIBLIOTEC\u00c1RIO 2013<\/p>\n","protected":false},"author":1,"featured_media":0,"comment_status":"open","ping_status":"open","sticky":false,"template":"","format":"standard","meta":{"site-sidebar-layout":"default","site-content-layout":"","ast-site-content-layout":"default","site-content-style":"default","site-sidebar-style":"default","ast-global-header-display":"","ast-banner-title-visibility":"","ast-main-header-display":"","ast-hfb-above-header-display":"","ast-hfb-below-header-display":"","ast-hfb-mobile-header-display":"","site-post-title":"","ast-breadcrumbs-content":"","ast-featured-img":"","footer-sml-layout":"","ast-disable-related-posts":"","theme-transparent-header-meta":"","adv-header-id-meta":"","stick-header-meta":"","header-above-stick-meta":"","header-main-stick-meta":"","header-below-stick-meta":"","astra-migrate-meta-layouts":"default","ast-page-background-enabled":"default","ast-page-background-meta":{"desktop":{"background-color":"","background-image":"","background-repeat":"repeat","background-position":"center center","background-size":"auto","background-attachment":"scroll","background-type":"","background-media":"","overlay-type":"","overlay-color":"","overlay-opacity":"","overlay-gradient":""},"tablet":{"background-color":"","background-image":"","background-repeat":"repeat","background-position":"center center","background-size":"auto","background-attachment":"scroll","background-type":"","background-media":"","overlay-type":"","overlay-color":"","overlay-opacity":"","overlay-gradient":""},"mobile":{"background-color":"","background-image":"","background-repeat":"repeat","background-position":"center center","background-size":"auto","background-attachment":"scroll","background-type":"","background-media":"","overlay-type":"","overlay-color":"","overlay-opacity":"","overlay-gradient":""}},"ast-content-background-meta":{"desktop":{"background-color":"var(--ast-global-color-5)","background-image":"","background-repeat":"repeat","background-position":"center center","background-size":"auto","background-attachment":"scroll","background-type":"","background-media":"","overlay-type":"","overlay-color":"","overlay-opacity":"","overlay-gradient":""},"tablet":{"background-color":"var(--ast-global-color-5)","background-image":"","background-repeat":"repeat","background-position":"center center","background-size":"auto","background-attachment":"scroll","background-type":"","background-media":"","overlay-type":"","overlay-color":"","overlay-opacity":"","overlay-gradient":""},"mobile":{"background-color":"var(--ast-global-color-5)","background-image":"","background-repeat":"repeat","background-position":"center center","background-size":"auto","background-attachment":"scroll","background-type":"","background-media":"","overlay-type":"","overlay-color":"","overlay-opacity":"","overlay-gradient":""}},"footnotes":""},"categories":[1],"tags":[],"class_list":["post-475","post","type-post","status-publish","format-standard","hentry","category-noticias"],"_links":{"self":[{"href":"https:\/\/crb1.org.br\/site\/wp-json\/wp\/v2\/posts\/475","targetHints":{"allow":["GET"]}}],"collection":[{"href":"https:\/\/crb1.org.br\/site\/wp-json\/wp\/v2\/posts"}],"about":[{"href":"https:\/\/crb1.org.br\/site\/wp-json\/wp\/v2\/types\/post"}],"author":[{"embeddable":true,"href":"https:\/\/crb1.org.br\/site\/wp-json\/wp\/v2\/users\/1"}],"replies":[{"embeddable":true,"href":"https:\/\/crb1.org.br\/site\/wp-json\/wp\/v2\/comments?post=475"}],"version-history":[{"count":0,"href":"https:\/\/crb1.org.br\/site\/wp-json\/wp\/v2\/posts\/475\/revisions"}],"wp:attachment":[{"href":"https:\/\/crb1.org.br\/site\/wp-json\/wp\/v2\/media?parent=475"}],"wp:term":[{"taxonomy":"category","embeddable":true,"href":"https:\/\/crb1.org.br\/site\/wp-json\/wp\/v2\/categories?post=475"},{"taxonomy":"post_tag","embeddable":true,"href":"https:\/\/crb1.org.br\/site\/wp-json\/wp\/v2\/tags?post=475"}],"curies":[{"name":"wp","href":"https:\/\/api.w.org\/{rel}","templated":true}]}}