{"id":488,"date":"2013-04-21T01:07:55","date_gmt":"2013-04-21T04:07:55","guid":{"rendered":"https:\/\/novocrb1.ultramidia.com.br\/oportunidade-curso-em-brasilia-de-dspace-biblioteca-digital\/"},"modified":"2013-04-21T01:07:55","modified_gmt":"2013-04-21T04:07:55","slug":"oportunidade-curso-em-brasilia-de-dspace-biblioteca-digital","status":"publish","type":"post","link":"https:\/\/crb1.org.br\/site\/2013\/04\/oportunidade-curso-em-brasilia-de-dspace-biblioteca-digital\/","title":{"rendered":"Oportunidade &#8211; Curso em Bras\u00edlia de Dspace (Biblioteca Digital)"},"content":{"rendered":"<div>\n<p><img decoding=\"async\" src=\"https:\/\/lh3.googleusercontent.com\/-CzC39AeJmo4\/UXM7tIWzLcI\/AAAAAAAACCs\/Ss90yKju3rk\/s351\/logo.png\" width=\"276\" height=\"129\" style=\"margin: 3px 5px; float: left;\" \/>Prezados colegas interessados em implantar Biblioteca Digital em sua institui\u00e7\u00e3o .<\/p>\n<\/p><\/div>\n<div>\n<p>Oportunidade para quem n\u00e3o pode ir\u00a0 a S\u00e3o Paulo.<\/p>\n<\/p><\/div>\n<div>\n<p>Curso em Bras\u00edlia de Dspace. (8h presenciais + 22h EAD)<\/p>\n<\/p><\/div>\n<div>\n<div>\n<p>A ContentMind fechou com Prof. Divino uma turma em Brasilia para o curso sobre Dspace. A data prevista \u00e9 02 de agosto no ParlaMundi Eventos (LBV).<\/p>\n<p>  <!--more-->  <\/p>\n<p>\u00a0<\/p>\n<\/p><\/div>\n<div>\n<p>Ap\u00f3s a inscri\u00e7\u00e3o e nota de empenho teremos acesso ao material para anteciparmos as leituras, j\u00e1 que no dia 02\/08 haver\u00e1 aula pr\u00e1tica (oficina) no uso da ferramenta, troca de experi\u00eancias e tira d\u00favidas.<\/p>\n<\/p><\/div>\n<div>\n<p>Conferir no site :\u00a0<a href=\"http:\/\/www.contentmind.com.br\/cursos-presenciais\/\" target=\"_blank\" rel=\"noopener\">http:\/\/www.contentmind.com.br\/cursos-presenciais\/<\/a><\/p>\n<\/p><\/div>\n<\/p><\/div>\n","protected":false},"excerpt":{"rendered":"<p>Prezados colegas interessados em implantar Biblioteca Digital em sua institui\u00e7\u00e3o . Oportunidade para quem n\u00e3o pode ir\u00a0 a S\u00e3o Paulo. Curso em Bras\u00edlia de Dspace. (8h presenciais + 22h EAD) A ContentMind fechou com Prof. Divino uma turma em Brasilia para o curso sobre Dspace. A data prevista \u00e9 02 de agosto no ParlaMundi Eventos [&hellip;]<\/p>\n","protected":false},"author":1,"featured_media":0,"comment_status":"open","ping_status":"open","sticky":false,"template":"","format":"standard","meta":{"site-sidebar-layout":"default","site-content-layout":"","ast-site-content-layout":"default","site-content-style":"default","site-sidebar-style":"default","ast-global-header-display":"","ast-banner-title-visibility":"","ast-main-header-display":"","ast-hfb-above-header-display":"","ast-hfb-below-header-display":"","ast-hfb-mobile-header-display":"","site-post-title":"","ast-breadcrumbs-content":"","ast-featured-img":"","footer-sml-layout":"","ast-disable-related-posts":"","theme-transparent-header-meta":"","adv-header-id-meta":"","stick-header-meta":"","header-above-stick-meta":"","header-main-stick-meta":"","header-below-stick-meta":"","astra-migrate-meta-layouts":"default","ast-page-background-enabled":"default","ast-page-background-meta":{"desktop":{"background-color":"","background-image":"","background-repeat":"repeat","background-position":"center center","background-size":"auto","background-attachment":"scroll","background-type":"","background-media":"","overlay-type":"","overlay-color":"","overlay-opacity":"","overlay-gradient":""},"tablet":{"background-color":"","background-image":"","background-repeat":"repeat","background-position":"center center","background-size":"auto","background-attachment":"scroll","background-type":"","background-media":"","overlay-type":"","overlay-color":"","overlay-opacity":"","overlay-gradient":""},"mobile":{"background-color":"","background-image":"","background-repeat":"repeat","background-position":"center center","background-size":"auto","background-attachment":"scroll","background-type":"","background-media":"","overlay-type":"","overlay-color":"","overlay-opacity":"","overlay-gradient":""}},"ast-content-background-meta":{"desktop":{"background-color":"var(--ast-global-color-5)","background-image":"","background-repeat":"repeat","background-position":"center center","background-size":"auto","background-attachment":"scroll","background-type":"","background-media":"","overlay-type":"","overlay-color":"","overlay-opacity":"","overlay-gradient":""},"tablet":{"background-color":"var(--ast-global-color-5)","background-image":"","background-repeat":"repeat","background-position":"center center","background-size":"auto","background-attachment":"scroll","background-type":"","background-media":"","overlay-type":"","overlay-color":"","overlay-opacity":"","overlay-gradient":""},"mobile":{"background-color":"var(--ast-global-color-5)","background-image":"","background-repeat":"repeat","background-position":"center center","background-size":"auto","background-attachment":"scroll","background-type":"","background-media":"","overlay-type":"","overlay-color":"","overlay-opacity":"","overlay-gradient":""}},"footnotes":""},"categories":[1],"tags":[],"class_list":["post-488","post","type-post","status-publish","format-standard","hentry","category-noticias"],"_links":{"self":[{"href":"https:\/\/crb1.org.br\/site\/wp-json\/wp\/v2\/posts\/488","targetHints":{"allow":["GET"]}}],"collection":[{"href":"https:\/\/crb1.org.br\/site\/wp-json\/wp\/v2\/posts"}],"about":[{"href":"https:\/\/crb1.org.br\/site\/wp-json\/wp\/v2\/types\/post"}],"author":[{"embeddable":true,"href":"https:\/\/crb1.org.br\/site\/wp-json\/wp\/v2\/users\/1"}],"replies":[{"embeddable":true,"href":"https:\/\/crb1.org.br\/site\/wp-json\/wp\/v2\/comments?post=488"}],"version-history":[{"count":0,"href":"https:\/\/crb1.org.br\/site\/wp-json\/wp\/v2\/posts\/488\/revisions"}],"wp:attachment":[{"href":"https:\/\/crb1.org.br\/site\/wp-json\/wp\/v2\/media?parent=488"}],"wp:term":[{"taxonomy":"category","embeddable":true,"href":"https:\/\/crb1.org.br\/site\/wp-json\/wp\/v2\/categories?post=488"},{"taxonomy":"post_tag","embeddable":true,"href":"https:\/\/crb1.org.br\/site\/wp-json\/wp\/v2\/tags?post=488"}],"curies":[{"name":"wp","href":"https:\/\/api.w.org\/{rel}","templated":true}]}}