{"id":502,"date":"2013-04-23T16:45:22","date_gmt":"2013-04-23T19:45:22","guid":{"rendered":"https:\/\/novocrb1.ultramidia.com.br\/mensagem-da-diretora-geral-da-unesco-por-ocasiao-do-dia-mundial-do-livro-e-dos-direitos-autorais-23-de-abril-de-2013\/"},"modified":"2013-04-23T16:45:22","modified_gmt":"2013-04-23T19:45:22","slug":"mensagem-da-diretora-geral-da-unesco-por-ocasiao-do-dia-mundial-do-livro-e-dos-direitos-autorais-23-de-abril-de-2013","status":"publish","type":"post","link":"https:\/\/crb1.org.br\/site\/2013\/04\/mensagem-da-diretora-geral-da-unesco-por-ocasiao-do-dia-mundial-do-livro-e-dos-direitos-autorais-23-de-abril-de-2013\/","title":{"rendered":"Mensagem da diretora-geral da UNESCO por ocasi\u00e3o do Dia Mundial do Livro e dos Direitos Autorais, 23 de abril de 2013"},"content":{"rendered":"\n<p>\u00a0<\/p>\n<p><span>15.04.2013 &#8211; UNESCO Office in Brasilia<\/span><\/p>\n<div class=\"content_intro\">\n<p><a href=\"index.php\/113-mensagem-da-diretora-geral-da-unesco-por-ocasiao-do-dia-mundial-do-livro-e-dos-direitos-autorais-23-de-abril-de-2013\"><strong><img fetchpriority=\"high\" decoding=\"async\" src=\"https:\/\/lh6.googleusercontent.com\/-wJAUiQtadjI\/UXa8rcO26xI\/AAAAAAAACFI\/DnqrP5WU-rg\/s640\/Dia%2520Internacional%2520do%2520Livro.jpg\" width=\"640\" height=\"478\" \/><\/strong><\/a><\/p>\n<p><strong>Mensagem de Irina Bokova, diretora-geral da UNESCO, por ocasi\u00e3o do Dia Mundial do Livro e dos Direitos Autorais, 23 de abril de 2013.<\/strong><\/p>\n<\/p><\/div>\n<\/p><\/div>\n<div class=\"news-content clearfix\">\n<p class=\"bodytext\">A UNESCO tem celebrado o Dia Mundial do Livro e dos Direitos Autorais, em 23 de abril, h\u00e1 17 anos. Por todo o mundo, os Estados-membros da UNESCO celebram o poder dos livros para nos reunir, e transmitir a cultura dos povos e seus sonhos de um futuro melhor.<\/p>\n<p class=\"bodytext\">Este dia propicia uma oportunidade para refletirmos juntos sobre maneiras de melhor disseminar a cultura da palavra escrita e de permitir que todos os indiv\u00edduos, homens, mulheres e crian\u00e7as, tenham acesso a ela, por meio de programas de alfabetiza\u00e7\u00e3o e de apoio a carreiras em publica\u00e7\u00f5es, livrarias, bibliotecas e escolas. Os livros s\u00e3o nossos aliados na dissemina\u00e7\u00e3o da educa\u00e7\u00e3o, da ci\u00eancia, da cultura e da informa\u00e7\u00e3o pelo mundo.<\/p>\n<p class=\"bodytext\">A cidade de Bangkok foi designada a \u201cCapital Mundial do Livro 2013\u201d, em reconhecimento a seu programa para a promo\u00e7\u00e3o da leitura entre jovens e camadas menos favorecidas da popula\u00e7\u00e3o. Essa \u00e9 uma fonte de inspira\u00e7\u00e3o em nossos esfor\u00e7os coletivos para promover a diversidade editorial e para proteger a propriedade intelectual e o acesso equitativo \u00e0 riqueza dos livros.<\/p>\n<p class=\"bodytext\">A UNESCO est\u00e1 comprometida com esse trabalho, no esp\u00edrito da Conven\u00e7\u00e3o sobre a Prote\u00e7\u00e3o e a Promo\u00e7\u00e3o da Diversidade das Express\u00f5es Culturais, juntamente com todos os seus parceiros, incluindo a Associa\u00e7\u00e3o Internacional de Editores, a Federa\u00e7\u00e3o Internacional de Vendedores de Livros e a Federa\u00e7\u00e3o Internacional de Associa\u00e7\u00f5es de Bibliotec\u00e1rios e de Bibliotecas.<\/p>\n<p class=\"bodytext\">Este dia tamb\u00e9m nos chama a refletir sobre as mudan\u00e7as nos livros no longo prazo e sobre os valores intang\u00edveis que devem nos guiar. Livros digitais oferecem novas oportunidades de acesso ao conhecimento, a um pre\u00e7o reduzido e atingindo grandes \u00e1reas geogr\u00e1ficas. Livros tradicionais ainda s\u00e3o uma tecnologia eficaz: s\u00e3o seguros contra a falsifica\u00e7\u00e3o, transport\u00e1veis e dur\u00e1veis quanto ao teste do tempo. Todas as formas de livros s\u00e3o uma contribui\u00e7\u00e3o valiosa para a educa\u00e7\u00e3o e para a dissemina\u00e7\u00e3o da cultura e da informa\u00e7\u00e3o. A diversidade de livros e o conte\u00fado editorial s\u00e3o fontes de enriquecimento que n\u00f3s devemos apoiar, por meio de pol\u00edticas p\u00fablicas apropriadas, e proteger contra a uniformidade. Essa \u201cbibliodiversidade\u201d \u00e9 nossa riqueza comum, que faz dos livros muito mais do que objetos f\u00edsicos, porque eles s\u00e3o a nossa mais bela inven\u00e7\u00e3o para compartilhar ideias al\u00e9m das fronteiras do espa\u00e7o e do tempo.<\/p>\n<\/p><\/div>\n<p>\u00a0<\/p>\n","protected":false},"excerpt":{"rendered":"<p>\u00a0 15.04.2013 &#8211; UNESCO Office in Brasilia Mensagem de Irina Bokova, diretora-geral da UNESCO, por ocasi\u00e3o do Dia Mundial do Livro e dos Direitos Autorais, 23 de abril de 2013. A UNESCO tem celebrado o Dia Mundial do Livro e dos Direitos Autorais, em 23 de abril, h\u00e1 17 anos. Por todo o mundo, os [&hellip;]<\/p>\n","protected":false},"author":1,"featured_media":0,"comment_status":"open","ping_status":"open","sticky":false,"template":"","format":"standard","meta":{"site-sidebar-layout":"default","site-content-layout":"","ast-site-content-layout":"default","site-content-style":"default","site-sidebar-style":"default","ast-global-header-display":"","ast-banner-title-visibility":"","ast-main-header-display":"","ast-hfb-above-header-display":"","ast-hfb-below-header-display":"","ast-hfb-mobile-header-display":"","site-post-title":"","ast-breadcrumbs-content":"","ast-featured-img":"","footer-sml-layout":"","ast-disable-related-posts":"","theme-transparent-header-meta":"","adv-header-id-meta":"","stick-header-meta":"","header-above-stick-meta":"","header-main-stick-meta":"","header-below-stick-meta":"","astra-migrate-meta-layouts":"default","ast-page-background-enabled":"default","ast-page-background-meta":{"desktop":{"background-color":"","background-image":"","background-repeat":"repeat","background-position":"center center","background-size":"auto","background-attachment":"scroll","background-type":"","background-media":"","overlay-type":"","overlay-color":"","overlay-opacity":"","overlay-gradient":""},"tablet":{"background-color":"","background-image":"","background-repeat":"repeat","background-position":"center center","background-size":"auto","background-attachment":"scroll","background-type":"","background-media":"","overlay-type":"","overlay-color":"","overlay-opacity":"","overlay-gradient":""},"mobile":{"background-color":"","background-image":"","background-repeat":"repeat","background-position":"center center","background-size":"auto","background-attachment":"scroll","background-type":"","background-media":"","overlay-type":"","overlay-color":"","overlay-opacity":"","overlay-gradient":""}},"ast-content-background-meta":{"desktop":{"background-color":"var(--ast-global-color-5)","background-image":"","background-repeat":"repeat","background-position":"center center","background-size":"auto","background-attachment":"scroll","background-type":"","background-media":"","overlay-type":"","overlay-color":"","overlay-opacity":"","overlay-gradient":""},"tablet":{"background-color":"var(--ast-global-color-5)","background-image":"","background-repeat":"repeat","background-position":"center center","background-size":"auto","background-attachment":"scroll","background-type":"","background-media":"","overlay-type":"","overlay-color":"","overlay-opacity":"","overlay-gradient":""},"mobile":{"background-color":"var(--ast-global-color-5)","background-image":"","background-repeat":"repeat","background-position":"center center","background-size":"auto","background-attachment":"scroll","background-type":"","background-media":"","overlay-type":"","overlay-color":"","overlay-opacity":"","overlay-gradient":""}},"footnotes":""},"categories":[1],"tags":[],"class_list":["post-502","post","type-post","status-publish","format-standard","hentry","category-noticias"],"_links":{"self":[{"href":"https:\/\/crb1.org.br\/site\/wp-json\/wp\/v2\/posts\/502","targetHints":{"allow":["GET"]}}],"collection":[{"href":"https:\/\/crb1.org.br\/site\/wp-json\/wp\/v2\/posts"}],"about":[{"href":"https:\/\/crb1.org.br\/site\/wp-json\/wp\/v2\/types\/post"}],"author":[{"embeddable":true,"href":"https:\/\/crb1.org.br\/site\/wp-json\/wp\/v2\/users\/1"}],"replies":[{"embeddable":true,"href":"https:\/\/crb1.org.br\/site\/wp-json\/wp\/v2\/comments?post=502"}],"version-history":[{"count":0,"href":"https:\/\/crb1.org.br\/site\/wp-json\/wp\/v2\/posts\/502\/revisions"}],"wp:attachment":[{"href":"https:\/\/crb1.org.br\/site\/wp-json\/wp\/v2\/media?parent=502"}],"wp:term":[{"taxonomy":"category","embeddable":true,"href":"https:\/\/crb1.org.br\/site\/wp-json\/wp\/v2\/categories?post=502"},{"taxonomy":"post_tag","embeddable":true,"href":"https:\/\/crb1.org.br\/site\/wp-json\/wp\/v2\/tags?post=502"}],"curies":[{"name":"wp","href":"https:\/\/api.w.org\/{rel}","templated":true}]}}