{"id":508,"date":"2013-04-29T19:24:44","date_gmt":"2013-04-29T22:24:44","guid":{"rendered":"https:\/\/novocrb1.ultramidia.com.br\/registro-profissional-e-formularios\/"},"modified":"2013-04-29T19:24:44","modified_gmt":"2013-04-29T22:24:44","slug":"registro-profissional-e-formularios","status":"publish","type":"post","link":"https:\/\/crb1.org.br\/site\/2013\/04\/registro-profissional-e-formularios\/","title":{"rendered":"Registro Profissional e Formul\u00e1rios"},"content":{"rendered":"<h1>O Registro<\/h1>\n<p>Para exercer a profiss\u00e3o de bibliotec\u00e1rio, os formandos devem solicitar o registro no Conselho Regional de Biblioteconomia. O exerc\u00edcio profissional sem registro, bem como sem o pagamento da anuidade, implica em caracteriza\u00e7\u00e3o do exerc\u00edcio ilegal da profiss\u00e3o, nos termos do art. 26 da Lei n\u00b0 4.084\/62 do art. 4\u00ba e incisos, do Decreto 56.725\/65 e do C\u00f3digo de \u00c9tica Profissional.<br \/>\nO registro pode ser principal ou secund\u00e1rio. Como principal entende-se o correspondente \u00e0 jurisdi\u00e7\u00e3o do CRB-1, sede da principal atividade exercida pelo profissional. E como Secund\u00e1rio \u00e0quele a que est\u00e1 obrigado o profissional que exerce a profiss\u00e3o, comprovada e concomitantemente na jurisdi\u00e7\u00e3o de outro Conselho Regional.<br \/>\n&nbsp;<br \/>\n&nbsp;<\/p>\n<h4>Pessoa F\u00edsica<\/h4>\n<p><strong>Registro definitivo\u00a0<\/strong><br \/>\n<span style=\"text-decoration: underline;\">Documentos necess\u00e1rios:\u00a0<\/span><br \/>\n* Requerimento ao Presidente do CRB-1 solicitando o registro definitivo(formul\u00e1rio do CRB1);<br \/>\n*\u00a0<span style=\"text-decoration: underline;\">Cadastro de Registro<br \/>\n<\/span>&#8211;\u00a0<a href=\"https:\/\/crb1.org.br\/images\/Formularios\/Formularios_Registro_Definitivo.pdf\" target=\"_blank\" rel=\"noopener\">Clique para baixar o formul\u00e1rio de registro definitivo<\/a><br \/>\n* Apresenta\u00e7\u00e3o do Diploma Original de Bacharel em Biblioteconomia, devidamente registrado no \u00f3rg\u00e3o competente para registro no CRB1;<br \/>\n* Fotoc\u00f3pia autenticada do Diploma de Bacharel em Biblioteconomia.<br \/>\n* Ficha de inscri\u00e7\u00e3o(formul\u00e1rio do CRB1);<br \/>\n* Fotoc\u00f3pia da certid\u00e3o de nascimento ou casamento;<br \/>\n* Fotoc\u00f3pia do T\u00edtulo Eleitoral provando ter votado, ou justificativa legal do n\u00e3o exerc\u00edcio do voto na \u00faltima elei\u00e7\u00e3o anterior ao registro;<br \/>\n* Fotoc\u00f3pia da C\u00e9dula de Identidade;<br \/>\n* Fotoc\u00f3pia do CPF;<br \/>\n* Grupo sangu\u00edneo comprovado em exame;<br \/>\n* Fotoc\u00f3pia da Carteira de Trabalho ( p\u00e1ginas da foto, dados pessoais, contrato e a seguinte em branco);<br \/>\n* Fotoc\u00f3pia da Carteira de reservista, quando candidato do sexo masculino de idade inferior \u00e0 45 anos;<br \/>\n* Fotoc\u00f3pia da Carteira Modelo 19 para estrangeiros;<br \/>\n* Tr\u00eas fotografias \u00be recentes;<br \/>\n* Pagamento das taxas (R$ 60,00) e anuidade prevista na legisla\u00e7\u00e3o vigente;<br \/>\n<strong style=\"line-height: 1.3em;\">Registro Provis\u00f3rio\u00a0<\/strong><br \/>\n\u00c9 o n\u00famero de registro que se recebe ap\u00f3s a formatura, por ainda n\u00e3o possuir o diploma mediante a certid\u00e3o de conclus\u00e3o do curso devidamente autorizada pelo Minist\u00e9rio da Educa\u00e7\u00e3o e Cultura. Esta inscri\u00e7\u00e3o \u00e9 autorizada pelo CRB-1 por prazo de 1 (um) ano. Documentos necess\u00e1rios:<br \/>\n* Requerimento ao Presidente do Conselho pedindo o registro provis\u00f3rio (formul\u00e1rio do CRB1);<br \/>\n*\u00a0<span style=\"text-decoration: underline;\">Cadastro de Registro<\/span><br \/>\n<a href=\"https:\/\/crb1.org.br\/UserFiles\/File\/formularios\/cadastro_registro_definitivo.pdf\" target=\"_blank\" rel=\"noopener\">&#8211; <\/a><a href=\"http:\/\/www.crb1.org.br\/images\/Formularios\/Formularios_Registro_Provisorio.pdf\" target=\"_blank\" rel=\"noopener\">Clique para baixar o\u00a0formul\u00e1rio de registro provis\u00f3rio<\/a><br \/>\n* Ficha de inscri\u00e7\u00e3o(formul\u00e1rio do CRB1);<br \/>\n* Atestado da institui\u00e7\u00e3o de ensino de Biblioteconomia por onde se diplomou, onde conste a data da cola\u00e7\u00e3o de grau e a declara\u00e7\u00e3o de que o diploma foi expedido e encaminhado para registro no \u00f3rg\u00e3o competente;<br \/>\n* Fotoc\u00f3pia da certid\u00e3o de nascimento ou casamento;<br \/>\n* Fotoc\u00f3pia do T\u00edtulo Eleitoral provando ter votado, ou justificativa legal do n\u00e3o exerc\u00edcio do voto na \u00faltima elei\u00e7\u00e3o anterior ao registro;<br \/>\n* Fotoc\u00f3pia da C\u00e9dula de Identidade;<br \/>\n* Fotoc\u00f3pia do CPF;<br \/>\n* Fotoc\u00f3pia da Carteira de Trabalho ( p\u00e1ginas da foto, dados pessoais, contrato e a seguinte em branco);<br \/>\n* Fotoc\u00f3pia da Carteira de reservista, quando candidato do sexo masculino de idade inferior \u00e0 45 anos;<br \/>\n* Fotoc\u00f3pia da Carteira Modelo 19 para estrangeiros;<br \/>\n* Uma fotografia \u00be recente e<br \/>\n* Pagamento das taxas (R$ 60,00) e anuidade prevista na legisla\u00e7\u00e3o vigente.<br \/>\n<strong style=\"line-height: 1.3em;\"><span style=\"text-decoration: underline;\">OBSERVA\u00c7\u00c3O<\/span><\/strong><span style=\"text-decoration: underline;\">:<\/span><span style=\"line-height: 1.3em;\">\u00a0Do registro provis\u00f3rio para o definitivo, apresentar Diploma, original e c\u00f3pia. Caso, tenha passado o prazo, tamb\u00e9m, realizar pagamento das taxas devidas.<\/span><br \/>\n&nbsp;<br \/>\nPessoa Juridica<br \/>\n<strong>Segundo a Res. CFB n\u00ba 307\/1984:<br \/>\n<\/strong><br \/>\n&#8220;Art. 1o \u2013 A empresa ou institui\u00e7\u00e3o que se constitua para prestar ou executar servi\u00e7os de Biblioteconomia e Documenta\u00e7\u00e3o ou que exer\u00e7a qualquer atividade, ligada ao exerc\u00edcio da Profiss\u00e3o de Bibliotec\u00e1rio, \u00e9<br \/>\nobrigada ao registro no Conselho Regional de Biblioteconomia da jurisdi\u00e7\u00e3o de sua sede.<br \/>\nPar\u00e1grafo \u00danico \u2013 Para esse registro, a empresa ou institui\u00e7\u00e3o dever\u00e1 provar personalidade jur\u00eddica e que o(s) respons\u00e1vel(eis) pela parte bibliotecon\u00f4mica seja(m) bibliotec\u00e1rio(s) registrado(s).&#8221;<strong><br \/>\n<\/strong><br \/>\nDocumentos necess\u00e1rios:<br \/>\n\u2022 Requerimento da pr\u00f3pria empresa;<br \/>\n\u2022 Contrato Social ou Estatuto (c\u00f3pia);<br \/>\n\u2022 Estrutura organizacional da Empresa\/Institui\u00e7\u00e3o;<br \/>\n\u2022 Rela\u00e7\u00e3o de fun\u00e7\u00f5es ou atividades do setor t\u00e9cnico na \u00e1rea de Biblioteconomia e Documenta\u00e7\u00e3o;<br \/>\n\u2022 Indica\u00e7\u00e3o do(s) respons\u00e1vel(eis) t\u00e9cnico(s) pelas atividades profissionais, bem como dos demais profissionais integrantes do quadro t\u00e9cnico da empresa\/institui\u00e7\u00e3o, na \u00e1rea de Biblioteconomia e Documenta\u00e7\u00e3o;<br \/>\n\u2022 Declara\u00e7\u00e3o do(s) bibliotec\u00e1rio(s) aceitando o encargo;<br \/>\n\u2022 Declara\u00e7\u00e3o assinada pelos dirigentes da empresa ou institui\u00e7\u00e3o que assegure absoluta independ\u00eancia t\u00e9cnica ao(s) bibliotec\u00e1rio(s) respons\u00e1vel (eis);<br \/>\n\u2022 Pagamento das seguintes taxas:<br \/>\ntaxa de inscri\u00e7\u00e3o (R$ 100,00)<br \/>\ntaxa de certid\u00e3o (empresa) (R$ 35,00)<br \/>\n&nbsp;<br \/>\n<strong>Licen\u00e7a<\/strong><br \/>\nA licen\u00e7a por\u00a0<strong>dois anos\u00a0<\/strong>\u00e9 um recurso que o profissional deve usar, se estiver desempregado, ou estiver atuando em \u00e1rea diferente da Biblioteconomia, mas que deseja retornar algum dia \u00e0 profiss\u00e3o de Bibliotec\u00e1rio.<br \/>\nPara solicitar a licen\u00e7a com validade de dois anos, o profissional dever\u00e1:<br \/>\n<span style=\"line-height: 1.3em;\">&#8211; Est\u00e1 em dia perante o Conselho e n\u00e3o ter, em seu nome, nenhum processo \u00e9tico-disciplinar;<\/span><br \/>\n<span style=\"line-height: 1.3em;\">&#8211; Preencher os formul\u00e1rios em anexo;<\/span><br \/>\n<span style=\"line-height: 1.3em;\">&#8211; Exposi\u00e7\u00e3o de motivos para licen\u00e7a ( justificativa);<\/span><br \/>\n<span style=\"line-height: 1.3em;\">&#8211; Prova de que perdeu o v\u00ednculo profissional (quando pessoa f\u00edsica) e\/ou c\u00f3pia de pedido de baixa, altera\u00e7\u00e3o de contrato ou declara\u00e7\u00e3o de pr\u00f3prio punho que a empresa n\u00e3o est\u00e1 prestando servi\u00e7os, (quando Pessoa Jur\u00eddica);\u00a0<\/span><br \/>\n<span style=\"line-height: 1.3em;\">&#8211; Declara\u00e7\u00e3o de pr\u00f3prio punho, do profissional ou do respons\u00e1vel pela empresa, de que n\u00e3o ir\u00e1 exercer a atividade durante a licen\u00e7a ou o cancelamento, sob penas da Lei e desta Resolu\u00e7\u00e3o.\u00a0<\/span><br \/>\n<span style=\"line-height: 1.3em;\">&#8211; O Requerimento dever\u00e1 vir acompanhado do original da\u00a0<\/span><strong style=\"line-height: 1.3em;\">Carteira e da C\u00e9dula de Identidade Profissional do Bibliotec\u00e1rio<\/strong><span style=\"line-height: 1.3em;\">, para pessoas f\u00edsicas;<\/span><br \/>\n<span style=\"line-height: 1.3em;\">&#8211; Pagar taxa no valor de 10% do valor da anuidade ( sendo que, se pedir a licen\u00e7a ap\u00f3s os tr\u00eas primeiros meses do ano, ser\u00e1 cobrado valor integral da anuidade do ano correspondente a solicita\u00e7\u00e3o).<\/span><br \/>\n<span style=\"line-height: 1.3em;\">OBSERVA\u00c7\u00c3O: a Licen\u00e7a n\u00e3o \u00e9 concedida para Registro Provis\u00f3rio.<\/span><br \/>\n<strong><a style=\"line-height: 1.3em;\" href=\"https:\/\/crb1.org.br\/images\/Formularios\/Formularios_Licen\u00e7a.pdf\" target=\"_blank\" rel=\"noopener\">Formul\u00e1rio de Licen\u00e7a CRB 1<\/a><\/strong><br \/>\n&nbsp;<br \/>\n<strong>Cancelamento<\/strong><br \/>\nO cancelamento deve ser solicitado quando o profissional estiver aposentado ( o profissional aposentado dever\u00e1 entrar em contato com o CRB-1) e quando n\u00e3o for mais exercer a profiss\u00e3o de Bibliotec\u00e1rio.<br \/>\nMesmo nos casos de trabalho volunt\u00e1rio, o profissional dever\u00e1 estar em dia com suas obriga\u00e7\u00f5es no CRB1 n\u00e3o caracterizando o cancelamento. Durante a licen\u00e7a ou cancelamento, o Bibliotec\u00e1rio fica isento do pagamento da anuidade. (Paga somente os duod\u00e9cimos da anuidade, dependendo de quando solicitou a licen\u00e7a ou o cancelamento.<br \/>\nSe solicitada at\u00e9 o m\u00eas de mar\u00e7o ser\u00e1 cobrado 3\/12 da anuidade. E se solicitado ap\u00f3s esta data, ou seja, de abril at\u00e9 dezembro, ser\u00e1 cobrada a anuidade integral).<br \/>\n<strong>Cancelamento Pessoa F\u00edsica<\/strong><br \/>\n* Encerramento das Atividades:<br \/>\nPara solicitar o cancelamento, o profissional dever\u00e1:<br \/>\n&#8211; Est\u00e1 em dia perante o Conselho e n\u00e3o ter, em seu nome, nenhum processo \u00e9tico-disciplinar;<br \/>\n&#8211; Preencher os formul\u00e1rios em anexo;<br \/>\n&#8211; Declara\u00e7\u00e3o de pr\u00f3prio punho, do profissional ou do respons\u00e1vel pela empresa, de que n\u00e3o ir\u00e1 exercer a atividade durante o cancelamento, sob penas da Lei e desta Resolu\u00e7\u00e3o.<br \/>\n&#8211; O Requerimento dever\u00e1 vir acompanhado do original da Carteira e da C\u00e9dula de Identidade Profissional do Bibliotec\u00e1rio, para pessoas f\u00edsicas;<br \/>\n&#8211; Pagar taxa no valor de 10% do valor da anuidade ( sendo que, se pedir o cancelamento ap\u00f3s os tr\u00eas primeiros meses do ano, ser\u00e1 cobrado valor integral da anuidade do ano correspondente a solicita\u00e7\u00e3o);<br \/>\n&#8211; C\u00f3pia portaria de aposentadoria ou documento que comprove a aposentadoria (para quem est\u00e1 aposentado);<br \/>\n&#8211; C\u00f3pia da CTPS (p\u00e1gina da foto e o verso e a \u00faltima p\u00e1gina com registro de emprego, mais a seguinte em branco).<br \/>\n<strong><br \/>\n* Cancelamento por falecimento:<\/strong><br \/>\nPara solicitar, o respons\u00e1vel dever\u00e1;<br \/>\n&#8211; Enviar c\u00f3pia da certid\u00e3o de \u00f3bito ou documenta\u00e7\u00e3o oficial que comprove o falecimento.<br \/>\n<strong>MAS ATEN\u00c7\u00c3O!!\u00a0<\/strong><br \/>\nO Bibliotec\u00e1rio que, estando cancelado ou licenciado, continuar desempenhando as atividades pertinentes \u00e0 profiss\u00e3o, estar\u00e1 em exerc\u00edcio ilegal, sujeito a penalidades previstas no artigo 40 da Lei 9.674\/98, que v\u00e3o desde multa de uma a cinq\u00fcenta vezes o valor da anuidade, at\u00e9 a cassa\u00e7\u00e3o do registro profissional.<br \/>\nAtrav\u00e9s de den\u00fancias recebidas e visitas da Bibliotec\u00e1ria fiscal, ser\u00e1 poss\u00edvel identificar os profissionais que estiverem atuando ilegalmente, sem o devido registro, ou na condi\u00e7\u00e3o de licenciados ou cancelados. Se voc\u00ea tem conhecimento de irregularidades, sejam de profissionais ou institui\u00e7\u00f5es que n\u00e3o possuem Bibliotec\u00e1rio, denuncie-as, para que tomemos as devidas provid\u00eancias.<br \/>\n<a href=\"https:\/\/crb1.org.br\/images\/Formularios\/Formularios_Cancelamento.pdf\" target=\"_blank\" rel=\"noopener\">Formul\u00e1rio de cancelamento CRB 1<\/a><br \/>\n<strong>\u00a0<\/strong><br \/>\n<strong>Reintegra\u00e7\u00e3o<\/strong><br \/>\nA reintegra\u00e7\u00e3o no CRB pode ocorrer a qualquer tempo, a requerimento do interessado.<br \/>\nPara solicitar a reintegra\u00e7\u00e3o, o profissional dever\u00e1:<br \/>\n&#8211; Est\u00e1 em dia perante o Conselho e n\u00e3o ter, em seu nome, nenhum processo \u00e9tico-disciplinar;<br \/>\n&#8211; Preencher os formul\u00e1rios em anexo;<br \/>\n&#8211; Pagar taxa de inscri\u00e7\u00e3o (R$ 60,00) e anuidade proporcional;<br \/>\n<strong>OBSERVA\u00c7\u00c3O<\/strong>: Caso o profissional esteja licenciado n\u00e3o pagar\u00e1 taxa de inscri\u00e7\u00e3o, pagar\u00e1 apenas a anuidade proporcional.<br \/>\nCaso o profissional esteja com seu registro cancelado dever\u00e1 fornecer, novamente, toda a documenta\u00e7\u00e3o para Registro junto ao CRB-1 juntamente com a ficha cadastral preenchida.<br \/>\n<a href=\"https:\/\/crb1.org.br\/UserFiles\/File\/cadastro.pdf\"><br \/>\n<\/a><a href=\"https:\/\/crb1.org.br\/images\/Formularios\/Formulario_Reintegracao.pdf\" target=\"_blank\" rel=\"noopener\">Formul\u00e1rio Reintegra\u00e7\u00e3o<\/a><br \/>\n&nbsp;<br \/>\n<strong>Transfer\u00eancia<\/strong><br \/>\nPara realizar a transfer\u00eancia do CRB-1 para outra jurisdi\u00e7\u00e3o, o profissional dever\u00e1:<br \/>\n&#8211; Est\u00e1 em dia perante o Conselho e n\u00e3o ter, em seu nome, nenhum processo \u00e9tico-disciplinar;<br \/>\n&#8211; Preencher os formul\u00e1rios em anexo;<br \/>\n&#8211; Pagar a taxa de transfer\u00eancia no valor de R$ 25,00 (vinte e cinco reais);<br \/>\n&#8211; Enviar a Carteira Profissional.<br \/>\n<strong><a href=\"https:\/\/crb1.org.br\/images\/Formularios\/Formulario_Transferencia.pdf\">Formul\u00e1rio de Transfer\u00eancia\u00a0de outro estado para o CRB-1<\/a><\/strong><br \/>\n<a title=\"Formulario de Transferencia do CRB-1 para outro estado\" href=\"http:\/\/www.crb1.org.br\/images\/Formularios\/Formulario_Transferencia_CRB1_para_outro_CRB.pdf\"><strong><strong>Formul\u00e1rio de Transfer\u00eancia do CRB-1 para outro estado<\/strong><\/strong><\/a><br \/>\n<strong><a href=\"https:\/\/crb1.org.br\/images\/Formularios\/Formularios_Registro_Definitivo.pdf\">Cadastro de Registro<\/a><\/strong><br \/>\n&nbsp;<\/p>\n","protected":false},"excerpt":{"rendered":"<p>O Registro Para exercer a profiss\u00e3o de bibliotec\u00e1rio, os formandos devem solicitar o registro no Conselho Regional de Biblioteconomia. O exerc\u00edcio profissional sem registro, bem como sem o pagamento da anuidade, implica em caracteriza\u00e7\u00e3o do exerc\u00edcio ilegal da profiss\u00e3o, nos termos do art. 26 da Lei n\u00b0 4.084\/62 do art. 4\u00ba e incisos, do Decreto [&hellip;]<\/p>\n","protected":false},"author":1,"featured_media":0,"comment_status":"open","ping_status":"open","sticky":false,"template":"","format":"standard","meta":{"site-sidebar-layout":"default","site-content-layout":"","ast-site-content-layout":"default","site-content-style":"default","site-sidebar-style":"default","ast-global-header-display":"","ast-banner-title-visibility":"","ast-main-header-display":"","ast-hfb-above-header-display":"","ast-hfb-below-header-display":"","ast-hfb-mobile-header-display":"","site-post-title":"","ast-breadcrumbs-content":"","ast-featured-img":"","footer-sml-layout":"","ast-disable-related-posts":"","theme-transparent-header-meta":"","adv-header-id-meta":"","stick-header-meta":"","header-above-stick-meta":"","header-main-stick-meta":"","header-below-stick-meta":"","astra-migrate-meta-layouts":"default","ast-page-background-enabled":"default","ast-page-background-meta":{"desktop":{"background-color":"","background-image":"","background-repeat":"repeat","background-position":"center center","background-size":"auto","background-attachment":"scroll","background-type":"","background-media":"","overlay-type":"","overlay-color":"","overlay-opacity":"","overlay-gradient":""},"tablet":{"background-color":"","background-image":"","background-repeat":"repeat","background-position":"center center","background-size":"auto","background-attachment":"scroll","background-type":"","background-media":"","overlay-type":"","overlay-color":"","overlay-opacity":"","overlay-gradient":""},"mobile":{"background-color":"","background-image":"","background-repeat":"repeat","background-position":"center center","background-size":"auto","background-attachment":"scroll","background-type":"","background-media":"","overlay-type":"","overlay-color":"","overlay-opacity":"","overlay-gradient":""}},"ast-content-background-meta":{"desktop":{"background-color":"var(--ast-global-color-5)","background-image":"","background-repeat":"repeat","background-position":"center center","background-size":"auto","background-attachment":"scroll","background-type":"","background-media":"","overlay-type":"","overlay-color":"","overlay-opacity":"","overlay-gradient":""},"tablet":{"background-color":"var(--ast-global-color-5)","background-image":"","background-repeat":"repeat","background-position":"center center","background-size":"auto","background-attachment":"scroll","background-type":"","background-media":"","overlay-type":"","overlay-color":"","overlay-opacity":"","overlay-gradient":""},"mobile":{"background-color":"var(--ast-global-color-5)","background-image":"","background-repeat":"repeat","background-position":"center center","background-size":"auto","background-attachment":"scroll","background-type":"","background-media":"","overlay-type":"","overlay-color":"","overlay-opacity":"","overlay-gradient":""}},"footnotes":""},"categories":[24],"tags":[],"class_list":["post-508","post","type-post","status-publish","format-standard","hentry","category-evento"],"_links":{"self":[{"href":"https:\/\/crb1.org.br\/site\/wp-json\/wp\/v2\/posts\/508","targetHints":{"allow":["GET"]}}],"collection":[{"href":"https:\/\/crb1.org.br\/site\/wp-json\/wp\/v2\/posts"}],"about":[{"href":"https:\/\/crb1.org.br\/site\/wp-json\/wp\/v2\/types\/post"}],"author":[{"embeddable":true,"href":"https:\/\/crb1.org.br\/site\/wp-json\/wp\/v2\/users\/1"}],"replies":[{"embeddable":true,"href":"https:\/\/crb1.org.br\/site\/wp-json\/wp\/v2\/comments?post=508"}],"version-history":[{"count":0,"href":"https:\/\/crb1.org.br\/site\/wp-json\/wp\/v2\/posts\/508\/revisions"}],"wp:attachment":[{"href":"https:\/\/crb1.org.br\/site\/wp-json\/wp\/v2\/media?parent=508"}],"wp:term":[{"taxonomy":"category","embeddable":true,"href":"https:\/\/crb1.org.br\/site\/wp-json\/wp\/v2\/categories?post=508"},{"taxonomy":"post_tag","embeddable":true,"href":"https:\/\/crb1.org.br\/site\/wp-json\/wp\/v2\/tags?post=508"}],"curies":[{"name":"wp","href":"https:\/\/api.w.org\/{rel}","templated":true}]}}