{"id":512,"date":"2013-05-06T17:53:03","date_gmt":"2013-05-06T20:53:03","guid":{"rendered":"https:\/\/novocrb1.ultramidia.com.br\/congresso-ira-discutir-em-brasilia-o-impacto-da-gestao-documental-nos-servicos-publicos\/"},"modified":"2013-05-06T17:53:03","modified_gmt":"2013-05-06T20:53:03","slug":"congresso-ira-discutir-em-brasilia-o-impacto-da-gestao-documental-nos-servicos-publicos","status":"publish","type":"post","link":"https:\/\/crb1.org.br\/site\/2013\/05\/congresso-ira-discutir-em-brasilia-o-impacto-da-gestao-documental-nos-servicos-publicos\/","title":{"rendered":"Congresso ir\u00e1 discutir em Bras\u00edlia o impacto da  gest\u00e3o documental nos servi\u00e7os p\u00fablicos"},"content":{"rendered":"<p><img decoding=\"async\" style=\"float: left; margin: 5px;\" title=\"ECMShow 2013\" src=\"http:\/\/www.crb1.org.br\/images\/ecmshow_2013.png\" alt=\"ECMShow 2013\" width=\"180\" height=\"180\" \/>Representantes de diversos \u00f3rg\u00e3os importantes do governo se re\u00fanem nos dias 14 e 15 deste m\u00eas para discutir e apresentar os caminhos que v\u00eam sendo trilhados no campo da gest\u00e3o documental, bem como os desafios frente \u00e0 necessidade cada vez maior de organizar, gerenciar, compartilhar e recuperar informa\u00e7\u00f5es e documentos de forma r\u00e1pida, segura e transparente. Os debates v\u00e3o ocorrer durante o Congresso de Gest\u00e3o da Informa\u00e7\u00e3o e Documentos Corporativos, que ser\u00e1 realizado em Bras\u00edlia, no Mercure Eixo Hotel, pelo terceiro ano consecutivo.<br \/>\nO setor p\u00fablico, assim com a iniciativa privada, busca aperfei\u00e7oar seus servi\u00e7os tanto interno como externo, reduzir custos e aumentar a transpar\u00eancia. Por\u00e9m, o imenso volume de informa\u00e7\u00e3o e documentos produzidos diariamente, em papel ou formato digital, e o surgimento de novas tecnologias t\u00eam desafiado o governo, que se debate com quest\u00f5es sobre como a digitaliza\u00e7\u00e3o deve ser aplicada e o que diz a legisla\u00e7\u00e3o; quais os tipos de documentos podem ser descartados e qual a melhor forma de faz\u00ea-lo; como terceirizar a guarda de documentos; como trabalhar com as novas tecnologias e qual o melhor m\u00e9todo de organizar e preservar os documentos. Com a promulga\u00e7\u00e3o da Lei de Acesso \u00e0 Informa\u00e7\u00e3o, em vigor h\u00e1 um ano, os desafios se tornaram ainda maiores na \u00e1rea p\u00fablica.<br \/>\n<!--more--><br \/>\n&nbsp;<br \/>\n<span style=\"line-height: 1.3em;\">O Judici\u00e1rio, a Receita Federal, a Previd\u00eancia Social e os minist\u00e9rios das Minas e Energias e do Planejamento, por\u00e9m, est\u00e3o saindo na frente e mostrando como a gest\u00e3o documental vem transformando seus servi\u00e7os. A experi\u00eancia desses \u00f3rg\u00e3os, que ser\u00e1 apresentada em palestras e mesas-redondas, revela avan\u00e7os importantes nas atividades do dia-a-dia e no atendimento aos cidad\u00e3os.\u00a0<\/span><br \/>\nNa \u00e1rea da Justi\u00e7a, por exemplo, a mobilidade j\u00e1 se tornou realidade. Para agilizar os trabalhos, os ju\u00edzes acessam suas informa\u00e7\u00f5es por meio de dispositivo m\u00f3vel, cujos dados est\u00e3o armazenados em nuvem, uma das tecnologias mais avan\u00e7adas.<br \/>\nA Previd\u00eancia Social e a Receita Federal s\u00e3o outros dois exemplos da import\u00e2ncia da gest\u00e3o documental no aperfei\u00e7oamento dos servi\u00e7os. O Minist\u00e9rio das Minas e Energia, por sua vez, implementou recentemente um projeto in\u00e9dito em seu acervo f\u00edsico, o primeiro em gest\u00e3o documental nos seus 50 anos de hist\u00f3ria.<br \/>\nPara suportar o trabalho e as tecnologias que a gest\u00e3o documental exige, a capacita\u00e7\u00e3o do profissional da informa\u00e7\u00e3o \u00e9 fundamental para o sucesso dos projetos. O tema tamb\u00e9m \u00e9 um dos destaques do congresso e ser\u00e1 discutido em mesa-redonda, com a participa\u00e7\u00e3o de docentes da Universidade de Bras\u00edlia (UNB) e integrantes do Tribunal de Contas da Uni\u00e3o (TCU) e do Banco Central (BC).<br \/>\nAl\u00e9m de compartilhar conhecimento com os congressistas, a confer\u00eancia abre espa\u00e7o gratuito para os visitantes, que poder\u00e3o esclarecer d\u00favidas sobre projetos de digitaliza\u00e7\u00e3o, computa\u00e7\u00e3o em nuvem, social business, big data e guarda de documentos, entre outros temas, com os palestrantes. O congresso tamb\u00e9m contar\u00e1 com uma exposi\u00e7\u00e3o aberta ao p\u00fablico, na qual fornecedores de produtos e servi\u00e7os v\u00e3o apresentar as recentes novidades em gest\u00e3o documental.<br \/>\n<strong>Agenda<\/strong><br \/>\n<em>Evento: Congresso de Gest\u00e3o da Informa\u00e7\u00e3o e Documentos Corporativos<\/em><br \/>\n<em>Quando: 14 e 15 de maio<\/em><br \/>\n<em>Local: Mercure Eixo Hotel &#8211; Shn Quadra 5, Bloco G \u2013 Asa Norte, Bras\u00edlia \u2013 DF<\/em><br \/>\n<em>Exposi\u00e7\u00e3o: Acesso livre mediante inscri\u00e7\u00e3o antecipada no www.ecmshow.com.br<\/em><\/p>\n","protected":false},"excerpt":{"rendered":"<p>Representantes de diversos \u00f3rg\u00e3os importantes do governo se re\u00fanem nos dias 14 e 15 deste m\u00eas para discutir e apresentar os caminhos que v\u00eam sendo trilhados no campo da gest\u00e3o documental, bem como os desafios frente \u00e0 necessidade cada vez maior de organizar, gerenciar, compartilhar e recuperar informa\u00e7\u00f5es e documentos de forma r\u00e1pida, segura e [&hellip;]<\/p>\n","protected":false},"author":1,"featured_media":0,"comment_status":"open","ping_status":"open","sticky":false,"template":"","format":"standard","meta":{"site-sidebar-layout":"default","site-content-layout":"","ast-site-content-layout":"default","site-content-style":"default","site-sidebar-style":"default","ast-global-header-display":"","ast-banner-title-visibility":"","ast-main-header-display":"","ast-hfb-above-header-display":"","ast-hfb-below-header-display":"","ast-hfb-mobile-header-display":"","site-post-title":"","ast-breadcrumbs-content":"","ast-featured-img":"","footer-sml-layout":"","ast-disable-related-posts":"","theme-transparent-header-meta":"","adv-header-id-meta":"","stick-header-meta":"","header-above-stick-meta":"","header-main-stick-meta":"","header-below-stick-meta":"","astra-migrate-meta-layouts":"default","ast-page-background-enabled":"default","ast-page-background-meta":{"desktop":{"background-color":"","background-image":"","background-repeat":"repeat","background-position":"center center","background-size":"auto","background-attachment":"scroll","background-type":"","background-media":"","overlay-type":"","overlay-color":"","overlay-opacity":"","overlay-gradient":""},"tablet":{"background-color":"","background-image":"","background-repeat":"repeat","background-position":"center center","background-size":"auto","background-attachment":"scroll","background-type":"","background-media":"","overlay-type":"","overlay-color":"","overlay-opacity":"","overlay-gradient":""},"mobile":{"background-color":"","background-image":"","background-repeat":"repeat","background-position":"center center","background-size":"auto","background-attachment":"scroll","background-type":"","background-media":"","overlay-type":"","overlay-color":"","overlay-opacity":"","overlay-gradient":""}},"ast-content-background-meta":{"desktop":{"background-color":"var(--ast-global-color-5)","background-image":"","background-repeat":"repeat","background-position":"center center","background-size":"auto","background-attachment":"scroll","background-type":"","background-media":"","overlay-type":"","overlay-color":"","overlay-opacity":"","overlay-gradient":""},"tablet":{"background-color":"var(--ast-global-color-5)","background-image":"","background-repeat":"repeat","background-position":"center center","background-size":"auto","background-attachment":"scroll","background-type":"","background-media":"","overlay-type":"","overlay-color":"","overlay-opacity":"","overlay-gradient":""},"mobile":{"background-color":"var(--ast-global-color-5)","background-image":"","background-repeat":"repeat","background-position":"center center","background-size":"auto","background-attachment":"scroll","background-type":"","background-media":"","overlay-type":"","overlay-color":"","overlay-opacity":"","overlay-gradient":""}},"footnotes":""},"categories":[1],"tags":[],"class_list":["post-512","post","type-post","status-publish","format-standard","hentry","category-noticias"],"_links":{"self":[{"href":"https:\/\/crb1.org.br\/site\/wp-json\/wp\/v2\/posts\/512","targetHints":{"allow":["GET"]}}],"collection":[{"href":"https:\/\/crb1.org.br\/site\/wp-json\/wp\/v2\/posts"}],"about":[{"href":"https:\/\/crb1.org.br\/site\/wp-json\/wp\/v2\/types\/post"}],"author":[{"embeddable":true,"href":"https:\/\/crb1.org.br\/site\/wp-json\/wp\/v2\/users\/1"}],"replies":[{"embeddable":true,"href":"https:\/\/crb1.org.br\/site\/wp-json\/wp\/v2\/comments?post=512"}],"version-history":[{"count":0,"href":"https:\/\/crb1.org.br\/site\/wp-json\/wp\/v2\/posts\/512\/revisions"}],"wp:attachment":[{"href":"https:\/\/crb1.org.br\/site\/wp-json\/wp\/v2\/media?parent=512"}],"wp:term":[{"taxonomy":"category","embeddable":true,"href":"https:\/\/crb1.org.br\/site\/wp-json\/wp\/v2\/categories?post=512"},{"taxonomy":"post_tag","embeddable":true,"href":"https:\/\/crb1.org.br\/site\/wp-json\/wp\/v2\/tags?post=512"}],"curies":[{"name":"wp","href":"https:\/\/api.w.org\/{rel}","templated":true}]}}