{"id":513,"date":"2013-05-06T18:04:34","date_gmt":"2013-05-06T21:04:34","guid":{"rendered":"https:\/\/novocrb1.ultramidia.com.br\/seminario-na-camara-vai-debater-os-desafios-do-livro-digital-no-brasil\/"},"modified":"2013-05-06T18:04:34","modified_gmt":"2013-05-06T21:04:34","slug":"seminario-na-camara-vai-debater-os-desafios-do-livro-digital-no-brasil","status":"publish","type":"post","link":"https:\/\/crb1.org.br\/site\/2013\/05\/seminario-na-camara-vai-debater-os-desafios-do-livro-digital-no-brasil\/","title":{"rendered":"Semin\u00e1rio na C\u00e2mara vai debater os desafios do livro digital no Brasil"},"content":{"rendered":"<div>\nOs desafios do livro digital no Brasil ser\u00e3o debatidos na C\u00e2mara dos Deputados no pr\u00f3ximo dia 8 de maio, a partir das 14h, em semin\u00e1rio, no Audit\u00f3rio Freitas Nobre. O objetivo do evento, segundo a deputada F\u00e1tima Bezerra (PT-RN), \u00e9 colher\u00a0sugest\u00f5es\u00a0para o parecer a ser apresentado ao Projeto de Lei 4.534\/12, que altera a Lei 10.753, de 30 de outubro de 2003, que instituiu a Pol\u00edtica Nacional do Livro. Ela \u00e9 a relatora da proposta na Comiss\u00e3o de Cultura da C\u00e2mara.<br \/>\nA proposta foi apresentada pelo senador Acir Gurgacz (PDT-RO) e foi aprovada pelo Senado. Na C\u00e2mara, a mat\u00e9ria tramita em car\u00e1ter conclusivo nas comiss\u00f5es t\u00e9cnicas. Se for aprovada sem altera\u00e7\u00f5es ser\u00e1 encaminhada \u00e0 san\u00e7\u00e3o presidencial.<br \/>\n<!--more--><br \/>\n\u201cConsidera-se livro a publica\u00e7\u00e3o de texto escritos em fichas ou folhas, n\u00e3o peri\u00f3dica, grampeada, colada ou costurada, em volume cartonado, encadernado ou em brochura, em capas avulsas, em qualquer forma e acabamento, assim como a publica\u00e7\u00e3o desses textos convertidos em formato digital, magn\u00e9tico ou \u00f3tico, ou\u00a0impressos\u00a0no sistema braile\u201d, diz o texto do projeto.<br \/>\nA iniciativa do semin\u00e1rio \u00e9 dos deputados F\u00e1tima Bezerra, presidente da Frente Parlamentar Mista do Livro e Leitura, e Jos\u00e9 St\u00e9dile (PSB-RS), presidente da Frente Parlamentar em Defesa das\u00a0Bibliotecas\u00a0P\u00fablicas.<br \/>\nDevem participar do evento o secret\u00e1rio executivo do Plano Nacional do Livro e Leitura do Minist\u00e9rio da Cultura, Jos\u00e9 Castilho Marques Neto; a presidenta da C\u00e2mara Brasileira do Livro, Karine Pansa; o coordenador do Programa Prazer em\u00a0Lerdo Instituto C&amp;A, Volnei Can\u00f4nica; a diretora da Divis\u00e3o de Conte\u00fado Digital do Minist\u00e9rio da Educa\u00e7\u00e3o, Monica Franco; a coordenadora-geral dos programas do Livro do Fundo Nacional de Desenvolvimento da Educa\u00e7\u00e3o (FNDE), Sonia Schwartz; dirigentes de livrarias e editoras e escritores.\n<\/div>\n<p>Fonte: <a href=\"http:\/\/www.ebc.com.br\/noticias\/politica\/2013\/05\/seminario-na-camara-vai-debater-os-desafios-do-livro-digital-no-brasil\">Ag\u00eancia Brasil<\/a><\/p>\n","protected":false},"excerpt":{"rendered":"<p>Os desafios do livro digital no Brasil ser\u00e3o debatidos na C\u00e2mara dos Deputados no pr\u00f3ximo dia 8 de maio, a partir das 14h, em semin\u00e1rio, no Audit\u00f3rio Freitas Nobre. O objetivo do evento, segundo a deputada F\u00e1tima Bezerra (PT-RN), \u00e9 colher\u00a0sugest\u00f5es\u00a0para o parecer a ser apresentado ao Projeto de Lei 4.534\/12, que altera a Lei [&hellip;]<\/p>\n","protected":false},"author":1,"featured_media":0,"comment_status":"open","ping_status":"open","sticky":false,"template":"","format":"standard","meta":{"site-sidebar-layout":"default","site-content-layout":"","ast-site-content-layout":"default","site-content-style":"default","site-sidebar-style":"default","ast-global-header-display":"","ast-banner-title-visibility":"","ast-main-header-display":"","ast-hfb-above-header-display":"","ast-hfb-below-header-display":"","ast-hfb-mobile-header-display":"","site-post-title":"","ast-breadcrumbs-content":"","ast-featured-img":"","footer-sml-layout":"","ast-disable-related-posts":"","theme-transparent-header-meta":"","adv-header-id-meta":"","stick-header-meta":"","header-above-stick-meta":"","header-main-stick-meta":"","header-below-stick-meta":"","astra-migrate-meta-layouts":"default","ast-page-background-enabled":"default","ast-page-background-meta":{"desktop":{"background-color":"","background-image":"","background-repeat":"repeat","background-position":"center center","background-size":"auto","background-attachment":"scroll","background-type":"","background-media":"","overlay-type":"","overlay-color":"","overlay-opacity":"","overlay-gradient":""},"tablet":{"background-color":"","background-image":"","background-repeat":"repeat","background-position":"center center","background-size":"auto","background-attachment":"scroll","background-type":"","background-media":"","overlay-type":"","overlay-color":"","overlay-opacity":"","overlay-gradient":""},"mobile":{"background-color":"","background-image":"","background-repeat":"repeat","background-position":"center center","background-size":"auto","background-attachment":"scroll","background-type":"","background-media":"","overlay-type":"","overlay-color":"","overlay-opacity":"","overlay-gradient":""}},"ast-content-background-meta":{"desktop":{"background-color":"var(--ast-global-color-5)","background-image":"","background-repeat":"repeat","background-position":"center center","background-size":"auto","background-attachment":"scroll","background-type":"","background-media":"","overlay-type":"","overlay-color":"","overlay-opacity":"","overlay-gradient":""},"tablet":{"background-color":"var(--ast-global-color-5)","background-image":"","background-repeat":"repeat","background-position":"center center","background-size":"auto","background-attachment":"scroll","background-type":"","background-media":"","overlay-type":"","overlay-color":"","overlay-opacity":"","overlay-gradient":""},"mobile":{"background-color":"var(--ast-global-color-5)","background-image":"","background-repeat":"repeat","background-position":"center center","background-size":"auto","background-attachment":"scroll","background-type":"","background-media":"","overlay-type":"","overlay-color":"","overlay-opacity":"","overlay-gradient":""}},"footnotes":""},"categories":[1],"tags":[],"class_list":["post-513","post","type-post","status-publish","format-standard","hentry","category-noticias"],"_links":{"self":[{"href":"https:\/\/crb1.org.br\/site\/wp-json\/wp\/v2\/posts\/513","targetHints":{"allow":["GET"]}}],"collection":[{"href":"https:\/\/crb1.org.br\/site\/wp-json\/wp\/v2\/posts"}],"about":[{"href":"https:\/\/crb1.org.br\/site\/wp-json\/wp\/v2\/types\/post"}],"author":[{"embeddable":true,"href":"https:\/\/crb1.org.br\/site\/wp-json\/wp\/v2\/users\/1"}],"replies":[{"embeddable":true,"href":"https:\/\/crb1.org.br\/site\/wp-json\/wp\/v2\/comments?post=513"}],"version-history":[{"count":0,"href":"https:\/\/crb1.org.br\/site\/wp-json\/wp\/v2\/posts\/513\/revisions"}],"wp:attachment":[{"href":"https:\/\/crb1.org.br\/site\/wp-json\/wp\/v2\/media?parent=513"}],"wp:term":[{"taxonomy":"category","embeddable":true,"href":"https:\/\/crb1.org.br\/site\/wp-json\/wp\/v2\/categories?post=513"},{"taxonomy":"post_tag","embeddable":true,"href":"https:\/\/crb1.org.br\/site\/wp-json\/wp\/v2\/tags?post=513"}],"curies":[{"name":"wp","href":"https:\/\/api.w.org\/{rel}","templated":true}]}}