{"id":514,"date":"2013-05-07T19:01:53","date_gmt":"2013-05-07T22:01:53","guid":{"rendered":"https:\/\/novocrb1.ultramidia.com.br\/oportunidade-iphan-divulga-oportunidade-para-bibliotecario\/"},"modified":"2013-05-07T19:01:53","modified_gmt":"2013-05-07T22:01:53","slug":"oportunidade-iphan-divulga-oportunidade-para-bibliotecario","status":"publish","type":"post","link":"https:\/\/crb1.org.br\/site\/2013\/05\/oportunidade-iphan-divulga-oportunidade-para-bibliotecario\/","title":{"rendered":"Oportunidade &#8211; Iphan divulga sele\u00e7\u00e3o para Bibliotec\u00e1rio"},"content":{"rendered":"<p><img fetchpriority=\"high\" decoding=\"async\" style=\"margin-top: 5px; margin-bottom: 5px;\" title=\"IPHAN oferece oportunidade para Bibliotec\u00e1rio\" src=\"http:\/\/www.crb1.org.br\/images\/Iphan.jpg\" alt=\"IPHAN oferece oportunidade para Bibliotec\u00e1rio\" width=\"442\" height=\"147\" \/><br \/>\nO Instituto do Patrim\u00f4nio Hist\u00f3rico e Art\u00edstico Nacional &#8211; IPHAN, divulga oportunidade para Bibliotec\u00e1rios na fun\u00e7\u00e3o de Gest\u00e3o do Acervo Silva Telles. Apenas uma (01) vaga ser\u00e1 disponibilizada e para participar da sele\u00e7\u00e3o, o profissional precisa possuir g<span style=\"line-height: 1.3em;\">radua\u00e7\u00e3o na \u00e1rea de biblioteconomia, preferencialmente com p\u00f3s-gradua\u00e7\u00e3o\u00a0<\/span><span style=\"line-height: 1.3em;\">em Gest\u00e3o da Informa\u00e7\u00e3o, Ci\u00eancia da Informa\u00e7\u00e3o ou relativos.<\/span><br \/>\n<!--more--><br \/>\nO Instituto do Patrim\u00f4nio Hist\u00f3rico e Art\u00edstico Nacional &#8211; IPHAN, divulga oportunidade para Bibliotec\u00e1rios na fun\u00e7\u00e3o de Gest\u00e3o do Acervo Silva Telles. Apenas uma (01) vaga ser\u00e1 disponibilizada e para participar da sele\u00e7\u00e3o, o profissional precisa possuir gradua\u00e7\u00e3o na \u00e1rea de biblioteconomia, preferencialmente com p\u00f3s-gradua\u00e7\u00e3o\u00a0em Gest\u00e3o da Informa\u00e7\u00e3o, Ci\u00eancia da Informa\u00e7\u00e3o ou relativos.<br \/>\n<span style=\"line-height: 1.3em;\">Al\u00e9m disso, tamb\u00e9m ser\u00e3o exigidos:\u00a0<\/span><span style=\"line-height: 1.3em;\">Experi\u00eancia m\u00ednima de 4 (quatro) anos na \u00e1rea de documenta\u00e7\u00e3o e\u00a0<\/span><span style=\"line-height: 1.3em;\">conserva\u00e7\u00e3o; Experi\u00eancia m\u00ednima de 2 (dois) anos na \u00e1rea de Gest\u00e3o, como Gestor de Bibliotecas\u00a0<\/span><span style=\"line-height: 1.3em;\">ou Centros de Informa\u00e7\u00e3o e Documenta\u00e7\u00e3o.<\/span><br \/>\n<a href=\"http:\/\/www.crb1.org.br\/images\/edital_iphan.pdf\" target=\"_parent\" rel=\"noopener\"><span style=\"line-height: 1.3em;\">Acesse o edital atrav\u00e9s do link e confira!<\/span><\/a><br \/>\n<span style=\"line-height: 1.3em;\">\u00a0<\/span><\/p>\n","protected":false},"excerpt":{"rendered":"<p>O Instituto do Patrim\u00f4nio Hist\u00f3rico e Art\u00edstico Nacional &#8211; IPHAN, divulga oportunidade para Bibliotec\u00e1rios na fun\u00e7\u00e3o de Gest\u00e3o do Acervo Silva Telles. Apenas uma (01) vaga ser\u00e1 disponibilizada e para participar da sele\u00e7\u00e3o, o profissional precisa possuir gradua\u00e7\u00e3o na \u00e1rea de biblioteconomia, preferencialmente com p\u00f3s-gradua\u00e7\u00e3o\u00a0em Gest\u00e3o da Informa\u00e7\u00e3o, Ci\u00eancia da Informa\u00e7\u00e3o ou relativos.<\/p>\n","protected":false},"author":1,"featured_media":0,"comment_status":"open","ping_status":"open","sticky":false,"template":"","format":"standard","meta":{"site-sidebar-layout":"default","site-content-layout":"","ast-site-content-layout":"default","site-content-style":"default","site-sidebar-style":"default","ast-global-header-display":"","ast-banner-title-visibility":"","ast-main-header-display":"","ast-hfb-above-header-display":"","ast-hfb-below-header-display":"","ast-hfb-mobile-header-display":"","site-post-title":"","ast-breadcrumbs-content":"","ast-featured-img":"","footer-sml-layout":"","ast-disable-related-posts":"","theme-transparent-header-meta":"","adv-header-id-meta":"","stick-header-meta":"","header-above-stick-meta":"","header-main-stick-meta":"","header-below-stick-meta":"","astra-migrate-meta-layouts":"default","ast-page-background-enabled":"default","ast-page-background-meta":{"desktop":{"background-color":"","background-image":"","background-repeat":"repeat","background-position":"center center","background-size":"auto","background-attachment":"scroll","background-type":"","background-media":"","overlay-type":"","overlay-color":"","overlay-opacity":"","overlay-gradient":""},"tablet":{"background-color":"","background-image":"","background-repeat":"repeat","background-position":"center center","background-size":"auto","background-attachment":"scroll","background-type":"","background-media":"","overlay-type":"","overlay-color":"","overlay-opacity":"","overlay-gradient":""},"mobile":{"background-color":"","background-image":"","background-repeat":"repeat","background-position":"center center","background-size":"auto","background-attachment":"scroll","background-type":"","background-media":"","overlay-type":"","overlay-color":"","overlay-opacity":"","overlay-gradient":""}},"ast-content-background-meta":{"desktop":{"background-color":"var(--ast-global-color-5)","background-image":"","background-repeat":"repeat","background-position":"center center","background-size":"auto","background-attachment":"scroll","background-type":"","background-media":"","overlay-type":"","overlay-color":"","overlay-opacity":"","overlay-gradient":""},"tablet":{"background-color":"var(--ast-global-color-5)","background-image":"","background-repeat":"repeat","background-position":"center center","background-size":"auto","background-attachment":"scroll","background-type":"","background-media":"","overlay-type":"","overlay-color":"","overlay-opacity":"","overlay-gradient":""},"mobile":{"background-color":"var(--ast-global-color-5)","background-image":"","background-repeat":"repeat","background-position":"center center","background-size":"auto","background-attachment":"scroll","background-type":"","background-media":"","overlay-type":"","overlay-color":"","overlay-opacity":"","overlay-gradient":""}},"footnotes":""},"categories":[1],"tags":[],"class_list":["post-514","post","type-post","status-publish","format-standard","hentry","category-noticias"],"_links":{"self":[{"href":"https:\/\/crb1.org.br\/site\/wp-json\/wp\/v2\/posts\/514","targetHints":{"allow":["GET"]}}],"collection":[{"href":"https:\/\/crb1.org.br\/site\/wp-json\/wp\/v2\/posts"}],"about":[{"href":"https:\/\/crb1.org.br\/site\/wp-json\/wp\/v2\/types\/post"}],"author":[{"embeddable":true,"href":"https:\/\/crb1.org.br\/site\/wp-json\/wp\/v2\/users\/1"}],"replies":[{"embeddable":true,"href":"https:\/\/crb1.org.br\/site\/wp-json\/wp\/v2\/comments?post=514"}],"version-history":[{"count":0,"href":"https:\/\/crb1.org.br\/site\/wp-json\/wp\/v2\/posts\/514\/revisions"}],"wp:attachment":[{"href":"https:\/\/crb1.org.br\/site\/wp-json\/wp\/v2\/media?parent=514"}],"wp:term":[{"taxonomy":"category","embeddable":true,"href":"https:\/\/crb1.org.br\/site\/wp-json\/wp\/v2\/categories?post=514"},{"taxonomy":"post_tag","embeddable":true,"href":"https:\/\/crb1.org.br\/site\/wp-json\/wp\/v2\/tags?post=514"}],"curies":[{"name":"wp","href":"https:\/\/api.w.org\/{rel}","templated":true}]}}