{"id":520,"date":"2013-05-15T20:19:57","date_gmt":"2013-05-15T23:19:57","guid":{"rendered":"https:\/\/novocrb1.ultramidia.com.br\/v-encontro-latino-americano-de-bibliotecarios-arquivistas-e-museologos-ebam\/"},"modified":"2013-05-15T20:19:57","modified_gmt":"2013-05-15T23:19:57","slug":"v-encontro-latino-americano-de-bibliotecarios-arquivistas-e-museologos-ebam","status":"publish","type":"post","link":"https:\/\/crb1.org.br\/site\/2013\/05\/v-encontro-latino-americano-de-bibliotecarios-arquivistas-e-museologos-ebam\/","title":{"rendered":"V Encontro Latino-Americano de Bibliotec\u00e1rios, Arquivistas e Muse\u00f3logos (EBAM)"},"content":{"rendered":"<div>\n<span style=\"line-height: 1.3em;\">Convidamos voc\u00ea para participar do\u00a0<\/span><strong style=\"line-height: 1.3em;\">V Encontro Latino-Americano de Bibliotec\u00e1rios, Arquivistas e Muse\u00f3logos (EBAM)<\/strong><span style=\"line-height: 1.3em;\">\u00a0a ser realizada\u00a0na cidade de<\/span><strong style=\"line-height: 1.3em;\">\u00a0S\u00e3o Lu\u00eds, Estado do Maranh\u00e3o (Brasil)<\/strong><span style=\"line-height: 1.3em;\">, no dia\u00a0<\/span><strong style=\"line-height: 1.3em;\">16, 17 e 18 de outubro\u00a0<\/strong><strong style=\"line-height: 1.3em;\">2013<\/strong><span style=\"line-height: 1.3em;\">\u00a0no Audit\u00f3rio Central da\u00a0<\/span><strong style=\"line-height: 1.3em;\">Universidade Federal do Maranh\u00e3o<\/strong><span style=\"line-height: 1.3em;\">\u00a0(Av. dos Portugueses, n.1966 \u2013 Cep. 65.080-805 \u00a0\u2013 Bacanga).<\/span>\n<\/div>\n<div>\n<!--more-->\n<\/div>\n<div>\n&nbsp;<\/p>\n<div>\nPrezados,\n<\/div>\n<div>\nCom grande prazer\u00a0convidamos voc\u00ea para participar do\u00a0<strong>V Encontro Latino-Americano de Bibliotec\u00e1rios, Arquivistas e Muse\u00f3logos (EBAM)<\/strong>\u00a0a ser realizada\u00a0na cidade de<strong>\u00a0S\u00e3o Lu\u00eds, Estado do Maranh\u00e3o (Brasil)<\/strong>, no dia\u00a0<strong>16, 17 e 18 de outubro\u00a0<\/strong><strong>2013<\/strong>\u00a0no Audit\u00f3rio Central da\u00a0<strong>Universidade Federal do Maranh\u00e3o<\/strong>\u00a0(Av. dos Portugueses, n.1966 \u2013 Cep. 65.080-805 \u00a0\u2013 Bacanga).\n<\/div>\n<div>\n<strong>Tema Central:<\/strong><br \/>\n<strong>DIMENS\u00c3O SOCIAL E EDUCATIVA DOS ARQUIVOS, BIBLIOTECAS E MUSEUS NA AM\u00c9RICA LATINA<\/strong><br \/>\n<strong>Eixos Tem\u00e1ticos:<\/strong><br \/>\n<strong><em>&#8211; Arquivo, Biblioteca e Museu: papel social e educativo;<\/em><\/strong><br \/>\n<strong><em>-Patrim\u00f4nio Cultural, Hist\u00f3ria e Mem\u00f3ria: a responsabilidade do<br \/>\nArquivo, Biblioteca e Museu;<\/em><\/strong><br \/>\n<strong><em>-Sociedade, Pol\u00edticas P\u00fablicas, Legisla\u00e7\u00e3o na Am\u00e9rica Latina: o<br \/>\npapel do Arquivo, Biblioteca e Museu.<\/em><\/strong>\n<\/div>\n<p>Al\u00e9m disso, a chamada de trabalhos. O mesmo pode ser enviado at\u00e9 31 de Agosto, seguindo diretrizes de submiss\u00e3o anexados.<br \/>\nAtenciosamente.\n<\/p><\/div>\n<div>\nComit\u00ea Organizador V EBAM<br \/>\n&nbsp;<\/p>\n<hr \/>\n<p align=\"center\">BOLETIM INFORMATIVO N\u00ba 1<\/p>\n<p align=\"center\">Convocat\u00f3ria e chamada de trabalhos<\/p>\n<p><strong>Mem\u00f3ria do EBAM\u00a0\u00a0\u00a0\u00a0\u00a0\u00a0\u00a0\u00a0\u00a0\u00a0\u00a0\u00a0\u00a0\u00a0\u00a0\u00a0\u00a0\u00a0\u00a0\u00a0\u00a0\u00a0\u00a0\u00a0\u00a0\u00a0\u00a0\u00a0\u00a0\u00a0\u00a0\u00a0\u00a0\u00a0\u00a0<\/strong><br \/>\nO<strong>\u00a0ENCONTRO LATINOAMERICANO DE BIBLIOTEC\u00c1RIOS, ARQUIVISTAS E MUSE\u00d3LOGOS<\/strong>\u00a0(EBAM) foi fundado em setembro de 2009, conjuntamente pela Biblioteca e Arquivo Hist\u00f3rico do Honor\u00e1vel Congresso Nacional (atual Assembleia Legislativa Plurinacional) da Bol\u00edvia e pelo Grupo de Estudos Sociais em Biblioteconomia e Documenta\u00e7\u00e3o &#8211; GESBI &#8211; (Argentina).<br \/>\nO II EBAM,\u00a0ocorreu durante os dias 9 ao 11 de setembro de 2010,\u00a0em Lima (Peru), e o III EBAM ocorreu durante os dias 14 a 16 de setembro 2011, em La Paz (Bol\u00edvia) e o IV Encontro teve a Argentina como sede no per\u00edodo de 1 \u00e0 3 de outubro de 2012.<br \/>\n<strong>\u00a0Objetivo.<\/strong><br \/>\nObjetivo do EBAM \u00e9 criar um\u00a0<strong>espa\u00e7o multidisciplinar, equitativo e livre<\/strong>\u00a0para que profissionais com vasta experi\u00eancia, juntamente com os professionais rec\u00e9m-formados ou graduados, estudantes, professores, pesquisadores e id\u00f4neos (trabalhadores de bibliotecas, arquivos e museus) troquem experi\u00eancias, compartilhem conhecimentos, proponham linhas e correntes de trabalho e se enrique\u00e7am mutuamente.<br \/>\n<strong>Proposta do V EBAM<\/strong><br \/>\n<strong>O V EBAM a ser realizado em S\u00e3o Lu\u00eds do Maranh\u00e3o no Brasil<\/strong>, pretende continuar a refor\u00e7ar a consci\u00eancia social\u00a0 sobre aspectos relacionados ao bem-estar social do povo que necessitam de informa\u00e7\u00e3o e de leitura, resgatando seus valores culturais a cada dia, refor\u00e7ando a sua hist\u00f3ria e a funda\u00e7\u00e3o das novas gera\u00e7\u00f5es. Bibliotec\u00e1rios, arquivistas e muse\u00f3logos devem trabalhar &#8211; hoje, amanh\u00e3 e sempre &#8211; para construir projetos integrados com propostas\u00a0 alternativas que busque de forma equitativa, inclusiva e solid\u00e1ria solu\u00e7\u00f5es para os problemas das bibliotecas dos museus e arquivos, transformando esses espa\u00e7os em verdadeiros centros de informa\u00e7\u00e3o a servi\u00e7o da constru\u00e7\u00e3o de sociedades democr\u00e1ticas. \u00c9 necess\u00e1rio que cada pa\u00eds desenvolva pol\u00edticas claras e espec\u00edficas sobre os tr\u00eas aspectos que tornam o estado de bem-estar uma realidade para todos, indistintamente, por esta raz\u00e3o o investimento em pol\u00edticas de Educa\u00e7\u00e3o, Trabalho, Sa\u00fade, Gera\u00e7\u00e3o de renda, assim como politicas culturais deve ser um horizonte a ser perseguido por todos os cidad\u00e3os e cidad\u00e3s. Bibliotec\u00e1rios, arquivistas e muse\u00f3logos devem ser parte deste projeto tendo a clareza que a informa\u00e7\u00e3o \u00e9 a base de conhecimento e\u00a0 qualquer projeto de transforma\u00e7\u00e3o. Para tanto esses profissionais devem se engajar em projetos que busque integrar as tr\u00eas \u00e1reas e que vise a forma\u00e7\u00e3o de novas mentalidades e que este projetos contemple a sociedade em todas as dimens\u00f5es contribuindo para a forma\u00e7\u00e3o de uma sociedade capaz de construir \u00a0uma vis\u00e3o cr\u00edtica, e assim ter liberdade de produzir inova\u00e7\u00f5es e interferir nos destinos de cada na\u00e7\u00e3o.<br \/>\n<strong>Temas e SubTemas do V EBAM<\/strong><br \/>\n<strong>Tema Central:<\/strong><br \/>\n<strong>DIMENS\u00c3O SOCIAL E EDUCATIVA DOS ARQUIVOS, BIBLIOTECAS E MUSEUS NA AM\u00c9RICA LATINA<\/strong><br \/>\n<strong>Eixos Tem\u00e1ticos:<\/strong><br \/>\n<strong><em>&#8211; Arquivo, Biblioteca e Museu: papel social e educativo;<\/em><\/strong><br \/>\n<strong><em>-Patrim\u00f4nio Cultural, Hist\u00f3ria e Mem\u00f3ria: a responsabilidade do<br \/>\nArquivo, Biblioteca e Museu;<\/em><\/strong><br \/>\n<strong><em>-Sociedade, Pol\u00edticas P\u00fablicas, Legisla\u00e7\u00e3o na Am\u00e9rica Latina: o<br \/>\npapel do Arquivo, Biblioteca e Museu.<\/em><\/strong><br \/>\n<strong><em>\u00a0<\/em><\/strong><\/p>\n<p align=\"center\"><strong>Convocat\u00f3ria \u2013 Normas para apresenta\u00e7\u00e3o dos Trabalhos<\/strong><\/p>\n<p>Os\/as organizadores\/as do V Encontro Latinoamericano de Bibliotec\u00e1rios, Arquivistas y Muse\u00f3logos (EBAM) em conformidade as seguintes regras convocam:<\/p>\n<ol start=\"1\">\n<li><strong>Lugar, data e sede<\/strong><strong>.<\/strong><\/li>\n<\/ol>\n<p>O\u00a0<strong>V EBAM\u00a0<\/strong>ser\u00e1 sediado\u00a0na cidade de<strong>\u00a0S\u00e3o Lu\u00eds, Estado do Maranh\u00e3o (Brasil)<\/strong>, no dia\u00a0<strong>16, 17 e 18 de outubro<\/strong>\u00a0<strong>2013<\/strong>\u00a0no Audit\u00f3rio Central da\u00a0<strong>Universidade Federal do Maranh\u00e3o<\/strong>\u00a0(Av dos Portugueses, n.1966 \u2013 Cep. 65.080-805 \u00a0\u2013 Bacanga).<br \/>\n<strong>\u00a0<\/strong><\/p>\n<ol start=\"2\">\n<li><strong>Apresenta\u00e7\u00e3o de Trabalhos<\/strong><\/li>\n<\/ol>\n<p>&nbsp;<br \/>\nOs interessados devem cumprir a seguinte\u00a0<strong>Pauta de Apresenta\u00e7\u00e3o de Trabalhos<\/strong>:<br \/>\n<strong>a)\u00a0<\/strong>Os autores devem\u00a0<strong>enviar o texto integral de sua apresenta\u00e7\u00e3o\u00a0<\/strong>em formato de arquivo Word ou equivalente (Open Office etc.), padr\u00e3o de folha A4, com letra Arial tamanho 12 e espa\u00e7o duplo, incluir refer\u00eancias bibliogr\u00e1ficas ao final dos documentos seguindo as normas de estilo de cita\u00e7\u00e3o (APA\/ ABNT) e, se considerar adequado, gr\u00e1ficos ou documentos em qualquer parte do mesmo. Os autores tamb\u00e9m dever\u00e3o entregar\u00a0<strong>apresenta\u00e7\u00e3o em Power Point\u00a0<\/strong>ou equivalente e um\u00a0<strong>resumo curto do apresentador<\/strong>.<br \/>\n<strong>b)<\/strong>\u00a0Cada trabalho dever\u00e1 ter extens\u00e3o m\u00e1xima recomendada de 10 p\u00e1ginas. Exposi\u00e7\u00e3o oral m\u00e1xima: 15 minutos<strong>.<\/strong><br \/>\n<strong>c)<\/strong>\u00a0O trabalho deve conter\u00a0<strong>dados do autor<\/strong>\u00a0(nome e sobrenome, cidade\/pa\u00eds, \u00e1rea disciplinar em que atua, endere\u00e7o eletr\u00f4nico e afilia\u00e7\u00e3o institucional em caso de pertencer a alguma Institui\u00e7\u00e3o),\u00a0<strong>resumo e palavras chave<\/strong>.\u00a0Al\u00e9m disso,\u00a0<strong>o t\u00edtulo, resumo e palavras-chave devem estar em Portugu\u00eas e Espanhol.<\/strong><br \/>\n<strong>d)<\/strong>\u00a0Cada autor pode inscrever at\u00e9 dois trabalhos, sendo um como autor principal e outro como co-autor;<br \/>\n<strong>e)<\/strong>\u00a0Cada trabalho dever\u00e1 ter no m\u00e1ximo\u00a0 3 (tr\u00eas) autores.<br \/>\n<strong>f)\u00a0<\/strong>O envio de trabalhos implica na autoriza\u00e7\u00e3o de sua publica\u00e7\u00e3o nos Anais do V EBAM, que ser\u00e1 publicado em CD-ROM e na p\u00e1gina oficial \u00a0do EBAM e (<a href=\"http:\/\/www.ebam.com.ar\/\" target=\"_blank\" rel=\"noopener\">www.ebam.com.ar<\/a>) e ainda em p\u00e1gina que est\u00e1 sendo elaborada pela comiss\u00e3o organizadora do evento para divulgar os trabalhos. \u00a0Os autores preservam o direito de poder public\u00e1-los em reposit\u00f3rios institucionais e de livre acesso (ex: E-lis) ou em suas p\u00e1ginas eletr\u00f4nicas particulares sempre e quando mencionem que o trabalho foi apresentado neste evento.<br \/>\n<strong>g)<\/strong>\u00a0T\u00f3picos: Os trabalhos devem abordar t\u00f3picos sobre Arquivos, Bibliotecas, Museus, ou Conserva\u00e7\u00e3o do Patrim\u00f3nio Cultural.<br \/>\n<strong>h)<\/strong>\u00a0Os trabalhos devem ser encaminhados para o e-mail:\u00a0<a href=\"mailto:ebam2013saoluis@gmail.com\" target=\"_blank\" rel=\"noopener\"><strong>ebam2013saoluis@gmail.com<\/strong><\/a><strong>\u00a0<\/strong><strong>com c\u00f3pia o<\/strong><a href=\"mailto:ponencias@gesbi.com.ar\" target=\"_blank\" rel=\"noopener\"><strong>ponencias@gesbi.com.ar<\/strong><\/a><\/p>\n<p align=\"center\"><strong>(Para a aceita\u00e7\u00e3o, o trabalho deve respeitar essas orienta\u00e7\u00f5es)<\/strong><\/p>\n<p align=\"center\"><strong>O prazo para apresenta\u00e7\u00e3o de trabalhos \u00e9 31 de Agosto 2013<\/strong>.<\/p>\n<ol start=\"3\">\n<li><strong>Organizadores.<\/strong><\/li>\n<\/ol>\n<p><strong>\u00a0<\/strong><br \/>\n<strong>Comit\u00ea da sede:\u00a0<\/strong>C\u00e9sar Augusto Castro (Maranh\u00e3o)\u00a0<a href=\"mailto:ccampin@terra.com.br\" target=\"_blank\" rel=\"noopener\">ccampin@terra.com.br<\/a>\u00a0Mar\u00eda Mary Ferreira (Maranh\u00e3o)<a href=\"mailto:mmulher13@hotmail.com\" target=\"_blank\" rel=\"noopener\">mmulher13@hotmail.com<\/a>\u00a0y Ana Suely Pinho Lopes (Bras\u00edlia)\u00a0<a href=\"mailto:pinholopes.anasuely@gmail.com\" target=\"_blank\" rel=\"noopener\">pinholopes.anasuely@gmail.com<\/a><br \/>\n<strong>\u00a0<\/strong><br \/>\n<strong>Comit\u00ea<\/strong>\u00a0<strong>\u00a0Permanente:<\/strong><br \/>\nLuis Oporto Ord\u00f3\u00f1ez (BAH-ALP, Bol\u00edvia)\u00a0<a href=\"mailto:luis.oporto@vicepresidencia.gob.bo\" target=\"_blank\" rel=\"noopener\">luis.oporto@vicepresidencia.gob.bo<\/a><br \/>\nAna Mar\u00eda Amerio (La Plata, Argentina)\u00a0<a href=\"http:\/\/goog_1536329860\/\" target=\"_blank\" rel=\"noopener\">anamariaamerio8<\/a><a href=\"http:\/\/gmail.com\/\" target=\"_blank\" rel=\"noopener\">@gmail.com<\/a><br \/>\nVanesa E. Berasa (Buenos Aires, Argentina)\u00a0<a href=\"mailto:berasa@agro.uba.ar\" target=\"_blank\" rel=\"noopener\">berasa@agro.uba.ar<\/a><br \/>\n<strong>\u00a0<\/strong><br \/>\n<strong>Coordenadores Nacionais:<\/strong><br \/>\nArgentina:\u00a0Mercedes Vera (Corrientes)\u00a0<a href=\"mailto:merce1vera@hotmail.com\" target=\"_blank\" rel=\"noopener\">merce1vera@hotmail.com<\/a>, Alicia Ahumada (La Plata)\u00a0<a href=\"mailto:coti-74@hotmail.com\" target=\"_blank\" rel=\"noopener\">coti-74@hotmail.com<\/a>, Fernanda Romero (Buenos Aires)\u00a0<a href=\"mailto:mfrome@minplan.gob.ar\" target=\"_blank\" rel=\"noopener\">mfrome@minplan.gob.ar<\/a><br \/>\nBol\u00edvia:\u00a0Rolando \u00c1lvarez L\u00f3pez (La Paz)\u00a0<a href=\"mailto:rolando.alvarez@vicepresidencia.gob.bo\" target=\"_blank\" rel=\"noopener\">rolando.alvarez@vicepresidencia.gob.bo<\/a><br \/>\nBrasil:\u00a0C\u00e9sar Augusto Castro (Maranh\u00e3o)\u00a0<a href=\"mailto:ccampin@terra.com.br\" target=\"_blank\" rel=\"noopener\">ccampin@terra.com.br<\/a>\u00a0Mar\u00eda Mary Ferreira (Maranh\u00e3o)\u00a0<a href=\"mailto:mmulher13@hotmail.com\" target=\"_blank\" rel=\"noopener\">mmulher13@hotmail.com<\/a>\u00a0y Ana Suely Pinho Lopes (Bras\u00edlia)\u00a0<a href=\"mailto:pinholopes.anasuely@gmail.com\" target=\"_blank\" rel=\"noopener\">pinholopes.anasuely@gmail.com<\/a><\/p>\n<h1>Col\u00f4mbia:\u00a0Mar\u00eda Nelly G\u00f3mez Ciro (Quind\u00edo)\u00a0<a href=\"mailto:hipertextos2002@yahoo.com\" target=\"_blank\" rel=\"noopener\">hipertextos2002@yahoo.com<\/a><\/h1>\n<p>Costa Rica:\u00a0Luc\u00eda Chac\u00f3n Alvarado\u00a0<a href=\"mailto:lchacon@una.ac.cr\" target=\"_blank\" rel=\"noopener\">lchacon@una.ac.cr<\/a><br \/>\nChile:\u00a0Claudio Brise\u00f1o Mansilla (Atacama)\u00a0<a href=\"mailto:claud19762@hotmail.com\" target=\"_blank\" rel=\"noopener\">claud19762@hotmail.com<\/a><span style=\"text-decoration: underline;\">,\u00a0<\/span>Eugenio Bustos\u00a0<a href=\"mailto:EBustos@svs.cl\" target=\"_blank\" rel=\"noopener\">EBustos@svs.cl<\/a><br \/>\nPeru:\u00a0Pablo Avila (Lima)\u00a0<a href=\"mailto:presidente@cidagi.org.pe\" target=\"_blank\" rel=\"noopener\">presidente@cidagi.org.pe<\/a><span style=\"text-decoration: underline;\">\u00a0<\/span>\u00a0o\u00a0<a href=\"mailto:cursoarchivo@gmail.com\" target=\"_blank\" rel=\"noopener\">cursoarchivo@gmail.com<\/a>, Juana Rosas Vara (Lima)<a href=\"mailto:juanitarosas60@hotmail.com\" target=\"_blank\" rel=\"noopener\">juanitarosas60@hotmail.com<\/a>, Enrique Espinoza Salvatierra (Lima)\u00a0<a href=\"mailto:enriqueespinoza84@yahoo.es\" target=\"_blank\" rel=\"noopener\">enriqueespinoza84@yahoo.es<\/a>\u00a0y Javier Vargas Perales (Lima)<a href=\"mailto:jvargasperales@yahoo.com\" target=\"_blank\" rel=\"noopener\">jvargasperales@yahoo.com<\/a><br \/>\nUruguai:\u00a0Stella Infante (Montevideo)\u00a0<a href=\"mailto:sinfanterosso@gmail.com\" target=\"_blank\" rel=\"noopener\">sinfanterosso@gmail.com<\/a>\u00a0y Luc\u00eda M\u00e1rmol (Montevideo)\u00a0<a href=\"mailto:lmarmol@anp.com.uy\" target=\"_blank\" rel=\"noopener\">lmarmol@anp.com.uy<\/a><br \/>\nVenezuela:\u00a0Carmen Araujo Valero\u00a0<a href=\"mailto:cararaujova@gmail.com\" target=\"_blank\" rel=\"noopener\">cararaujova@gmail.com<\/a>\n<\/div>\n","protected":false},"excerpt":{"rendered":"<p>Convidamos voc\u00ea para participar do\u00a0V Encontro Latino-Americano de Bibliotec\u00e1rios, Arquivistas e Muse\u00f3logos (EBAM)\u00a0a ser realizada\u00a0na cidade de\u00a0S\u00e3o Lu\u00eds, Estado do Maranh\u00e3o (Brasil), no dia\u00a016, 17 e 18 de outubro\u00a02013\u00a0no Audit\u00f3rio Central da\u00a0Universidade Federal do Maranh\u00e3o\u00a0(Av. dos Portugueses, n.1966 \u2013 Cep. 65.080-805 \u00a0\u2013 Bacanga).<\/p>\n","protected":false},"author":1,"featured_media":0,"comment_status":"open","ping_status":"open","sticky":false,"template":"","format":"standard","meta":{"site-sidebar-layout":"default","site-content-layout":"","ast-site-content-layout":"default","site-content-style":"default","site-sidebar-style":"default","ast-global-header-display":"","ast-banner-title-visibility":"","ast-main-header-display":"","ast-hfb-above-header-display":"","ast-hfb-below-header-display":"","ast-hfb-mobile-header-display":"","site-post-title":"","ast-breadcrumbs-content":"","ast-featured-img":"","footer-sml-layout":"","ast-disable-related-posts":"","theme-transparent-header-meta":"","adv-header-id-meta":"","stick-header-meta":"","header-above-stick-meta":"","header-main-stick-meta":"","header-below-stick-meta":"","astra-migrate-meta-layouts":"default","ast-page-background-enabled":"default","ast-page-background-meta":{"desktop":{"background-color":"","background-image":"","background-repeat":"repeat","background-position":"center center","background-size":"auto","background-attachment":"scroll","background-type":"","background-media":"","overlay-type":"","overlay-color":"","overlay-opacity":"","overlay-gradient":""},"tablet":{"background-color":"","background-image":"","background-repeat":"repeat","background-position":"center center","background-size":"auto","background-attachment":"scroll","background-type":"","background-media":"","overlay-type":"","overlay-color":"","overlay-opacity":"","overlay-gradient":""},"mobile":{"background-color":"","background-image":"","background-repeat":"repeat","background-position":"center center","background-size":"auto","background-attachment":"scroll","background-type":"","background-media":"","overlay-type":"","overlay-color":"","overlay-opacity":"","overlay-gradient":""}},"ast-content-background-meta":{"desktop":{"background-color":"var(--ast-global-color-5)","background-image":"","background-repeat":"repeat","background-position":"center center","background-size":"auto","background-attachment":"scroll","background-type":"","background-media":"","overlay-type":"","overlay-color":"","overlay-opacity":"","overlay-gradient":""},"tablet":{"background-color":"var(--ast-global-color-5)","background-image":"","background-repeat":"repeat","background-position":"center center","background-size":"auto","background-attachment":"scroll","background-type":"","background-media":"","overlay-type":"","overlay-color":"","overlay-opacity":"","overlay-gradient":""},"mobile":{"background-color":"var(--ast-global-color-5)","background-image":"","background-repeat":"repeat","background-position":"center center","background-size":"auto","background-attachment":"scroll","background-type":"","background-media":"","overlay-type":"","overlay-color":"","overlay-opacity":"","overlay-gradient":""}},"footnotes":""},"categories":[1],"tags":[],"class_list":["post-520","post","type-post","status-publish","format-standard","hentry","category-noticias"],"_links":{"self":[{"href":"https:\/\/crb1.org.br\/site\/wp-json\/wp\/v2\/posts\/520","targetHints":{"allow":["GET"]}}],"collection":[{"href":"https:\/\/crb1.org.br\/site\/wp-json\/wp\/v2\/posts"}],"about":[{"href":"https:\/\/crb1.org.br\/site\/wp-json\/wp\/v2\/types\/post"}],"author":[{"embeddable":true,"href":"https:\/\/crb1.org.br\/site\/wp-json\/wp\/v2\/users\/1"}],"replies":[{"embeddable":true,"href":"https:\/\/crb1.org.br\/site\/wp-json\/wp\/v2\/comments?post=520"}],"version-history":[{"count":0,"href":"https:\/\/crb1.org.br\/site\/wp-json\/wp\/v2\/posts\/520\/revisions"}],"wp:attachment":[{"href":"https:\/\/crb1.org.br\/site\/wp-json\/wp\/v2\/media?parent=520"}],"wp:term":[{"taxonomy":"category","embeddable":true,"href":"https:\/\/crb1.org.br\/site\/wp-json\/wp\/v2\/categories?post=520"},{"taxonomy":"post_tag","embeddable":true,"href":"https:\/\/crb1.org.br\/site\/wp-json\/wp\/v2\/tags?post=520"}],"curies":[{"name":"wp","href":"https:\/\/api.w.org\/{rel}","templated":true}]}}