{"id":521,"date":"2013-05-15T20:40:41","date_gmt":"2013-05-15T23:40:41","guid":{"rendered":"https:\/\/novocrb1.ultramidia.com.br\/celebracao-dos-15-anos-de-operacao-do-programa-scielo\/"},"modified":"2013-05-15T20:40:41","modified_gmt":"2013-05-15T23:40:41","slug":"celebracao-dos-15-anos-de-operacao-do-programa-scielo","status":"publish","type":"post","link":"https:\/\/crb1.org.br\/site\/2013\/05\/celebracao-dos-15-anos-de-operacao-do-programa-scielo\/","title":{"rendered":"Celebra\u00e7\u00e3o dos 15 anos de opera\u00e7\u00e3o do Programa SciELO"},"content":{"rendered":"<h2><\/h2>\n<p><img fetchpriority=\"high\" decoding=\"async\" style=\"margin: 5px;\" title=\"Celebra\u00e7\u00e3o dos 15 anos de opera\u00e7\u00e3o do Programa SciELO\" src=\"http:\/\/www.crb1.org.br\/images\/scielo.png\" alt=\"Celebra\u00e7\u00e3o dos 15 anos de opera\u00e7\u00e3o do Programa SciELO\" width=\"600\" height=\"121\" \/><br \/>\nO Programa SciELO\/FAPESP e a Rede SciELO est\u00e3o comemorando 15 anos de opera\u00e7\u00e3o regular por meio de uma confer\u00eancia internacional que reunir\u00e1 autoridades, publicadores, editores, pesquisadores e profissionais de informa\u00e7\u00e3o e comunica\u00e7\u00e3o cient\u00edfica. O encontro tem como objetivo destacar e debater o estado da arte em comunica\u00e7\u00e3o cient\u00edfica em acesso aberto e os desafios para o desenvolvimento dos peri\u00f3dicos cient\u00edficos e do Programa SciELO.<br \/>\n<!--more--><br \/>\n&nbsp;<br \/>\n<img decoding=\"async\" title=\"Celebra\u00e7\u00e3o dos 15 anos de opera\u00e7\u00e3o do Programa SciELO\" src=\"http:\/\/www.crb1.org.br\/images\/scielo.png\" alt=\"Celebra\u00e7\u00e3o dos 15 anos de opera\u00e7\u00e3o do Programa SciELO\" width=\"600\" height=\"121\" \/><br \/>\nO Programa SciELO\/FAPESP e a Rede SciELO est\u00e3o comemorando 15 anos de opera\u00e7\u00e3o regular por meio de uma confer\u00eancia internacional que reunir\u00e1 autoridades, publicadores, editores, pesquisadores e profissionais de informa\u00e7\u00e3o e comunica\u00e7\u00e3o cient\u00edfica. O encontro tem como objetivo destacar e debater o estado da arte em comunica\u00e7\u00e3o cient\u00edfica em acesso aberto e os desafios para o desenvolvimento dos peri\u00f3dicos cient\u00edficos e do Programa SciELO.<br \/>\nA Confer\u00eancia SciELO 15 Anos ter\u00e1 lugar em S\u00e3o Paulo, entre 22 e 25 de outubro. O site do evento &#8211;\u00a0<a href=\"http:\/\/scielo.us4.list-manage.com\/track\/click?u=f26dcf71797dd37381acb4aa5&amp;id=fb66366fb7&amp;e=fe3101fda6\" target=\"_blank\" rel=\"noopener\">www.scielo15.org<\/a>\u00a0\u00a0informar\u00e1 sobre o avan\u00e7o da organiza\u00e7\u00e3o da confer\u00eancia e do programa cient\u00edfico.<br \/>\nPara assegurar sua participa\u00e7\u00e3o na confer\u00eancia, recomendamos que a inscri\u00e7\u00e3o seja feita com anteced\u00eancia para garantir sua vaga e aproveitar os valores com desconto. As inscri\u00e7\u00f5es est\u00e3o dispon\u00edveis em:\u00a0<a href=\"http:\/\/scielo.us4.list-manage1.com\/track\/click?u=f26dcf71797dd37381acb4aa5&amp;id=87777ddca1&amp;e=fe3101fda6\" target=\"_blank\" rel=\"noopener\">www.scielo15.org\/inscricoes\/<\/a>.<br \/>\nSolicitamos tamb\u00e9m sua colabora\u00e7\u00e3o e gentileza para divulgar a Confer\u00eancia SciELO 15 Anos nos websites e nas listas e institui\u00e7\u00f5es de seu conhecimento. A p\u00e1gina<a href=\"http:\/\/scielo.us4.list-manage.com\/track\/click?u=f26dcf71797dd37381acb4aa5&amp;id=532c65b326&amp;e=fe3101fda6\" target=\"_blank\" rel=\"noopener\">www.scielo15.org\/divulgacao\/<\/a>\u00a0reproduz banners que podem ser utilizados como chamadas para o site da confer\u00eancia.<br \/>\nAgradecemos antecipadamente a sua colabora\u00e7\u00e3o e contamos com sua presen\u00e7a.<br \/>\n<strong>Abel L. Packer<\/strong><br \/>\n<em>Comit\u00ea Organizador da Confer\u00eancia SciELO 15 Anos<\/em><em><br \/>\n<em>Coordenador do Programa SciELO \/ FAPESP<\/em><\/em><\/p>\n","protected":false},"excerpt":{"rendered":"<p>O Programa SciELO\/FAPESP e a Rede SciELO est\u00e3o comemorando 15 anos de opera\u00e7\u00e3o regular por meio de uma confer\u00eancia internacional que reunir\u00e1 autoridades, publicadores, editores, pesquisadores e profissionais de informa\u00e7\u00e3o e comunica\u00e7\u00e3o cient\u00edfica. O encontro tem como objetivo destacar e debater o estado da arte em comunica\u00e7\u00e3o cient\u00edfica em acesso aberto e os desafios para [&hellip;]<\/p>\n","protected":false},"author":1,"featured_media":0,"comment_status":"open","ping_status":"open","sticky":false,"template":"","format":"standard","meta":{"site-sidebar-layout":"default","site-content-layout":"","ast-site-content-layout":"default","site-content-style":"default","site-sidebar-style":"default","ast-global-header-display":"","ast-banner-title-visibility":"","ast-main-header-display":"","ast-hfb-above-header-display":"","ast-hfb-below-header-display":"","ast-hfb-mobile-header-display":"","site-post-title":"","ast-breadcrumbs-content":"","ast-featured-img":"","footer-sml-layout":"","ast-disable-related-posts":"","theme-transparent-header-meta":"","adv-header-id-meta":"","stick-header-meta":"","header-above-stick-meta":"","header-main-stick-meta":"","header-below-stick-meta":"","astra-migrate-meta-layouts":"default","ast-page-background-enabled":"default","ast-page-background-meta":{"desktop":{"background-color":"","background-image":"","background-repeat":"repeat","background-position":"center center","background-size":"auto","background-attachment":"scroll","background-type":"","background-media":"","overlay-type":"","overlay-color":"","overlay-opacity":"","overlay-gradient":""},"tablet":{"background-color":"","background-image":"","background-repeat":"repeat","background-position":"center center","background-size":"auto","background-attachment":"scroll","background-type":"","background-media":"","overlay-type":"","overlay-color":"","overlay-opacity":"","overlay-gradient":""},"mobile":{"background-color":"","background-image":"","background-repeat":"repeat","background-position":"center center","background-size":"auto","background-attachment":"scroll","background-type":"","background-media":"","overlay-type":"","overlay-color":"","overlay-opacity":"","overlay-gradient":""}},"ast-content-background-meta":{"desktop":{"background-color":"var(--ast-global-color-5)","background-image":"","background-repeat":"repeat","background-position":"center center","background-size":"auto","background-attachment":"scroll","background-type":"","background-media":"","overlay-type":"","overlay-color":"","overlay-opacity":"","overlay-gradient":""},"tablet":{"background-color":"var(--ast-global-color-5)","background-image":"","background-repeat":"repeat","background-position":"center center","background-size":"auto","background-attachment":"scroll","background-type":"","background-media":"","overlay-type":"","overlay-color":"","overlay-opacity":"","overlay-gradient":""},"mobile":{"background-color":"var(--ast-global-color-5)","background-image":"","background-repeat":"repeat","background-position":"center center","background-size":"auto","background-attachment":"scroll","background-type":"","background-media":"","overlay-type":"","overlay-color":"","overlay-opacity":"","overlay-gradient":""}},"footnotes":""},"categories":[1],"tags":[],"class_list":["post-521","post","type-post","status-publish","format-standard","hentry","category-noticias"],"_links":{"self":[{"href":"https:\/\/crb1.org.br\/site\/wp-json\/wp\/v2\/posts\/521","targetHints":{"allow":["GET"]}}],"collection":[{"href":"https:\/\/crb1.org.br\/site\/wp-json\/wp\/v2\/posts"}],"about":[{"href":"https:\/\/crb1.org.br\/site\/wp-json\/wp\/v2\/types\/post"}],"author":[{"embeddable":true,"href":"https:\/\/crb1.org.br\/site\/wp-json\/wp\/v2\/users\/1"}],"replies":[{"embeddable":true,"href":"https:\/\/crb1.org.br\/site\/wp-json\/wp\/v2\/comments?post=521"}],"version-history":[{"count":0,"href":"https:\/\/crb1.org.br\/site\/wp-json\/wp\/v2\/posts\/521\/revisions"}],"wp:attachment":[{"href":"https:\/\/crb1.org.br\/site\/wp-json\/wp\/v2\/media?parent=521"}],"wp:term":[{"taxonomy":"category","embeddable":true,"href":"https:\/\/crb1.org.br\/site\/wp-json\/wp\/v2\/categories?post=521"},{"taxonomy":"post_tag","embeddable":true,"href":"https:\/\/crb1.org.br\/site\/wp-json\/wp\/v2\/tags?post=521"}],"curies":[{"name":"wp","href":"https:\/\/api.w.org\/{rel}","templated":true}]}}