{"id":5657,"date":"2021-01-06T23:45:27","date_gmt":"2021-01-07T02:45:27","guid":{"rendered":"https:\/\/crb1.org.br\/?p=5657"},"modified":"2021-01-06T23:45:27","modified_gmt":"2021-01-07T02:45:27","slug":"crb1-da-posse-a-chapa-centro-oeste-integrado","status":"publish","type":"post","link":"https:\/\/crb1.org.br\/site\/2021\/01\/crb1-da-posse-a-chapa-centro-oeste-integrado\/","title":{"rendered":"CRB1 d\u00e1 posse \u00e0 chapa Centro-Oeste Integrado"},"content":{"rendered":"<p>No \u00faltimo dia 30 de dezembro, ocorreu a posse da nova gest\u00e3o do Conselho Regional de Biblioteconomia 1. Regi\u00e3o (CRB1). Os novos conselheiros, oriundos da Chapa Centro-Oeste Integrado, compor\u00e3o a d\u00e9cima nona gest\u00e3o do CRB1, correspondente ao tri\u00eanio 2021-2023.<br \/>\nA cerim\u00f4nia foi presidida pelo ent\u00e3o presidente F\u00e1bio Lima Cordeiro, com transmiss\u00e3o online pelo canal do YouTube da entidade: <a href=\"https:\/\/youtu.be\/66C3lXwEHOo\">https:\/\/youtu.be\/66C3lXwEHOo<\/a>. Tamb\u00e9m participaram: Massayuki Franco, presidente da Comiss\u00e3o Eleitoral; a docente Rita Carib\u00e9 (FCI\/UnB), agraciada com a Medalha Rubem Borba de Morais 2020; e os funcion\u00e1rios da institui\u00e7\u00e3o, Jo\u00e3o Goularth Ribeiro e Romilda Almeida de Sousa.<br \/>\nDurante a cerim\u00f4nia, F\u00e1bio narrou os in\u00fameros desafios e conquistas da \u00faltima gest\u00e3o. Tamb\u00e9m providenciou a entrega simb\u00f3lica da Medalha Rubem Borba de Morais \u00e0 professora Rita Carib\u00e9, da Faculdade de Ci\u00eancia da Informa\u00e7\u00e3o da Universidade de Bras\u00edlia, condecora\u00e7\u00e3o outorgada \u00e0 profissional por ocasi\u00e3o do Dia do Bibliotec\u00e1rio 2020, na jurisdi\u00e7\u00e3o do Distrito Federal. Por fim, uma homenagem aos funcion\u00e1rios Jo\u00e3o e Romilda pelos esfor\u00e7os de manuten\u00e7\u00e3o dos processos administrativos ao longo da d\u00e9cima oitava gest\u00e3o.<br \/>\n<strong>Posse<\/strong><br \/>\nAp\u00f3s a abertura, o presidente F\u00e1bio Cordeiro, em parceria com Massayuki Franco, deu continuidade aos tr\u00e2mites da posse dos novos conselheiros, os quais foram nomidados um a um, se apresentando \u00e0 audi\u00eancia. Empossados, os conselheiros foram instados a se reunirem em outro espa\u00e7o virtual e decidirem a distribui\u00e7\u00e3o de cargos da nova gest\u00e3o. Ao retornarem, apresentaram a seguinte composi\u00e7\u00e3o:<br \/>\nPresidente: Raphael Cavalcante<br \/>\nVice-Presidenta: Alessandra Silva<br \/>\nDiretor T\u00e9cnico: Jefferson Dantas<br \/>\nDiretora Financeira: Stella Vaz<br \/>\nDiretor Administrativo: Henrique Ara\u00fajo<br \/>\nCoordenadora da Comiss\u00e3o de Fiscaliza\u00e7\u00e3o: Vanessa Rufino<br \/>\nCoordenadora da Comiss\u00e3o de Tomada de Contas: Ramyze Uch\u00f4a<br \/>\nCoordenadora da Comiss\u00e3o de \u00c9tica Profissional: Francelle Natally<br \/>\nCoordenadora da Comiss\u00e3o de Divulga\u00e7\u00e3o e Valoriza\u00e7\u00e3o Profissional: Laysse Noleto<br \/>\nCoordenadora da Comiss\u00e3o de Licita\u00e7\u00e3o: Solange Oliveira<br \/>\nDemais membros: Denise Mendes Falc\u00e3o, Johnathan Pereira, Juliana Bernardes, Morgana Bruno<br \/>\nSuplentes: Ana Fl\u00e1via Kama, Fabiana Souza, J\u00f4nis Pereira, M\u00e1rcio Luiz, Tatiana Barroso<br \/>\n<strong>Discurso<\/strong><br \/>\nEm seu discurso de posse, o novo presidente Raphael Cavalcante agradeceu o trabalho da gest\u00e3o anterior, e repetiu os valores e compromissos que nortear\u00e3o a nova gest\u00e3o, em especial, a ideia de uma gest\u00e3o colegiada, integrada aos profissionais e equ\u00e2nime no tratamento das quatro unidades da federa\u00e7\u00e3o que comp\u00f5em o Centro-Oeste.<br \/>\nPor fim, a vice-presidenta Alessandra Silva leu o manifesto \u201cMais Biblioteconomia, Mais Cultura, Mais Educa\u00e7\u00e3o\u201d, publicado pelo movimento Mais Biblioteconomia, iniciativa integrada pela atual gest\u00e3o.<br \/>\n<strong>ANEXO:<\/strong><br \/>\n<a href=\"https:\/\/novocrb1.ultramidia.com.br\/wp-content\/uploads\/2021\/01\/Ata-de-Posse-2020.pdf\">Ata da Sess\u00e3o Solene de Posse<\/a><\/p>\n","protected":false},"excerpt":{"rendered":"<p>No \u00faltimo dia 30 de dezembro, ocorreu a posse da nova gest\u00e3o do Conselho Regional de Biblioteconomia 1. Regi\u00e3o (CRB1). Os novos conselheiros, oriundos da Chapa Centro-Oeste Integrado, compor\u00e3o a d\u00e9cima nona gest\u00e3o do CRB1, correspondente ao tri\u00eanio 2021-2023. A cerim\u00f4nia foi presidida pelo ent\u00e3o presidente F\u00e1bio Lima Cordeiro, com transmiss\u00e3o online pelo canal do [&hellip;]<\/p>\n","protected":false},"author":4,"featured_media":5661,"comment_status":"open","ping_status":"open","sticky":false,"template":"","format":"standard","meta":{"site-sidebar-layout":"default","site-content-layout":"","ast-site-content-layout":"default","site-content-style":"default","site-sidebar-style":"default","ast-global-header-display":"","ast-banner-title-visibility":"","ast-main-header-display":"","ast-hfb-above-header-display":"","ast-hfb-below-header-display":"","ast-hfb-mobile-header-display":"","site-post-title":"","ast-breadcrumbs-content":"","ast-featured-img":"","footer-sml-layout":"","ast-disable-related-posts":"","theme-transparent-header-meta":"","adv-header-id-meta":"","stick-header-meta":"","header-above-stick-meta":"","header-main-stick-meta":"","header-below-stick-meta":"","astra-migrate-meta-layouts":"default","ast-page-background-enabled":"default","ast-page-background-meta":{"desktop":{"background-color":"","background-image":"","background-repeat":"repeat","background-position":"center center","background-size":"auto","background-attachment":"scroll","background-type":"","background-media":"","overlay-type":"","overlay-color":"","overlay-opacity":"","overlay-gradient":""},"tablet":{"background-color":"","background-image":"","background-repeat":"repeat","background-position":"center center","background-size":"auto","background-attachment":"scroll","background-type":"","background-media":"","overlay-type":"","overlay-color":"","overlay-opacity":"","overlay-gradient":""},"mobile":{"background-color":"","background-image":"","background-repeat":"repeat","background-position":"center center","background-size":"auto","background-attachment":"scroll","background-type":"","background-media":"","overlay-type":"","overlay-color":"","overlay-opacity":"","overlay-gradient":""}},"ast-content-background-meta":{"desktop":{"background-color":"var(--ast-global-color-5)","background-image":"","background-repeat":"repeat","background-position":"center center","background-size":"auto","background-attachment":"scroll","background-type":"","background-media":"","overlay-type":"","overlay-color":"","overlay-opacity":"","overlay-gradient":""},"tablet":{"background-color":"var(--ast-global-color-5)","background-image":"","background-repeat":"repeat","background-position":"center center","background-size":"auto","background-attachment":"scroll","background-type":"","background-media":"","overlay-type":"","overlay-color":"","overlay-opacity":"","overlay-gradient":""},"mobile":{"background-color":"var(--ast-global-color-5)","background-image":"","background-repeat":"repeat","background-position":"center center","background-size":"auto","background-attachment":"scroll","background-type":"","background-media":"","overlay-type":"","overlay-color":"","overlay-opacity":"","overlay-gradient":""}},"footnotes":""},"categories":[24],"tags":[52,53,54,55],"class_list":["post-5657","post","type-post","status-publish","format-standard","has-post-thumbnail","hentry","category-evento","tag-centro-oeste-integrado","tag-cerimonia-de-posse","tag-conselheiros","tag-trienio-2021-2023"],"_links":{"self":[{"href":"https:\/\/crb1.org.br\/site\/wp-json\/wp\/v2\/posts\/5657","targetHints":{"allow":["GET"]}}],"collection":[{"href":"https:\/\/crb1.org.br\/site\/wp-json\/wp\/v2\/posts"}],"about":[{"href":"https:\/\/crb1.org.br\/site\/wp-json\/wp\/v2\/types\/post"}],"author":[{"embeddable":true,"href":"https:\/\/crb1.org.br\/site\/wp-json\/wp\/v2\/users\/4"}],"replies":[{"embeddable":true,"href":"https:\/\/crb1.org.br\/site\/wp-json\/wp\/v2\/comments?post=5657"}],"version-history":[{"count":0,"href":"https:\/\/crb1.org.br\/site\/wp-json\/wp\/v2\/posts\/5657\/revisions"}],"wp:featuredmedia":[{"embeddable":true,"href":"https:\/\/crb1.org.br\/site\/wp-json\/"}],"wp:attachment":[{"href":"https:\/\/crb1.org.br\/site\/wp-json\/wp\/v2\/media?parent=5657"}],"wp:term":[{"taxonomy":"category","embeddable":true,"href":"https:\/\/crb1.org.br\/site\/wp-json\/wp\/v2\/categories?post=5657"},{"taxonomy":"post_tag","embeddable":true,"href":"https:\/\/crb1.org.br\/site\/wp-json\/wp\/v2\/tags?post=5657"}],"curies":[{"name":"wp","href":"https:\/\/api.w.org\/{rel}","templated":true}]}}