{"id":5787,"date":"2021-05-04T19:18:58","date_gmt":"2021-05-04T22:18:58","guid":{"rendered":"https:\/\/crb1.org.br\/?p=5787"},"modified":"2021-05-04T19:18:58","modified_gmt":"2021-05-04T22:18:58","slug":"ii-bibliotfest","status":"publish","type":"post","link":"https:\/\/crb1.org.br\/site\/2021\/05\/ii-bibliotfest\/","title":{"rendered":"II Bibliotfest"},"content":{"rendered":"<p>II BiblioFest: eventos liter\u00e1rios, bate-papos e oficinas culturais gratuitos comp\u00f5em programa\u00e7\u00e3o virtual de 10 dias<br \/>\n&nbsp;<br \/>\nGrandes talentos da literatura, ilustradores, artistas, pesquisadores e estudiosos brasileiros j\u00e1 confirmaram suas participa\u00e7\u00f5es na II BiblioFest, que promover\u00e1, entre 7 e 16 de maio, encontros online com bate-papos de alto n\u00edvel e oficinas contemplando diferentes linguagens culturais. Sob o tema \u201cBibliotecas e Agenda 2030: rumo \u00e0 inclus\u00e3o social\u201d, a programa\u00e7\u00e3o est\u00e1 estruturada a partir dos ideais presentes nas 17 diretrizes de desenvolvimento sustent\u00e1vel da Agenda 2030, da ONU\/IFLA.<br \/>\n&nbsp;<br \/>\nOs bate-papos liter\u00e1rios s\u00e3o pontos fortes do BiblioFest e receber\u00e3o grandes autores, como Milton Hatoum, considerado um dos grandes escritores brasileiros da atualidade, tradutor e professor de literatura nas Universidades Federal do Amazonas (UFAM) e da Calif\u00f3rnia, em Berkley (EUA); Maria Val\u00e9ria Rezende, autora do romance liter\u00e1rio \u201cCartas \u00e0 rainha louca\u201d, obra vencedora do Pr\u00eamio Jabuti 2020, que d\u00e1 voz \u00e0 uma mulher do S\u00e9culo XVIII processada pela Coroa portuguesa; e a\u00a0 escritora Kiusam de Oliveira, autora de um dos dez livros apontados pela ONU como mais importantes do mundo na \u00e1rea direitos humanos.<br \/>\n&nbsp;<br \/>\nA escritora e especialista em biodiversidade Nurit Bensusan, pesquisadora do Instituto Socioambiental,\u00a0 conversar\u00e1 sobre Desenvolvimento Sustent\u00e1vel e a tem\u00e1tica antirracista estar\u00e1 abordada em encontros especiais, em oficinas e nos bate-papos com o ilustrador Marcelo D\u2019Salete, \u00a0professor, desenhista e roteirista de hist\u00f3rias em quadrinhos, autor do \u00e1lbum Noite Luz, lan\u00e7ado no Brasil e na Argentina; e o ilustrador e quadrinista Jefferson Costa, ganhador do Pr\u00eamio Jabuti de 2019, que produziu com o roteirista Rafael Cal\u00e7a a <em>graphic novel<\/em> Jeremias &#8211; Pele, apresentando o primeiro personagem negro da Turma da M\u00f4nica, de Mauricio de Sousa.<br \/>\n&nbsp;<br \/>\n\u201cA forma\u00e7\u00e3o do elenco de escritores, escritoras e demais personalidades convidadas para o II Bibliofest buscou promover o incentivo \u00e0 leitura a partir de profissionais que tenham abordado, em suas obras, t\u00f3picos ligados \u00e0 diversidade, ao combate \u00e0s desigualdades e, tamb\u00e9m, ao desenvolvimento sustent\u00e1vel\u201d, explicou Raphael Cavalcante, coordenador de curadoria do II BiblioFest.<br \/>\nEntre as 15 oficinas que ser\u00e3o oferecidas na programa\u00e7\u00e3o do BiblioFest, cinco s\u00e3o voltados ao p\u00fablico infantil, e ser\u00e3o ministradas por grandes nomes do cen\u00e1rio cultural como o ilustrador J\u00f4 Oliveira; Chico Sim\u00f5es, criador da trupe Mamulengo Presepada; e os grupos Patubat\u00ea e Panderol\u00ea com oficinas musicais, e Racumim Racutia. Para as crian\u00e7as, a programa\u00e7\u00e3o traz tamb\u00e9m sess\u00f5es de conta\u00e7\u00e3o de hist\u00f3rias.<br \/>\n&nbsp;<br \/>\nJ\u00e1 para o p\u00fablico adulto, as dez oficinas trazem temas focados nos ideais de inclus\u00e3o social e sustentabilidade, previstos na Agenda 2030 da ONU\/IFLA. Entre os t\u00f3picos abordados, est\u00e3o \u201cRepresentatividade negra na literatura brasileira\u201d, ministrada por Gl\u00e1ucia Vaz; Biblioterapia \u2013 t\u00e9cnica que utiliza a leitura no tratamento de dist\u00farbios nervosos -, com Cris Seixas; Decolonialidade e Antirracismo na Biblioteconomia, com Ueliton dos Santos Alves e Andr\u00e9ia Sousa da Silva; forma\u00e7\u00e3o de cineclubes online, com Ana Arruda, al\u00e9m de temas direcionados a novos leitores e a profissionais de tecnologia da informa\u00e7\u00e3o e bibliotec\u00e1rios.<br \/>\n&nbsp;<br \/>\nO BiblioFest foi idealizado pela Associa\u00e7\u00e3o de Bibliotec\u00e1rios e Profissionais da Ci\u00eancia da Informa\u00e7\u00e3o do Distrito Federal e est\u00e1 realizando sua segunda edi\u00e7\u00e3o com recursos do Fundo de Apoio \u00e0 Cultura do DF e os apoios da Biblioteca Nacional de Bras\u00edlia e da Secretaria de Cultura e Economia Criativa do DF.<br \/>\n&nbsp;<br \/>\nPara a presidente da ABDF, Luciana Oliveira, o evento traz a consolida\u00e7\u00e3o de um trabalho iniciado pela <em>International Federation of Library Associations and Institutions<\/em> (IFLA), quando lan\u00e7ou a publica\u00e7\u00e3o integrando as Bibliotecas \u00e0s a\u00e7\u00f5es da Agenda 2030 das Na\u00e7\u00f5es Unidas. \u201cO II Bibliofest tem como tema: \u2018Bibliotecas e Agenda 2030: rumo \u00e0 inclus\u00e3o social\u2019, que perpassar\u00e1 todas as provoca\u00e7\u00f5es e discuss\u00f5es levadas nas a\u00e7\u00f5es formativas e reflexivas do evento. Todas as atividades que ser\u00e3o promovidas visam a atender diversos p\u00fablicos e tem\u00e1ticas sempre pautadas pelo potencial da leitura, informa\u00e7\u00e3o e conhecimento.\u201d<br \/>\n&nbsp;<br \/>\nSERVI\u00c7O<br \/>\nII BiblioFest, evento online, gratuito<br \/>\nDe 07 a 16 de maio de 2021, das 9h \u00e0s 20h<br \/>\nLocal: canal da ABDF no YouTube &#8211; https:\/\/www.youtube.com\/c\/ABDFHoje<br \/>\n&nbsp;<br \/>\nInscri\u00e7\u00f5es e programa\u00e7\u00e3o completa: http:\/\/abdf.org.br\/bibliofest<br \/>\nAs inscri\u00e7\u00f5es para as oficinas (50 vagas para cada) podem ser feitas dois dias antes de cada oficina<br \/>\n&nbsp;<br \/>\nRealiza\u00e7\u00e3o: Associa\u00e7\u00e3o de Bibliotec\u00e1rios e Profissionais da Ci\u00eancia da Informa\u00e7\u00e3o do Distrito Federal<br \/>\nPatroc\u00ednio: Fundo de Apoio \u00e0 Cultura do DF<br \/>\nApoios: Biblioteca Nacional de Bras\u00edlia e Secretaria de Cultura e Economia Criativa do DF<\/p>\n","protected":false},"excerpt":{"rendered":"<p>II BiblioFest: eventos liter\u00e1rios, bate-papos e oficinas culturais gratuitos comp\u00f5em programa\u00e7\u00e3o virtual de 10 dias &nbsp; Grandes talentos da literatura, ilustradores, artistas, pesquisadores e estudiosos brasileiros j\u00e1 confirmaram suas participa\u00e7\u00f5es na II BiblioFest, que promover\u00e1, entre 7 e 16 de maio, encontros online com bate-papos de alto n\u00edvel e oficinas contemplando diferentes linguagens culturais. Sob [&hellip;]<\/p>\n","protected":false},"author":4,"featured_media":5790,"comment_status":"open","ping_status":"open","sticky":false,"template":"","format":"standard","meta":{"site-sidebar-layout":"default","site-content-layout":"","ast-site-content-layout":"default","site-content-style":"default","site-sidebar-style":"default","ast-global-header-display":"","ast-banner-title-visibility":"","ast-main-header-display":"","ast-hfb-above-header-display":"","ast-hfb-below-header-display":"","ast-hfb-mobile-header-display":"","site-post-title":"","ast-breadcrumbs-content":"","ast-featured-img":"","footer-sml-layout":"","ast-disable-related-posts":"","theme-transparent-header-meta":"","adv-header-id-meta":"","stick-header-meta":"","header-above-stick-meta":"","header-main-stick-meta":"","header-below-stick-meta":"","astra-migrate-meta-layouts":"default","ast-page-background-enabled":"default","ast-page-background-meta":{"desktop":{"background-color":"","background-image":"","background-repeat":"repeat","background-position":"center center","background-size":"auto","background-attachment":"scroll","background-type":"","background-media":"","overlay-type":"","overlay-color":"","overlay-opacity":"","overlay-gradient":""},"tablet":{"background-color":"","background-image":"","background-repeat":"repeat","background-position":"center center","background-size":"auto","background-attachment":"scroll","background-type":"","background-media":"","overlay-type":"","overlay-color":"","overlay-opacity":"","overlay-gradient":""},"mobile":{"background-color":"","background-image":"","background-repeat":"repeat","background-position":"center center","background-size":"auto","background-attachment":"scroll","background-type":"","background-media":"","overlay-type":"","overlay-color":"","overlay-opacity":"","overlay-gradient":""}},"ast-content-background-meta":{"desktop":{"background-color":"var(--ast-global-color-5)","background-image":"","background-repeat":"repeat","background-position":"center center","background-size":"auto","background-attachment":"scroll","background-type":"","background-media":"","overlay-type":"","overlay-color":"","overlay-opacity":"","overlay-gradient":""},"tablet":{"background-color":"var(--ast-global-color-5)","background-image":"","background-repeat":"repeat","background-position":"center center","background-size":"auto","background-attachment":"scroll","background-type":"","background-media":"","overlay-type":"","overlay-color":"","overlay-opacity":"","overlay-gradient":""},"mobile":{"background-color":"var(--ast-global-color-5)","background-image":"","background-repeat":"repeat","background-position":"center center","background-size":"auto","background-attachment":"scroll","background-type":"","background-media":"","overlay-type":"","overlay-color":"","overlay-opacity":"","overlay-gradient":""}},"footnotes":""},"categories":[24],"tags":[],"class_list":["post-5787","post","type-post","status-publish","format-standard","has-post-thumbnail","hentry","category-evento"],"_links":{"self":[{"href":"https:\/\/crb1.org.br\/site\/wp-json\/wp\/v2\/posts\/5787","targetHints":{"allow":["GET"]}}],"collection":[{"href":"https:\/\/crb1.org.br\/site\/wp-json\/wp\/v2\/posts"}],"about":[{"href":"https:\/\/crb1.org.br\/site\/wp-json\/wp\/v2\/types\/post"}],"author":[{"embeddable":true,"href":"https:\/\/crb1.org.br\/site\/wp-json\/wp\/v2\/users\/4"}],"replies":[{"embeddable":true,"href":"https:\/\/crb1.org.br\/site\/wp-json\/wp\/v2\/comments?post=5787"}],"version-history":[{"count":0,"href":"https:\/\/crb1.org.br\/site\/wp-json\/wp\/v2\/posts\/5787\/revisions"}],"wp:featuredmedia":[{"embeddable":true,"href":"https:\/\/crb1.org.br\/site\/wp-json\/"}],"wp:attachment":[{"href":"https:\/\/crb1.org.br\/site\/wp-json\/wp\/v2\/media?parent=5787"}],"wp:term":[{"taxonomy":"category","embeddable":true,"href":"https:\/\/crb1.org.br\/site\/wp-json\/wp\/v2\/categories?post=5787"},{"taxonomy":"post_tag","embeddable":true,"href":"https:\/\/crb1.org.br\/site\/wp-json\/wp\/v2\/tags?post=5787"}],"curies":[{"name":"wp","href":"https:\/\/api.w.org\/{rel}","templated":true}]}}