{"id":5823,"date":"2013-04-15T18:31:39","date_gmt":"2013-04-15T21:31:39","guid":{"rendered":"https:\/\/novocrb1.ultramidia.com.br\/mato-grosso-do-sul-recebe-o-13-encontro-proler-memoria-atuacao-e-projecao\/"},"modified":"2013-04-15T18:31:39","modified_gmt":"2013-04-15T21:31:39","slug":"mato-grosso-do-sul-recebe-o-13-encontro-proler-memoria-atuacao-e-projecao","status":"publish","type":"post","link":"https:\/\/crb1.org.br\/site\/2013\/04\/mato-grosso-do-sul-recebe-o-13-encontro-proler-memoria-atuacao-e-projecao\/","title":{"rendered":"Mato Grosso do Sul recebe o 13\u00ba Encontro PROLER \u2013 Mem\u00f3ria, atua\u00e7\u00e3o e proje\u00e7\u00e3o"},"content":{"rendered":"<p><img fetchpriority=\"high\" decoding=\"async\" src=\"https:\/\/lh3.googleusercontent.com\/-umTGzLM-INo\/UWw6rujcNoI\/AAAAAAAABtM\/NoYtl9WECuk\/s400\/ProLer2012.png\" width=\"185\" height=\"400\" style=\"float: left; margin-left: 5px; margin-right: 5px;\" \/>Entre os dias 25 e 28 de setembro acontecer\u00e1 em Campo Grande a 13\u00aa edi\u00e7\u00e3o do PROLER &#8211; Mem\u00f3ria, atua\u00e7\u00e3o e proje\u00e7\u00e3o, evento promovido pela Funda\u00e7\u00e3o de Cultura do governo e realizado pela Associa\u00e7\u00e3o dos Bibliotec\u00e1rios do estado do Mato Grosso do Sul.<\/p>\n<p>Com o objetivo principal de fortalecer o incentivo \u00e0 leitura, o Comit\u00ea PROLER atua h\u00e1 15 anos no estado e busca o desenvolvimento de novas ferramentas de trabalho que possibilitem aos professores e mestres universit\u00e1rios, bibliotec\u00e1rios de setores p\u00fablicos e privados o fortalecimento de iniciativas que valorizem o ato social da leitura.<\/p>\n<p>A programa\u00e7\u00e3o dessa edi\u00e7\u00e3o contar\u00e1 com 12 oficinas de temas variados e diversificados sobre estudos de linguagem e literatura, com destaque para os novos suportes tecnol\u00f3gicos, literatura, gram\u00e1tica e g\u00eaneros textuais, al\u00e9m de contadores de hist\u00f3rias e gestores p\u00fablicos de pr\u00e1ticas de leitura.<\/p>\n<p>Confira o calend\u00e1rio de eventos:<\/p>\n<p>  <!--more-->  <\/p>\n<p>\u00a0<\/p>\n<p>25 de setembro<\/p>\n<p>Abertura &#8211; 19 horas<\/p>\n<p>Palestra: &#8220;Mem\u00f3ria, atua\u00e7\u00e3o, proje\u00e7\u00e3o: uma reflex\u00e3o sobre os 20 anos do Proler &#8211; Camem Pimentel.<\/p>\n<p>Local: Teatro Aracy Balabanian<\/p>\n<p>26 de setembro<\/p>\n<p>A coes\u00e3o textual no Artigo de Opini\u00e3o &#8211; Ministrante: Gilson Av\u00e1los (SED).<\/p>\n<p>Local: Biblioteca Isa\u00edas Paim.<\/p>\n<p>A arte de contar hist\u00f3rias &#8211; Ministrante: Eliane Ribas (SEMED).<\/p>\n<p>Local: Mezanino do Memorial da Cultura.<\/p>\n<p>Leitura, tecnologia e forma\u00e7\u00e3o de professores &#8211; Ministrante: Maria Christina Paniago (UCDB).<\/p>\n<p>Local: Museu da Imagem e do Som.<\/p>\n<p>Educar para proteger \u2013 \u201cOlhares Sobre MS: Imagens e Palavras\u201d &#8211; Maria Christina de Lima F\u00e9lix Santos (FCMS).<\/p>\n<p>Local: Mezanino do Memorial da Cultura.<\/p>\n<p>Operacionalizando a Biblioteca Escolar &#8211; Rodrigo Pereira<\/p>\n<p>Local: Biblioteca Isa\u00edas Paim.<\/p>\n<p>27 de setembro<\/p>\n<p>Ilustra\u00e7\u00e3o em livros infantis &#8211; Ministrante: Nancy Ang\u00e9lika (FUNSAT).<\/p>\n<p>Local: Biblioteca Isa\u00edas Paim.<\/p>\n<p>Cinema na escola: os desafios e as pr\u00e1ticas pedag\u00f3gicas &#8211; Ministrante: Fl\u00e1vio Adriano Nantes Nunes (UFMS).<\/p>\n<p>Local: Museu da Imagem e do Som.<\/p>\n<p>\u201cLiteratura Infantil\u201d &#8211; Ministrantes: Arlinda Canteiro Dorsa (UCDB) e Maria Fernanda Borges Daniel de Alencastro (UCDB).<\/p>\n<p>Local: Mezanino do Memorial da Cultura.<\/p>\n<p>P\u00e1ginas da \u00c1frica: olhares sobre a obra Mia Couto &#8211; Ministrante: Angela Cat\u00f4nio (UCDB).<\/p>\n<p>Local: Mezanino do Memorial da Cultura.<\/p>\n<p>Ler \u00e9 interagir com o mundo &#8211; A leitura e as novas tecnologias &#8211; Ministrante: Sara Cristiane Jara Grubert (IESF).<\/p>\n<p>Local: Biblioteca Isa\u00edas Paim.<\/p>\n<p>28 de setembro<\/p>\n<p>Espa\u00e7o da Poesia &#8211; Hor\u00e1rio: 19 horas<\/p>\n<p>Palestra: Quadrinhos e inclus\u00e3o &#8211; Palestrante: Nataniel Gomes (UEMS).<\/p>\n<p>Lan\u00e7amento dos livros das autoras Raquel Naveira e Ariadne Cantu<\/p>\n<p>Local: Terra\u00e7o do Memorial da Cultura.<\/p>\n<p>1\u00ba Encontro do Prolerzinho<\/p>\n<p>26 de setembro \u2013 14h \u00e0s 16h30<\/p>\n<p>Oficina: Ilustra\u00e7\u00e3o do Livro Menina Passarinha<\/p>\n<p>Convidada: Ilustradora Nancy Ang\u00e9lica (FUNSAT).<\/p>\n<p>27 de setembro \u2013 14h \u00e0s 16h30<\/p>\n<p>Oficina de leitura liter\u00e1ria: brincando com as palavras<\/p>\n<p>Convidado: Prof\u00ba Dr. Danglei de Castro Pereira (UEMS\/CNPq\/PROLER).<\/p>\n<p>Servi\u00e7o: As inscri\u00e7\u00f5es para o 13\u00ba Encontro do Proler podem ser feitas na Biblioteca P\u00fablica Dr.Isaias Paim, localizada no 2\u00ba andar do Memorial da Cultura, que fica na Avenida Fernando Corr\u00eaa da Costa, 559 (Antigo F\u00f3rum). O hor\u00e1rio de atendimento \u00e9 das 8 h \u00e0s 17h30. O investimento \u00e9 de R$ 10,00.<\/p>\n<p>O Centro Cultural Jos\u00e9 Oct\u00e1vio Guizzo, que tamb\u00e9m recebe a programa\u00e7\u00e3o do Proler, fica na Rua 26 de Agosto, 453, entre as Ruas 14 de Julho e a Cal\u00f3geras. Outras informa\u00e7\u00f5es pelos telefones (67) 3316-9155 ou 3316-9161 e pelo email: prolercg@gmail.com.<\/p>\n","protected":false},"excerpt":{"rendered":"<p>Entre os dias 25 e 28 de setembro acontecer\u00e1 em Campo Grande a 13\u00aa edi\u00e7\u00e3o do PROLER &#8211; Mem\u00f3ria, atua\u00e7\u00e3o e proje\u00e7\u00e3o, evento promovido pela Funda\u00e7\u00e3o de Cultura do governo e realizado pela Associa\u00e7\u00e3o dos Bibliotec\u00e1rios do estado do Mato Grosso do Sul. Com o objetivo principal de fortalecer o incentivo \u00e0 leitura, o Comit\u00ea [&hellip;]<\/p>\n","protected":false},"author":1,"featured_media":0,"comment_status":"open","ping_status":"open","sticky":false,"template":"","format":"standard","meta":{"site-sidebar-layout":"default","site-content-layout":"","ast-site-content-layout":"default","site-content-style":"default","site-sidebar-style":"default","ast-global-header-display":"","ast-banner-title-visibility":"","ast-main-header-display":"","ast-hfb-above-header-display":"","ast-hfb-below-header-display":"","ast-hfb-mobile-header-display":"","site-post-title":"","ast-breadcrumbs-content":"","ast-featured-img":"","footer-sml-layout":"","ast-disable-related-posts":"","theme-transparent-header-meta":"","adv-header-id-meta":"","stick-header-meta":"","header-above-stick-meta":"","header-main-stick-meta":"","header-below-stick-meta":"","astra-migrate-meta-layouts":"default","ast-page-background-enabled":"default","ast-page-background-meta":{"desktop":{"background-color":"","background-image":"","background-repeat":"repeat","background-position":"center center","background-size":"auto","background-attachment":"scroll","background-type":"","background-media":"","overlay-type":"","overlay-color":"","overlay-opacity":"","overlay-gradient":""},"tablet":{"background-color":"","background-image":"","background-repeat":"repeat","background-position":"center center","background-size":"auto","background-attachment":"scroll","background-type":"","background-media":"","overlay-type":"","overlay-color":"","overlay-opacity":"","overlay-gradient":""},"mobile":{"background-color":"","background-image":"","background-repeat":"repeat","background-position":"center center","background-size":"auto","background-attachment":"scroll","background-type":"","background-media":"","overlay-type":"","overlay-color":"","overlay-opacity":"","overlay-gradient":""}},"ast-content-background-meta":{"desktop":{"background-color":"var(--ast-global-color-5)","background-image":"","background-repeat":"repeat","background-position":"center center","background-size":"auto","background-attachment":"scroll","background-type":"","background-media":"","overlay-type":"","overlay-color":"","overlay-opacity":"","overlay-gradient":""},"tablet":{"background-color":"var(--ast-global-color-5)","background-image":"","background-repeat":"repeat","background-position":"center center","background-size":"auto","background-attachment":"scroll","background-type":"","background-media":"","overlay-type":"","overlay-color":"","overlay-opacity":"","overlay-gradient":""},"mobile":{"background-color":"var(--ast-global-color-5)","background-image":"","background-repeat":"repeat","background-position":"center center","background-size":"auto","background-attachment":"scroll","background-type":"","background-media":"","overlay-type":"","overlay-color":"","overlay-opacity":"","overlay-gradient":""}},"footnotes":""},"categories":[1],"tags":[],"class_list":["post-5823","post","type-post","status-publish","format-standard","hentry","category-noticias"],"_links":{"self":[{"href":"https:\/\/crb1.org.br\/site\/wp-json\/wp\/v2\/posts\/5823","targetHints":{"allow":["GET"]}}],"collection":[{"href":"https:\/\/crb1.org.br\/site\/wp-json\/wp\/v2\/posts"}],"about":[{"href":"https:\/\/crb1.org.br\/site\/wp-json\/wp\/v2\/types\/post"}],"author":[{"embeddable":true,"href":"https:\/\/crb1.org.br\/site\/wp-json\/wp\/v2\/users\/1"}],"replies":[{"embeddable":true,"href":"https:\/\/crb1.org.br\/site\/wp-json\/wp\/v2\/comments?post=5823"}],"version-history":[{"count":0,"href":"https:\/\/crb1.org.br\/site\/wp-json\/wp\/v2\/posts\/5823\/revisions"}],"wp:attachment":[{"href":"https:\/\/crb1.org.br\/site\/wp-json\/wp\/v2\/media?parent=5823"}],"wp:term":[{"taxonomy":"category","embeddable":true,"href":"https:\/\/crb1.org.br\/site\/wp-json\/wp\/v2\/categories?post=5823"},{"taxonomy":"post_tag","embeddable":true,"href":"https:\/\/crb1.org.br\/site\/wp-json\/wp\/v2\/tags?post=5823"}],"curies":[{"name":"wp","href":"https:\/\/api.w.org\/{rel}","templated":true}]}}