{"id":6057,"date":"2021-09-21T09:35:24","date_gmt":"2021-09-21T12:35:24","guid":{"rendered":"https:\/\/novocrb1.ultramidia.com.br\/?p=6057"},"modified":"2021-09-21T09:35:24","modified_gmt":"2021-09-21T12:35:24","slug":"entrevista-com-a-bibliotecaria-cibele-nogueira","status":"publish","type":"post","link":"https:\/\/crb1.org.br\/site\/2021\/09\/entrevista-com-a-bibliotecaria-cibele-nogueira\/","title":{"rendered":"Entrevista com a bibliotec\u00e1ria Cibele Nogueira"},"content":{"rendered":"<figure id=\"attachment_6058\" aria-describedby=\"caption-attachment-6058\" style=\"width: 350px\" class=\"wp-caption alignleft\"><img fetchpriority=\"high\" decoding=\"async\" class=\"wp-image-6058\" src=\"https:\/\/crb1.org.br\/site\/wp-content\/uploads\/2021\/09\/cibele-nogueira-300x169.jpeg\" alt=\"\" width=\"350\" height=\"197\" srcset=\"https:\/\/crb1.org.br\/site\/wp-content\/uploads\/2021\/09\/cibele-nogueira-300x169.jpeg 300w, https:\/\/crb1.org.br\/site\/wp-content\/uploads\/2021\/09\/cibele-nogueira-1024x575.jpeg 1024w, https:\/\/crb1.org.br\/site\/wp-content\/uploads\/2021\/09\/cibele-nogueira-768x431.jpeg 768w, https:\/\/crb1.org.br\/site\/wp-content\/uploads\/2021\/09\/cibele-nogueira.jpeg 1280w\" sizes=\"(max-width: 350px) 100vw, 350px\" \/><figcaption id=\"caption-attachment-6058\" class=\"wp-caption-text\">&#8220;Vagner Silva e Cibele Nogueira s\u00e3o organizadores do Semin\u00e1rio da Biblioteca da UFGD&#8221;&#8221;<\/figcaption><\/figure>\n<p><strong>CRB-1 entrevista a bibliotec\u00e1ria Cibele Nogueira, uma das organizadoras do I Semin\u00e1rio da Biblioteca da UFGD sobre Ass\u00e9dio, Racismo e Viol\u00eancia de G\u00eanero<\/strong><\/p>\n<p>No \u00faltimo dia 8 de setembro, teve in\u00edcio o I Semin\u00e1rio da Biblioteca da UFGD sobre Ass\u00e9dio, Racismo e Viol\u00eancia de G\u00eanero. O CRB-1 convidou a bibliotec\u00e1ria Cibele Nogueira, uma das organizadoras, para relatar a experi\u00eancia. Confira!<\/p>\n<p><strong><em>1 &#8211; Cibele, como surgiu a ideia para o I Semin\u00e1rio da Biblioteca acerca dos temas abordados?<\/em><\/strong><\/p>\n<p>A ideia \u00e9 do coordenador Vagner Santos, bibliotec\u00e1rio e meu colega de trabalho na Universidade Federal da Grande Dourados. Acreditamos que as tem\u00e1ticas abordadas merecem um destaque muito importante diante dos in\u00fameros ataques que a popula\u00e7\u00e3o em geral vem sofrendo em diversas \u00e1reas, inclusive no servi\u00e7o p\u00fablico. \u00c9 sempre um assunto delicado, sabemos que todas as pessoas est\u00e3o sujeitas a serem v\u00edtimas de ass\u00e9dio, por exemplo, mas quando algum caso vem \u00e0 tona costuma ser sempre abafado, para n\u00e3o prejudicar a imagem do assediador. Precisamos que esse cen\u00e1rio mude, que as v\u00edtimas sejam sempre acolhidas e n\u00e3o tenham medo de denunciar este tipo de situa\u00e7\u00e3o. Tamb\u00e9m somos f\u00e3s de David Lankes* e do que ele diz quando a comunidade precisa sentir que a biblioteca pertence a ela, por isso este Semin\u00e1rio foi pensado e est\u00e1 sendo realizado pela Extens\u00e3o Universit\u00e1ria da Universidade Federal da Grande Dourados.<\/p>\n<p><strong><em>2 &#8211; Como se deu a escolha dos temas e a curadoria dos participantes?<\/em><\/strong><\/p>\n<p>Os temas foram pensados baseados em assuntos que s\u00e3o muito importantes de serem discutidos, porque a sociedade precisa evoluir muito para que n\u00e3o seja mais preciso falar do \u00f3bvio. \u00c9 triste n\u00e3o estarmos discutindo coisas mais \u00e0 frente de nosso tempo, mas enquanto a viol\u00eancia de g\u00eanero e o racismo, principalmente, n\u00e3o acabarem, precisamos discutir, conscientizar as pessoas. Infelizmente vivemos tempos dif\u00edceis demais e acreditamos que as bibliotecas n\u00e3o podem ser neutras diante de tudo isso.<\/p>\n<p><strong><em>3 &#8211; A ideia \u00e9 que o Semin\u00e1rio ocorra anualmente?<\/em><\/strong><\/p>\n<p>Nossa ideia \u00e9 que tenha uma continuidade, sim. Ao final do evento, aplicaremos um question\u00e1rio para termos um retorno dos participantes sobre como foi o evento, no geral, e as atividades espec\u00edficas e sugest\u00f5es para o pr\u00f3ximo.<\/p>\n<p><strong><em>4 &#8211; Esta \u00e9 uma a\u00e7\u00e3o da UFGD em dire\u00e7\u00e3o \u00e0 agenda 2030 da ONU? Existem outras a\u00e7\u00f5es em andamento ou programadas neste sentido?<\/em><\/strong><\/p>\n<p>\u00c9, sim, se enquadra na ODS 10 &#8211; Redu\u00e7\u00e3o das desigualdades**. Acreditamos que a tem\u00e1tica escolhida possa contribuir para a redu\u00e7\u00e3o de desigualdades de grupos vulner\u00e1veis por meio de um maior conhecimento sobre como as opress\u00f5es ocorrem e como combat\u00ea-las. Neste sentido, o \u201cobjetivo \u00e9 promover encontros virtuais, debater e compartilhar conhecimentos e informa\u00e7\u00f5es sobre ass\u00e9dio moral e sexual, racismo, viol\u00eancias de g\u00eanero, homofobia, discrimina\u00e7\u00e3o contra pessoas ind\u00edgenas e algumas interseccionalidades\u201d.<\/p>\n<p><strong><em>5 &#8211; Como o Semin\u00e1rio foi recebido pela comunidade acad\u00eamica?<\/em><\/strong><\/p>\n<p>Como rec\u00e9m come\u00e7ou, ainda n\u00e3o podemos ter uma vis\u00e3o geral, por\u00e9m, ap\u00f3s a primeira palestra, vimos que as pessoas elogiaram bastante o evento, que participaram bastante fazendo perguntas e concorrendo ao nosso quiz. Tivemos na primeira palestra (08\/09) 112 participantes credenciados e na segunda (09\/09), 92 participantes que realizaram seu credenciamento online. At\u00e9 este dia 10\/09\/2021 j\u00e1 estamos como 403 inscritos totais no evento.<\/p>\n<p>(*) \u2013 David Lankes \u00e9 doutor em Information Transfer (Syracuse University) e diretor da School of Library and Information Science da University of South Carolina. Ele \u00e9 propositor da chamada \u201cNova Biblioteconomia\u201d.<\/p>\n<p>(**) \u2013 A Agenda 2030 das Na\u00e7\u00f5es Unidas \u00e9 um plano baseado em 17 Objetivos de Desenvolvimento Sustent\u00e1vel, os ODS.<\/p>\n<p><strong>Servi\u00e7o<\/strong><\/p>\n<p>Evento Virtual: I Semin\u00e1rio da Biblioteca sobre Ass\u00e9dio, Racismo e Viol\u00eancia de G\u00eanero.<\/p>\n<p>Datas: 8, 9, 14, 15, 21 e 22 de setembro de 2021<\/p>\n<p>Inscri\u00e7\u00f5es e programa\u00e7\u00e3o: <a href=\"https:\/\/www.even3.com.br\/ufgd21\/\" target=\"_blank\" rel=\"noopener\">https:\/\/www.even3.com.br\/ufgd21\/<\/a><\/p>\n","protected":false},"excerpt":{"rendered":"<p>CRB-1 entrevista a bibliotec\u00e1ria Cibele Nogueira, uma das organizadoras do I Semin\u00e1rio da Biblioteca da UFGD sobre Ass\u00e9dio, Racismo e Viol\u00eancia de G\u00eanero No \u00faltimo dia 8 de setembro, teve in\u00edcio o I Semin\u00e1rio da Biblioteca da UFGD sobre Ass\u00e9dio, Racismo e Viol\u00eancia de G\u00eanero. O CRB-1 convidou a bibliotec\u00e1ria Cibele Nogueira, uma das organizadoras, [&hellip;]<\/p>\n","protected":false},"author":1,"featured_media":6058,"comment_status":"closed","ping_status":"closed","sticky":false,"template":"","format":"standard","meta":{"site-sidebar-layout":"default","site-content-layout":"","ast-site-content-layout":"default","site-content-style":"default","site-sidebar-style":"default","ast-global-header-display":"","ast-banner-title-visibility":"","ast-main-header-display":"","ast-hfb-above-header-display":"","ast-hfb-below-header-display":"","ast-hfb-mobile-header-display":"","site-post-title":"","ast-breadcrumbs-content":"","ast-featured-img":"","footer-sml-layout":"","ast-disable-related-posts":"","theme-transparent-header-meta":"","adv-header-id-meta":"","stick-header-meta":"","header-above-stick-meta":"","header-main-stick-meta":"","header-below-stick-meta":"","astra-migrate-meta-layouts":"default","ast-page-background-enabled":"default","ast-page-background-meta":{"desktop":{"background-color":"","background-image":"","background-repeat":"repeat","background-position":"center center","background-size":"auto","background-attachment":"scroll","background-type":"","background-media":"","overlay-type":"","overlay-color":"","overlay-opacity":"","overlay-gradient":""},"tablet":{"background-color":"","background-image":"","background-repeat":"repeat","background-position":"center center","background-size":"auto","background-attachment":"scroll","background-type":"","background-media":"","overlay-type":"","overlay-color":"","overlay-opacity":"","overlay-gradient":""},"mobile":{"background-color":"","background-image":"","background-repeat":"repeat","background-position":"center center","background-size":"auto","background-attachment":"scroll","background-type":"","background-media":"","overlay-type":"","overlay-color":"","overlay-opacity":"","overlay-gradient":""}},"ast-content-background-meta":{"desktop":{"background-color":"var(--ast-global-color-5)","background-image":"","background-repeat":"repeat","background-position":"center center","background-size":"auto","background-attachment":"scroll","background-type":"","background-media":"","overlay-type":"","overlay-color":"","overlay-opacity":"","overlay-gradient":""},"tablet":{"background-color":"var(--ast-global-color-5)","background-image":"","background-repeat":"repeat","background-position":"center center","background-size":"auto","background-attachment":"scroll","background-type":"","background-media":"","overlay-type":"","overlay-color":"","overlay-opacity":"","overlay-gradient":""},"mobile":{"background-color":"var(--ast-global-color-5)","background-image":"","background-repeat":"repeat","background-position":"center center","background-size":"auto","background-attachment":"scroll","background-type":"","background-media":"","overlay-type":"","overlay-color":"","overlay-opacity":"","overlay-gradient":""}},"footnotes":""},"categories":[21,45,1],"tags":[],"class_list":["post-6057","post","type-post","status-publish","format-standard","has-post-thumbnail","hentry","category-destaques","category-entrevista","category-noticias"],"_links":{"self":[{"href":"https:\/\/crb1.org.br\/site\/wp-json\/wp\/v2\/posts\/6057","targetHints":{"allow":["GET"]}}],"collection":[{"href":"https:\/\/crb1.org.br\/site\/wp-json\/wp\/v2\/posts"}],"about":[{"href":"https:\/\/crb1.org.br\/site\/wp-json\/wp\/v2\/types\/post"}],"author":[{"embeddable":true,"href":"https:\/\/crb1.org.br\/site\/wp-json\/wp\/v2\/users\/1"}],"replies":[{"embeddable":true,"href":"https:\/\/crb1.org.br\/site\/wp-json\/wp\/v2\/comments?post=6057"}],"version-history":[{"count":0,"href":"https:\/\/crb1.org.br\/site\/wp-json\/wp\/v2\/posts\/6057\/revisions"}],"wp:featuredmedia":[{"embeddable":true,"href":"https:\/\/crb1.org.br\/site\/wp-json\/wp\/v2\/media\/6058"}],"wp:attachment":[{"href":"https:\/\/crb1.org.br\/site\/wp-json\/wp\/v2\/media?parent=6057"}],"wp:term":[{"taxonomy":"category","embeddable":true,"href":"https:\/\/crb1.org.br\/site\/wp-json\/wp\/v2\/categories?post=6057"},{"taxonomy":"post_tag","embeddable":true,"href":"https:\/\/crb1.org.br\/site\/wp-json\/wp\/v2\/tags?post=6057"}],"curies":[{"name":"wp","href":"https:\/\/api.w.org\/{rel}","templated":true}]}}