{"id":6171,"date":"2021-12-10T10:47:20","date_gmt":"2021-12-10T13:47:20","guid":{"rendered":"https:\/\/novocrb1.ultramidia.com.br\/?p=6171"},"modified":"2021-12-10T10:47:20","modified_gmt":"2021-12-10T13:47:20","slug":"saiu-o-resultado-provisorio-da-premiacao-a-agentes-de-leitura","status":"publish","type":"post","link":"https:\/\/crb1.org.br\/site\/2021\/12\/saiu-o-resultado-provisorio-da-premiacao-a-agentes-de-leitura\/","title":{"rendered":"Saiu o resultado provis\u00f3rio da Premia\u00e7\u00e3o a agentes de leitura"},"content":{"rendered":"<p>No dia 08 de dezembro, a Secretaria de Cultura e Economia Criativa (Secec) publicou o resultado provis\u00f3rio do Edital N\u00ba 36\/2021, que vai premiar agentes culturais de leitura que tenham prestado relevante contribui\u00e7\u00e3o ao fomento do livro, leitura, e conta\u00e7\u00e3o de hist\u00f3rias no DF ou na Regi\u00e3o Integrada de Desenvolvimento do Distrito Federal e Entorno (Ride).<\/p>\n<p>O chamamento p\u00fablico, que conta com recursos de R$ 500 mil, vai contemplar 100 participantes do Programa Mala do Livro.<\/p>\n<p>O resultado final do certame ser\u00e1 publicado no DODF e no site da Secec.<\/p>\n<p>O Programa de Extens\u00e3o Bibliotec\u00e1ria Mala do Livro \u2013 Biblioteca Domiciliar \u2013 \u00e9 uma iniciativa de estado do GDF sob o guarda-chuva da Secretaria de Cultura e Economia Criativa (Secec), formalizado pelo Decreto n\u00ba 17.927, de 20 de dezembro de 1996.<\/p>\n<p><strong>Fonte:<\/strong> <a href=\"https:\/\/www.agenciabrasilia.df.gov.br\/2021\/12\/08\/premiacao-a-agentes-de-leitura-tem-resultado-provisorio\/\" target=\"_blank\" rel=\"noopener\">https:\/\/www.agenciabrasilia.df.gov.br\/2021\/12\/08\/premiacao-a-agentes-de-leitura-tem-resultado-provisorio\/<\/a><\/p>\n","protected":false},"excerpt":{"rendered":"<p>No dia 08 de dezembro, a Secretaria de Cultura e Economia Criativa (Secec) publicou o resultado provis\u00f3rio do Edital N\u00ba 36\/2021, que vai premiar agentes culturais de leitura que tenham prestado relevante contribui\u00e7\u00e3o ao fomento do livro, leitura, e conta\u00e7\u00e3o de hist\u00f3rias no DF ou na Regi\u00e3o Integrada de Desenvolvimento do Distrito Federal e Entorno [&hellip;]<\/p>\n","protected":false},"author":1,"featured_media":6172,"comment_status":"closed","ping_status":"closed","sticky":false,"template":"","format":"standard","meta":{"site-sidebar-layout":"default","site-content-layout":"","ast-site-content-layout":"default","site-content-style":"default","site-sidebar-style":"default","ast-global-header-display":"","ast-banner-title-visibility":"","ast-main-header-display":"","ast-hfb-above-header-display":"","ast-hfb-below-header-display":"","ast-hfb-mobile-header-display":"","site-post-title":"","ast-breadcrumbs-content":"","ast-featured-img":"","footer-sml-layout":"","ast-disable-related-posts":"","theme-transparent-header-meta":"","adv-header-id-meta":"","stick-header-meta":"","header-above-stick-meta":"","header-main-stick-meta":"","header-below-stick-meta":"","astra-migrate-meta-layouts":"default","ast-page-background-enabled":"default","ast-page-background-meta":{"desktop":{"background-color":"","background-image":"","background-repeat":"repeat","background-position":"center center","background-size":"auto","background-attachment":"scroll","background-type":"","background-media":"","overlay-type":"","overlay-color":"","overlay-opacity":"","overlay-gradient":""},"tablet":{"background-color":"","background-image":"","background-repeat":"repeat","background-position":"center center","background-size":"auto","background-attachment":"scroll","background-type":"","background-media":"","overlay-type":"","overlay-color":"","overlay-opacity":"","overlay-gradient":""},"mobile":{"background-color":"","background-image":"","background-repeat":"repeat","background-position":"center center","background-size":"auto","background-attachment":"scroll","background-type":"","background-media":"","overlay-type":"","overlay-color":"","overlay-opacity":"","overlay-gradient":""}},"ast-content-background-meta":{"desktop":{"background-color":"var(--ast-global-color-5)","background-image":"","background-repeat":"repeat","background-position":"center center","background-size":"auto","background-attachment":"scroll","background-type":"","background-media":"","overlay-type":"","overlay-color":"","overlay-opacity":"","overlay-gradient":""},"tablet":{"background-color":"var(--ast-global-color-5)","background-image":"","background-repeat":"repeat","background-position":"center center","background-size":"auto","background-attachment":"scroll","background-type":"","background-media":"","overlay-type":"","overlay-color":"","overlay-opacity":"","overlay-gradient":""},"mobile":{"background-color":"var(--ast-global-color-5)","background-image":"","background-repeat":"repeat","background-position":"center center","background-size":"auto","background-attachment":"scroll","background-type":"","background-media":"","overlay-type":"","overlay-color":"","overlay-opacity":"","overlay-gradient":""}},"footnotes":""},"categories":[21],"tags":[],"class_list":["post-6171","post","type-post","status-publish","format-standard","has-post-thumbnail","hentry","category-destaques"],"_links":{"self":[{"href":"https:\/\/crb1.org.br\/site\/wp-json\/wp\/v2\/posts\/6171","targetHints":{"allow":["GET"]}}],"collection":[{"href":"https:\/\/crb1.org.br\/site\/wp-json\/wp\/v2\/posts"}],"about":[{"href":"https:\/\/crb1.org.br\/site\/wp-json\/wp\/v2\/types\/post"}],"author":[{"embeddable":true,"href":"https:\/\/crb1.org.br\/site\/wp-json\/wp\/v2\/users\/1"}],"replies":[{"embeddable":true,"href":"https:\/\/crb1.org.br\/site\/wp-json\/wp\/v2\/comments?post=6171"}],"version-history":[{"count":0,"href":"https:\/\/crb1.org.br\/site\/wp-json\/wp\/v2\/posts\/6171\/revisions"}],"wp:featuredmedia":[{"embeddable":true,"href":"https:\/\/crb1.org.br\/site\/wp-json\/wp\/v2\/media\/6172"}],"wp:attachment":[{"href":"https:\/\/crb1.org.br\/site\/wp-json\/wp\/v2\/media?parent=6171"}],"wp:term":[{"taxonomy":"category","embeddable":true,"href":"https:\/\/crb1.org.br\/site\/wp-json\/wp\/v2\/categories?post=6171"},{"taxonomy":"post_tag","embeddable":true,"href":"https:\/\/crb1.org.br\/site\/wp-json\/wp\/v2\/tags?post=6171"}],"curies":[{"name":"wp","href":"https:\/\/api.w.org\/{rel}","templated":true}]}}