{"id":6174,"date":"2021-12-13T07:49:05","date_gmt":"2021-12-13T10:49:05","guid":{"rendered":"https:\/\/novocrb1.ultramidia.com.br\/?p=6174"},"modified":"2021-12-13T07:49:05","modified_gmt":"2021-12-13T10:49:05","slug":"biblioteca-municipal-de-tangara-da-serra-lanca-emprestimo-especial-de-ferias","status":"publish","type":"post","link":"https:\/\/crb1.org.br\/site\/2021\/12\/biblioteca-municipal-de-tangara-da-serra-lanca-emprestimo-especial-de-ferias\/","title":{"rendered":"Biblioteca municipal de Tangar\u00e1 da Serra lan\u00e7a \u201cempr\u00e9stimo especial de f\u00e9rias\u201d"},"content":{"rendered":"<p>A Biblioteca P\u00fablica Municipal de Tangar\u00e1 da Serra \u201cViviane Costa dos Santos Ferro\u201d, lan\u00e7ou nesta semana a campanha \u201cEmpr\u00e9stimo Especial de F\u00e9rias\u201d para incentivar o surgimento de novos leitores.<\/p>\n<p>De acordo com o bibliotec\u00e1rio Wagner Lili, a ideia de emprestar livros surgiu h\u00e1 um tempo, contudo, por causa da pandemia, o projeto teve que ser adiado, podendo agora ser colocado em pr\u00e1tica.<\/p>\n<p>\u201cA ideia surgiu como uma forma de incentivar as pessoas a lerem durante as f\u00e9rias. (&#8230;) houve um planejamento de v\u00e1rias a\u00e7\u00f5es aqui em Tangar\u00e1 da Serra e o Empr\u00e9stimo Especial de F\u00e9rias \u00e9 uma delas\u201d,<br \/>\nconta o respons\u00e1vel.<br \/>\nS\u00e3o mais de 19 mil t\u00edtulos dispon\u00edveis para empr\u00e9stimo, e todos podem ser consultados acessando <a href=\"https:\/\/linktr.ee\/bibliotecatga\" target=\"_blank\" rel=\"noopener\">https:\/\/linktr.ee\/bibliotecatga<\/a>.<\/p>\n<p>Os usu\u00e1rios cadastrados poder\u00e3o emprestar at\u00e9 cinco livros no per\u00edodo de 6 a 23 de dezembro e devolv\u00ea-los somente em fevereiro de 2022.<\/p>\n<p>Os livros devem ser retirados e devolvidos na Biblioteca P\u00fablica Municipal de Tangar\u00e1 da Serra, localizada junto ao Centro Cultural, no per\u00edodo das 7h \u00e0s 11h e das 13h \u00e0s 17h.<\/p>\n<p>Informa\u00e7\u00f5es tamb\u00e9m podem ser obtidas pelo BiblioZap 65.3311-5130.<\/p>\n<p><strong>Fonte:<\/strong> <a href=\"http:\/\/www.diariodaserra.com.br\/Noticia\/Detalhes\/MTk1OTkw\/INCENTIVO-A-LEITURA-%E2%80%93-Biblioteca-Municipal-lanca-%E2%80%9CEmprestimo-Especial-de-Ferias%E2%80%9D\" target=\"_blank\" rel=\"noopener\">http:\/\/www.diariodaserra.com.br\/Noticia\/Detalhes\/MTk1OTkw\/INCENTIVO-A-LEITURA-%E2%80%93-Biblioteca-Municipal-lanca-%E2%80%9CEmprestimo-Especial-de-Ferias%E2%80%9D<\/a><\/p>\n","protected":false},"excerpt":{"rendered":"<p>A Biblioteca P\u00fablica Municipal de Tangar\u00e1 da Serra \u201cViviane Costa dos Santos Ferro\u201d, lan\u00e7ou nesta semana a campanha \u201cEmpr\u00e9stimo Especial de F\u00e9rias\u201d para incentivar o surgimento de novos leitores. De acordo com o bibliotec\u00e1rio Wagner Lili, a ideia de emprestar livros surgiu h\u00e1 um tempo, contudo, por causa da pandemia, o projeto teve que ser [&hellip;]<\/p>\n","protected":false},"author":1,"featured_media":6175,"comment_status":"closed","ping_status":"closed","sticky":false,"template":"","format":"standard","meta":{"site-sidebar-layout":"default","site-content-layout":"","ast-site-content-layout":"default","site-content-style":"default","site-sidebar-style":"default","ast-global-header-display":"","ast-banner-title-visibility":"","ast-main-header-display":"","ast-hfb-above-header-display":"","ast-hfb-below-header-display":"","ast-hfb-mobile-header-display":"","site-post-title":"","ast-breadcrumbs-content":"","ast-featured-img":"","footer-sml-layout":"","ast-disable-related-posts":"","theme-transparent-header-meta":"","adv-header-id-meta":"","stick-header-meta":"","header-above-stick-meta":"","header-main-stick-meta":"","header-below-stick-meta":"","astra-migrate-meta-layouts":"default","ast-page-background-enabled":"default","ast-page-background-meta":{"desktop":{"background-color":"","background-image":"","background-repeat":"repeat","background-position":"center center","background-size":"auto","background-attachment":"scroll","background-type":"","background-media":"","overlay-type":"","overlay-color":"","overlay-opacity":"","overlay-gradient":""},"tablet":{"background-color":"","background-image":"","background-repeat":"repeat","background-position":"center center","background-size":"auto","background-attachment":"scroll","background-type":"","background-media":"","overlay-type":"","overlay-color":"","overlay-opacity":"","overlay-gradient":""},"mobile":{"background-color":"","background-image":"","background-repeat":"repeat","background-position":"center center","background-size":"auto","background-attachment":"scroll","background-type":"","background-media":"","overlay-type":"","overlay-color":"","overlay-opacity":"","overlay-gradient":""}},"ast-content-background-meta":{"desktop":{"background-color":"var(--ast-global-color-5)","background-image":"","background-repeat":"repeat","background-position":"center center","background-size":"auto","background-attachment":"scroll","background-type":"","background-media":"","overlay-type":"","overlay-color":"","overlay-opacity":"","overlay-gradient":""},"tablet":{"background-color":"var(--ast-global-color-5)","background-image":"","background-repeat":"repeat","background-position":"center center","background-size":"auto","background-attachment":"scroll","background-type":"","background-media":"","overlay-type":"","overlay-color":"","overlay-opacity":"","overlay-gradient":""},"mobile":{"background-color":"var(--ast-global-color-5)","background-image":"","background-repeat":"repeat","background-position":"center center","background-size":"auto","background-attachment":"scroll","background-type":"","background-media":"","overlay-type":"","overlay-color":"","overlay-opacity":"","overlay-gradient":""}},"footnotes":""},"categories":[1],"tags":[],"class_list":["post-6174","post","type-post","status-publish","format-standard","has-post-thumbnail","hentry","category-noticias"],"_links":{"self":[{"href":"https:\/\/crb1.org.br\/site\/wp-json\/wp\/v2\/posts\/6174","targetHints":{"allow":["GET"]}}],"collection":[{"href":"https:\/\/crb1.org.br\/site\/wp-json\/wp\/v2\/posts"}],"about":[{"href":"https:\/\/crb1.org.br\/site\/wp-json\/wp\/v2\/types\/post"}],"author":[{"embeddable":true,"href":"https:\/\/crb1.org.br\/site\/wp-json\/wp\/v2\/users\/1"}],"replies":[{"embeddable":true,"href":"https:\/\/crb1.org.br\/site\/wp-json\/wp\/v2\/comments?post=6174"}],"version-history":[{"count":0,"href":"https:\/\/crb1.org.br\/site\/wp-json\/wp\/v2\/posts\/6174\/revisions"}],"wp:featuredmedia":[{"embeddable":true,"href":"https:\/\/crb1.org.br\/site\/wp-json\/wp\/v2\/media\/6175"}],"wp:attachment":[{"href":"https:\/\/crb1.org.br\/site\/wp-json\/wp\/v2\/media?parent=6174"}],"wp:term":[{"taxonomy":"category","embeddable":true,"href":"https:\/\/crb1.org.br\/site\/wp-json\/wp\/v2\/categories?post=6174"},{"taxonomy":"post_tag","embeddable":true,"href":"https:\/\/crb1.org.br\/site\/wp-json\/wp\/v2\/tags?post=6174"}],"curies":[{"name":"wp","href":"https:\/\/api.w.org\/{rel}","templated":true}]}}