{"id":6180,"date":"2021-12-15T09:39:34","date_gmt":"2021-12-15T12:39:34","guid":{"rendered":"https:\/\/novocrb1.ultramidia.com.br\/?p=6180"},"modified":"2021-12-15T09:39:34","modified_gmt":"2021-12-15T12:39:34","slug":"bienal-do-livro-termina-com-alta-de-vendas","status":"publish","type":"post","link":"https:\/\/crb1.org.br\/site\/2021\/12\/bienal-do-livro-termina-com-alta-de-vendas\/","title":{"rendered":"Bienal do livro termina com alta de vendas"},"content":{"rendered":"<p>A 20\u00aa Bienal do Livro Rio vendeu mais de 2 milh\u00f5es de obras ao longo de 10 dias de dura\u00e7\u00e3o. O evento terminou no domingo (12.dez.2021), no pavilh\u00e3o do Riocentro, na Barra da Tijuca, Zona Oeste da cidade e pela primeira vez teve o formato h\u00edbrido.<br \/>\nAs vendas da Bienal 2021 superaram as expectativas na avalia\u00e7\u00e3o do presidente do Snel (Sindicato Nacional dos Editores de Livros), Marcos da Veiga Pereira. De acordo com o balan\u00e7o apresentado pela organiza\u00e7\u00e3o, das pessoas que passaram pelos 3 pavilh\u00f5es, na Barra da Tijuca, 99% compraram pelo menos 1 livro. A m\u00e9dia foi de 6 livros adquiridos por visitante.<br \/>\nCom mais de 85 editoras participantes do evento, os resultados foram surpreendentes. O aumento das vendas para os expositores variou entre 20 a 120% em rela\u00e7\u00e3o a 2019. Essa bienal foi considerada pelo grupo como a melhor da hist\u00f3ria em termos de faturamento, superando a edi\u00e7\u00e3o de 2015, que contou com a presen\u00e7a de autoras de best-sellers internacionais.<\/p>\n<p><strong>Fonte:<\/strong> <a href=\"https:\/\/www.poder360.com.br\/brasil\/bienal-do-livro-termina-com-alta-de-vendas\" target=\"_blank\" rel=\"noopener\">https:\/\/www.poder360.com.br\/brasil\/bienal-do-livro-termina-com-alta-de-vendas<\/a><\/p>\n","protected":false},"excerpt":{"rendered":"<p>A 20\u00aa Bienal do Livro Rio vendeu mais de 2 milh\u00f5es de obras ao longo de 10 dias de dura\u00e7\u00e3o. O evento terminou no domingo (12.dez.2021), no pavilh\u00e3o do Riocentro, na Barra da Tijuca, Zona Oeste da cidade e pela primeira vez teve o formato h\u00edbrido. As vendas da Bienal 2021 superaram as expectativas na [&hellip;]<\/p>\n","protected":false},"author":1,"featured_media":6181,"comment_status":"closed","ping_status":"closed","sticky":false,"template":"","format":"standard","meta":{"site-sidebar-layout":"default","site-content-layout":"","ast-site-content-layout":"default","site-content-style":"default","site-sidebar-style":"default","ast-global-header-display":"","ast-banner-title-visibility":"","ast-main-header-display":"","ast-hfb-above-header-display":"","ast-hfb-below-header-display":"","ast-hfb-mobile-header-display":"","site-post-title":"","ast-breadcrumbs-content":"","ast-featured-img":"","footer-sml-layout":"","ast-disable-related-posts":"","theme-transparent-header-meta":"","adv-header-id-meta":"","stick-header-meta":"","header-above-stick-meta":"","header-main-stick-meta":"","header-below-stick-meta":"","astra-migrate-meta-layouts":"default","ast-page-background-enabled":"default","ast-page-background-meta":{"desktop":{"background-color":"","background-image":"","background-repeat":"repeat","background-position":"center center","background-size":"auto","background-attachment":"scroll","background-type":"","background-media":"","overlay-type":"","overlay-color":"","overlay-opacity":"","overlay-gradient":""},"tablet":{"background-color":"","background-image":"","background-repeat":"repeat","background-position":"center center","background-size":"auto","background-attachment":"scroll","background-type":"","background-media":"","overlay-type":"","overlay-color":"","overlay-opacity":"","overlay-gradient":""},"mobile":{"background-color":"","background-image":"","background-repeat":"repeat","background-position":"center center","background-size":"auto","background-attachment":"scroll","background-type":"","background-media":"","overlay-type":"","overlay-color":"","overlay-opacity":"","overlay-gradient":""}},"ast-content-background-meta":{"desktop":{"background-color":"var(--ast-global-color-5)","background-image":"","background-repeat":"repeat","background-position":"center center","background-size":"auto","background-attachment":"scroll","background-type":"","background-media":"","overlay-type":"","overlay-color":"","overlay-opacity":"","overlay-gradient":""},"tablet":{"background-color":"var(--ast-global-color-5)","background-image":"","background-repeat":"repeat","background-position":"center center","background-size":"auto","background-attachment":"scroll","background-type":"","background-media":"","overlay-type":"","overlay-color":"","overlay-opacity":"","overlay-gradient":""},"mobile":{"background-color":"var(--ast-global-color-5)","background-image":"","background-repeat":"repeat","background-position":"center center","background-size":"auto","background-attachment":"scroll","background-type":"","background-media":"","overlay-type":"","overlay-color":"","overlay-opacity":"","overlay-gradient":""}},"footnotes":""},"categories":[21],"tags":[],"class_list":["post-6180","post","type-post","status-publish","format-standard","has-post-thumbnail","hentry","category-destaques"],"_links":{"self":[{"href":"https:\/\/crb1.org.br\/site\/wp-json\/wp\/v2\/posts\/6180","targetHints":{"allow":["GET"]}}],"collection":[{"href":"https:\/\/crb1.org.br\/site\/wp-json\/wp\/v2\/posts"}],"about":[{"href":"https:\/\/crb1.org.br\/site\/wp-json\/wp\/v2\/types\/post"}],"author":[{"embeddable":true,"href":"https:\/\/crb1.org.br\/site\/wp-json\/wp\/v2\/users\/1"}],"replies":[{"embeddable":true,"href":"https:\/\/crb1.org.br\/site\/wp-json\/wp\/v2\/comments?post=6180"}],"version-history":[{"count":0,"href":"https:\/\/crb1.org.br\/site\/wp-json\/wp\/v2\/posts\/6180\/revisions"}],"wp:featuredmedia":[{"embeddable":true,"href":"https:\/\/crb1.org.br\/site\/wp-json\/wp\/v2\/media\/6181"}],"wp:attachment":[{"href":"https:\/\/crb1.org.br\/site\/wp-json\/wp\/v2\/media?parent=6180"}],"wp:term":[{"taxonomy":"category","embeddable":true,"href":"https:\/\/crb1.org.br\/site\/wp-json\/wp\/v2\/categories?post=6180"},{"taxonomy":"post_tag","embeddable":true,"href":"https:\/\/crb1.org.br\/site\/wp-json\/wp\/v2\/tags?post=6180"}],"curies":[{"name":"wp","href":"https:\/\/api.w.org\/{rel}","templated":true}]}}