{"id":6292,"date":"2022-03-10T10:14:43","date_gmt":"2022-03-10T13:14:43","guid":{"rendered":"https:\/\/novocrb1.ultramidia.com.br\/?p=6292"},"modified":"2022-03-10T10:14:43","modified_gmt":"2022-03-10T13:14:43","slug":"12-de-marco-dia-do-bibliotecario","status":"publish","type":"post","link":"https:\/\/crb1.org.br\/site\/2022\/03\/12-de-marco-dia-do-bibliotecario\/","title":{"rendered":"12 DE MAR\u00c7O \u2013 DIA DO BIBLIOTEC\u00c1RIO"},"content":{"rendered":"<p><strong>BIBLIOTEC\u00c1RIOS COMEMORAM DATA COM PROGRAMA\u00c7\u00c3O MENSAL PARA DISCUTIR POL\u00cdTICAS P\u00daBLICAS, QUALIFICA\u00c7\u00c3O E CONHECIMENTO<\/strong><\/p>\n<p>Os bibliotec\u00e1rios s\u00e3o fundamentais no cotidiano das bibliotecas (p\u00fablicas, escolares ou particulares), centros de documenta\u00e7\u00e3o, arquivos, museus, centros culturais, editoras, provedores de internet, ONGs, clubes e associa\u00e7\u00f5es, entre outros espa\u00e7os. Mas nem sempre a quantidade de profissionais consegue atender a demanda. O n\u00famero de bibliotec\u00e1rios brasileiros registrados nos 14 Conselhos Regionais de Biblioteconomia \u2013 quase 20 mil \u2013 n\u00e3o d\u00e1 conta suprir a demanda gerada pela quantidade de bibliotecas em escolas no pa\u00eds.<\/p>\n<figure class=\"wp-block-image size-full is-resized\"><figcaption>\n<figure id=\"attachment_6293\" aria-describedby=\"caption-attachment-6293\" style=\"width: 768px\" class=\"wp-caption aligncenter\"><img fetchpriority=\"high\" decoding=\"async\" class=\"wp-image-6293 size-full\" src=\"https:\/\/crb1.org.br\/site\/wp-content\/uploads\/2022\/03\/biblioteca_nacional-interno-01-aug_2655-768x510-1.jpg\" alt=\"\" width=\"768\" height=\"510\" srcset=\"https:\/\/crb1.org.br\/site\/wp-content\/uploads\/2022\/03\/biblioteca_nacional-interno-01-aug_2655-768x510-1.jpg 768w, https:\/\/crb1.org.br\/site\/wp-content\/uploads\/2022\/03\/biblioteca_nacional-interno-01-aug_2655-768x510-1-300x199.jpg 300w\" sizes=\"(max-width: 768px) 100vw, 768px\" \/><figcaption id=\"caption-attachment-6293\" class=\"wp-caption-text\">Biblioteca Nacional \u2013 Foto: J\u00fanior Arag\u00e3o\/Secec-DF<\/figcaption><\/figure>\n<\/figcaption><\/figure>\n<p>Como em toda profiss\u00e3o, os desafios s\u00e3o muitos, ainda mais depois de dois anos de pandemia. Nesse sentido, o CRB-1, respons\u00e1vel pelos estados de Goi\u00e1s, Mato Grosso, Mato Grosso do Sul e Distrito Federal, aproveita o m\u00eas dos bibliotec\u00e1rios para uma programa\u00e7\u00e3o focada em prestar homenagem e debater conhecimento, qualifica\u00e7\u00e3o, problemas e solu\u00e7\u00f5es para o segmento, afinal, o d\u00e9ficit profissional gira em torno de 178,4 mil bibliotec\u00e1rios. Por\u00e9m, acredita-se que esse n\u00famero \u00e9 muito maior com a necessidade de mais de um bibliotec\u00e1rio por escola e nem todo bibliotec\u00e1rio j\u00e1 habilitado trabalha em escolas. A legisla\u00e7\u00e3o estabelece que apenas profissionais registrados podem atuar em bibliotecas.<\/p>\n<p>A programa\u00e7\u00e3o ter\u00e1 como tema \u201cInforma\u00e7\u00e3o, Bibliotecas, Mem\u00f3ria e Cidadania\u201d e as atividades ser\u00e3o gerenciadas por\u00a0 organismos p\u00fablicos e privados, ligados \u00e0 Biblioteconomia e \u00e0 Ci\u00eancia da Informa\u00e7\u00e3o, entre 10 a 31 de mar\u00e7o, sendo gratuita e on-line. As entidades da regi\u00e3o Centro-Oeste e Institui\u00e7\u00f5es convidadas tamb\u00e9m contribuem com a organiza\u00e7\u00e3o.<\/p>\n<p>O presidente do CRB-1, Raphael da Silva Cavalcante, explica que, apesar de buscar fortalecer e homenagear o profissional, \u00e9 momento de refletir sobre\u00a0 temas como condi\u00e7\u00f5es de trabalho, valoriza\u00e7\u00e3o, mercado de trabalho, a import\u00e2ncia do registro e a uni\u00e3o da classe. \u201cAs atividades programadas s\u00e3o abrangentes e os nossos colegas gostar\u00e3o de participar conosco e outras institui\u00e7\u00f5es parceiras, contribuindo com os debates\u201d, afirma Cavalcante.<\/p>\n<p>O evento de abertura ser\u00e1 dia 10 de mar\u00e7o, das 10 \u00e0s 12h30, no Senado Federal, contando com a participa\u00e7\u00e3o de diversas autoridades do Executivo, Legislativo e Judici\u00e1rio Federal na discuss\u00e3o de pol\u00edticas p\u00fablicas para as bibliotecas. Ap\u00f3s o debate, acontece um bate-papo com a escritora, vereadora pelo Recife e vencedora do Pr\u00eamio Jabuti, Cida Pedrosa. Ela abordar\u00e1 o tema \u201cBibliotecas e a urg\u00eancia do presente: leitura, biblioteca e consci\u00eancia cidad\u00e3\u201d. A solenidade de abertura ser\u00e1 transmitida ao vivo pela TV Senado e no canal da institui\u00e7\u00e3o no YouTube.<\/p>\n<p>O foco da edi\u00e7\u00e3o deste ano est\u00e1 na discuss\u00e3o sobre pol\u00edticas p\u00fablicas para o fortalecimento dos entes e a\u00e7\u00f5es relacionadas \u00e0 \u00e1rea da informa\u00e7\u00e3o. As crises econ\u00f4mica e sanit\u00e1ria impactaram sobre as grandes diferen\u00e7as entre as institui\u00e7\u00f5es dedicadas \u00e0 democratiza\u00e7\u00e3o do acesso \u00e0 informa\u00e7\u00e3o e \u00e0 cultura, principalmente, as bibliotecas, museus, arquivos e centros de documenta\u00e7\u00e3o.<\/p>\n<p>\u201cO objetivo \u00e9 unir for\u00e7as e conhecimento, compartilhar estrat\u00e9gias e encontrar solu\u00e7\u00f5es para a crise, divulgando as a\u00e7\u00f5es das institui\u00e7\u00f5es envolvidas, democratizando o acesso ao saber e \u00e0 cultura em nosso pa\u00eds\u201d, destaca o presidente do CRB-1.<\/p>\n<p>Os interessados podem se inscrever em oficinas, palestras, workshops e debates sobre temas variados, como biblioteconomia, ci\u00eancia da informa\u00e7\u00e3o, literatura, leitura, inform\u00e1tica, cultura, inclus\u00e3o e cidadania. A inscri\u00e7\u00e3o pode ser feita pelo site\u00a0\u00a0<a href=\"https:\/\/bce.unb.br\/mesbiblio2022\/#1614633796477-a9100a14-7b32\" target=\"_blank\" rel=\"noreferrer noopener\">https:\/\/bce.unb.br\/mesbiblio2022\/#1614633796477-a9100a14-7b32<\/a><\/p>\n<p>O evento de abertura e a programa\u00e7\u00e3o completa est\u00e3o dispon\u00edveis\u00a0 na p\u00e1gina do CRB \u2013 1\u00aa Regi\u00e3o no Facebook:\u00a0<a href=\"https:\/\/www.facebook.com\/crb1regiao\/\" target=\"_blank\" rel=\"noreferrer noopener\">https:\/\/www.facebook.com\/crb1regiao\/<\/a>, gratuitamente.<\/p>\n<p><strong>Fonte:<\/strong> <a href=\"http:\/\/brasiliadetodos.com\/12-de-marco-dia-do-bibliotecario\/\" target=\"_blank\" rel=\"noopener\">http:\/\/brasiliadetodos.com\/12-de-marco-dia-do-bibliotecario\/<\/a><\/p>\n","protected":false},"excerpt":{"rendered":"<p>BIBLIOTEC\u00c1RIOS COMEMORAM DATA COM PROGRAMA\u00c7\u00c3O MENSAL PARA DISCUTIR POL\u00cdTICAS P\u00daBLICAS, QUALIFICA\u00c7\u00c3O E CONHECIMENTO<\/p>\n","protected":false},"author":1,"featured_media":6293,"comment_status":"closed","ping_status":"closed","sticky":false,"template":"","format":"standard","meta":{"site-sidebar-layout":"default","site-content-layout":"","ast-site-content-layout":"default","site-content-style":"default","site-sidebar-style":"default","ast-global-header-display":"","ast-banner-title-visibility":"","ast-main-header-display":"","ast-hfb-above-header-display":"","ast-hfb-below-header-display":"","ast-hfb-mobile-header-display":"","site-post-title":"","ast-breadcrumbs-content":"","ast-featured-img":"","footer-sml-layout":"","ast-disable-related-posts":"","theme-transparent-header-meta":"","adv-header-id-meta":"","stick-header-meta":"","header-above-stick-meta":"","header-main-stick-meta":"","header-below-stick-meta":"","astra-migrate-meta-layouts":"default","ast-page-background-enabled":"default","ast-page-background-meta":{"desktop":{"background-color":"","background-image":"","background-repeat":"repeat","background-position":"center center","background-size":"auto","background-attachment":"scroll","background-type":"","background-media":"","overlay-type":"","overlay-color":"","overlay-opacity":"","overlay-gradient":""},"tablet":{"background-color":"","background-image":"","background-repeat":"repeat","background-position":"center center","background-size":"auto","background-attachment":"scroll","background-type":"","background-media":"","overlay-type":"","overlay-color":"","overlay-opacity":"","overlay-gradient":""},"mobile":{"background-color":"","background-image":"","background-repeat":"repeat","background-position":"center center","background-size":"auto","background-attachment":"scroll","background-type":"","background-media":"","overlay-type":"","overlay-color":"","overlay-opacity":"","overlay-gradient":""}},"ast-content-background-meta":{"desktop":{"background-color":"var(--ast-global-color-5)","background-image":"","background-repeat":"repeat","background-position":"center center","background-size":"auto","background-attachment":"scroll","background-type":"","background-media":"","overlay-type":"","overlay-color":"","overlay-opacity":"","overlay-gradient":""},"tablet":{"background-color":"var(--ast-global-color-5)","background-image":"","background-repeat":"repeat","background-position":"center center","background-size":"auto","background-attachment":"scroll","background-type":"","background-media":"","overlay-type":"","overlay-color":"","overlay-opacity":"","overlay-gradient":""},"mobile":{"background-color":"var(--ast-global-color-5)","background-image":"","background-repeat":"repeat","background-position":"center center","background-size":"auto","background-attachment":"scroll","background-type":"","background-media":"","overlay-type":"","overlay-color":"","overlay-opacity":"","overlay-gradient":""}},"footnotes":""},"categories":[21],"tags":[],"class_list":["post-6292","post","type-post","status-publish","format-standard","has-post-thumbnail","hentry","category-destaques"],"_links":{"self":[{"href":"https:\/\/crb1.org.br\/site\/wp-json\/wp\/v2\/posts\/6292","targetHints":{"allow":["GET"]}}],"collection":[{"href":"https:\/\/crb1.org.br\/site\/wp-json\/wp\/v2\/posts"}],"about":[{"href":"https:\/\/crb1.org.br\/site\/wp-json\/wp\/v2\/types\/post"}],"author":[{"embeddable":true,"href":"https:\/\/crb1.org.br\/site\/wp-json\/wp\/v2\/users\/1"}],"replies":[{"embeddable":true,"href":"https:\/\/crb1.org.br\/site\/wp-json\/wp\/v2\/comments?post=6292"}],"version-history":[{"count":0,"href":"https:\/\/crb1.org.br\/site\/wp-json\/wp\/v2\/posts\/6292\/revisions"}],"wp:featuredmedia":[{"embeddable":true,"href":"https:\/\/crb1.org.br\/site\/wp-json\/wp\/v2\/media\/6293"}],"wp:attachment":[{"href":"https:\/\/crb1.org.br\/site\/wp-json\/wp\/v2\/media?parent=6292"}],"wp:term":[{"taxonomy":"category","embeddable":true,"href":"https:\/\/crb1.org.br\/site\/wp-json\/wp\/v2\/categories?post=6292"},{"taxonomy":"post_tag","embeddable":true,"href":"https:\/\/crb1.org.br\/site\/wp-json\/wp\/v2\/tags?post=6292"}],"curies":[{"name":"wp","href":"https:\/\/api.w.org\/{rel}","templated":true}]}}