{"id":6598,"date":"2022-09-28T07:31:07","date_gmt":"2022-09-28T10:31:07","guid":{"rendered":"https:\/\/novocrb1.ultramidia.com.br\/?p=6598"},"modified":"2022-09-28T07:31:07","modified_gmt":"2022-09-28T10:31:07","slug":"acao-de-fiscalizacao-do-crb-1","status":"publish","type":"post","link":"https:\/\/crb1.org.br\/site\/2022\/09\/acao-de-fiscalizacao-do-crb-1\/","title":{"rendered":"A\u00c7\u00c3O DE FISCALIZA\u00c7\u00c3O DO CRB-1"},"content":{"rendered":"<p dir=\"auto\"><strong>ESCOLA LOCALIZADA NO ESTADO DE MATO GROSSO CONTRATA BIBLIOTEC\u00c1RIO AP\u00d3S A\u00c7\u00c3O DE FISCALIZA\u00c7\u00c3O DO CRB-1<\/strong><\/p>\n<p dir=\"auto\">Escola particular do Munic\u00edpio de Alta Floresta (MT) contratou Bibliotec\u00e1rio para gerenciar a Biblioteca da Institui\u00e7\u00e3o. Esta contrata\u00e7\u00e3o se deu mediante atua\u00e7\u00e3o de Fiscaliza\u00e7\u00e3o do Conselho Regional de Biblioteconomia da Primeira Regi\u00e3o (CRB-1), que detectou aus\u00eancia de profissional na unidade.<br \/>\nEm reuni\u00f5es com a Comiss\u00e3o de Fiscaliza\u00e7\u00e3o, a Escola se comprometeu a contratar o profissional e, assim, atender aos princ\u00edpios que regem o exerc\u00edcio e a profiss\u00e3o de Bibliotec\u00e1rio.<br \/>\nNesta semana, recebemos a informa\u00e7\u00e3o que a Escola contratou Bibliotec\u00e1rio, devidamente registrado no CRB-1 .<br \/>\nO CRB-1 agradece a Escola por manter o di\u00e1logo e compreender o papel do Bibliotec\u00e1rio enquanto educador, podendo atuar em conjunto com os professores em a\u00e7\u00f5es de media\u00e7\u00e3o de leitura, a\u00e7\u00f5es culturais e na democratiza\u00e7\u00e3o e acesso \u00e0 informa\u00e7\u00e3o.<br \/>\nEsta a\u00e7\u00e3o \u00e9 fruto do trabalho desenvolvido pela Fiscaliza\u00e7\u00e3o do CRB-1 e reflete o compromisso da atual Gest\u00e3o na valoriza\u00e7\u00e3o profissional em prol da Classe.<\/p>\n<p dir=\"auto\">Conselho Regional de Biblioteconomia da 1\u00aa Regi\u00e3o \/ 19\u00b0 Gest\u00e3o (2021-2023)<\/p>\n","protected":false},"excerpt":{"rendered":"<p>ESCOLA LOCALIZADA NO ESTADO DE MATO GROSSO CONTRATA BIBLIOTEC\u00c1RIO AP\u00d3S A\u00c7\u00c3O DE FISCALIZA\u00c7\u00c3O DO CRB-1 Escola particular do Munic\u00edpio de Alta Floresta (MT) contratou Bibliotec\u00e1rio para gerenciar a Biblioteca da Institui\u00e7\u00e3o. Esta contrata\u00e7\u00e3o se deu mediante atua\u00e7\u00e3o de Fiscaliza\u00e7\u00e3o do Conselho Regional de Biblioteconomia da Primeira Regi\u00e3o (CRB-1), que detectou aus\u00eancia de profissional na unidade. [&hellip;]<\/p>\n","protected":false},"author":1,"featured_media":6605,"comment_status":"closed","ping_status":"closed","sticky":false,"template":"","format":"standard","meta":{"site-sidebar-layout":"default","site-content-layout":"","ast-site-content-layout":"default","site-content-style":"default","site-sidebar-style":"default","ast-global-header-display":"","ast-banner-title-visibility":"","ast-main-header-display":"","ast-hfb-above-header-display":"","ast-hfb-below-header-display":"","ast-hfb-mobile-header-display":"","site-post-title":"","ast-breadcrumbs-content":"","ast-featured-img":"","footer-sml-layout":"","ast-disable-related-posts":"","theme-transparent-header-meta":"","adv-header-id-meta":"","stick-header-meta":"","header-above-stick-meta":"","header-main-stick-meta":"","header-below-stick-meta":"","astra-migrate-meta-layouts":"default","ast-page-background-enabled":"default","ast-page-background-meta":{"desktop":{"background-color":"","background-image":"","background-repeat":"repeat","background-position":"center center","background-size":"auto","background-attachment":"scroll","background-type":"","background-media":"","overlay-type":"","overlay-color":"","overlay-opacity":"","overlay-gradient":""},"tablet":{"background-color":"","background-image":"","background-repeat":"repeat","background-position":"center center","background-size":"auto","background-attachment":"scroll","background-type":"","background-media":"","overlay-type":"","overlay-color":"","overlay-opacity":"","overlay-gradient":""},"mobile":{"background-color":"","background-image":"","background-repeat":"repeat","background-position":"center center","background-size":"auto","background-attachment":"scroll","background-type":"","background-media":"","overlay-type":"","overlay-color":"","overlay-opacity":"","overlay-gradient":""}},"ast-content-background-meta":{"desktop":{"background-color":"var(--ast-global-color-5)","background-image":"","background-repeat":"repeat","background-position":"center center","background-size":"auto","background-attachment":"scroll","background-type":"","background-media":"","overlay-type":"","overlay-color":"","overlay-opacity":"","overlay-gradient":""},"tablet":{"background-color":"var(--ast-global-color-5)","background-image":"","background-repeat":"repeat","background-position":"center center","background-size":"auto","background-attachment":"scroll","background-type":"","background-media":"","overlay-type":"","overlay-color":"","overlay-opacity":"","overlay-gradient":""},"mobile":{"background-color":"var(--ast-global-color-5)","background-image":"","background-repeat":"repeat","background-position":"center center","background-size":"auto","background-attachment":"scroll","background-type":"","background-media":"","overlay-type":"","overlay-color":"","overlay-opacity":"","overlay-gradient":""}},"footnotes":""},"categories":[21,1],"tags":[],"class_list":["post-6598","post","type-post","status-publish","format-standard","has-post-thumbnail","hentry","category-destaques","category-noticias"],"_links":{"self":[{"href":"https:\/\/crb1.org.br\/site\/wp-json\/wp\/v2\/posts\/6598","targetHints":{"allow":["GET"]}}],"collection":[{"href":"https:\/\/crb1.org.br\/site\/wp-json\/wp\/v2\/posts"}],"about":[{"href":"https:\/\/crb1.org.br\/site\/wp-json\/wp\/v2\/types\/post"}],"author":[{"embeddable":true,"href":"https:\/\/crb1.org.br\/site\/wp-json\/wp\/v2\/users\/1"}],"replies":[{"embeddable":true,"href":"https:\/\/crb1.org.br\/site\/wp-json\/wp\/v2\/comments?post=6598"}],"version-history":[{"count":0,"href":"https:\/\/crb1.org.br\/site\/wp-json\/wp\/v2\/posts\/6598\/revisions"}],"wp:featuredmedia":[{"embeddable":true,"href":"https:\/\/crb1.org.br\/site\/wp-json\/wp\/v2\/media\/6605"}],"wp:attachment":[{"href":"https:\/\/crb1.org.br\/site\/wp-json\/wp\/v2\/media?parent=6598"}],"wp:term":[{"taxonomy":"category","embeddable":true,"href":"https:\/\/crb1.org.br\/site\/wp-json\/wp\/v2\/categories?post=6598"},{"taxonomy":"post_tag","embeddable":true,"href":"https:\/\/crb1.org.br\/site\/wp-json\/wp\/v2\/tags?post=6598"}],"curies":[{"name":"wp","href":"https:\/\/api.w.org\/{rel}","templated":true}]}}