{"id":6649,"date":"2022-10-26T16:29:13","date_gmt":"2022-10-26T19:29:13","guid":{"rendered":"https:\/\/novocrb1.ultramidia.com.br\/?p=6649"},"modified":"2022-10-26T16:29:13","modified_gmt":"2022-10-26T19:29:13","slug":"crb-1-participa-do-v-forum-estadual-de-bibliotecas-de-mato-grosso","status":"publish","type":"post","link":"https:\/\/crb1.org.br\/site\/2022\/10\/crb-1-participa-do-v-forum-estadual-de-bibliotecas-de-mato-grosso\/","title":{"rendered":"CRB-1 PARTICIPA DO V F\u00d3RUM ESTADUAL DE BIBLIOTECAS DE MATO GROSSO"},"content":{"rendered":"<p dir=\"auto\">O Conselho Regional de Biblioteconomia da 1\u00aa Regi\u00e3o participou no dia 25 de outubro, de forma virtual, do\u00a0<strong>V<\/strong>\u00a0<strong>F\u00f3rum<\/strong>\u00a0<strong>Estadual<\/strong>\u00a0<strong>de<\/strong>\u00a0<strong>Bibliotecas<\/strong>\u00a0<strong>de<\/strong>\u00a0<strong>Mato<\/strong>\u00a0<strong>Grosso<\/strong>, evento este sediado presencialmente na cidade de Primavera do Leste-MT. Com o tema \u201c<em>A<\/em>\u00a0<em>Biblioteca<\/em>\u00a0<em>e<\/em>\u00a0<em>seus<\/em>\u00a0<em>diversos<\/em>\u00a0<em>impactos<\/em>\u201d, o evento foi promovido pelo Sistema Estadual de Bibliotecas P\u00fablicas de Mato Grosso, com o objetivo de compartilhar experi\u00eancias e os impactos das bibliotecas enquanto locais de transforma\u00e7\u00e3o pol\u00edtica, econ\u00f4mica, social e cultural.<\/p>\n<p dir=\"auto\">O CRB-1 foi representado pelo seu Presidente, Raphael Cavalcante, que proferiu a palestra com o tema \u201c<em>A<\/em>\u00a0<em>import\u00e2ncia<\/em>\u00a0<em>do<\/em>\u00a0<em>Profissional<\/em>\u00a0<em>Bibliotec\u00e1rio<\/em>\u00a0<em>no<\/em>\u00a0<em>processo<\/em>\u00a0<em>de<\/em>\u00a0<em>elabora\u00e7\u00e3o<\/em>\u00a0<em>e<\/em>\u00a0<em>implementa\u00e7\u00e3o<\/em>\u00a0<em>de<\/em>\u00a0<em>pol\u00edticas<\/em>\u00a0<em>p\u00fablicas<\/em>\u00a0<em>para<\/em>\u00a0<em>o<\/em>\u00a0<em>seguimento<\/em>\u00a0<em>de<\/em>\u00a0<em>Bibliotecas<\/em>\u00a0<em>e<\/em>\u00a0<em>a<\/em>\u00a0<em>Lei<\/em>\u00a0<em>4.084\/1962<\/em>\u201d.<\/p>\n<p dir=\"auto\">Raphael ressaltou a relev\u00e2ncia da Biblioteconomia, enquanto fen\u00f4meno social, hist\u00f3rico e cultural e o papel de bibliotec\u00e1rias e bibliotec\u00e1rios como sujeitos pol\u00edticos, uma vez que ado\u00e7\u00e3o de pol\u00edticas p\u00fablicas permeia a atividade profissional. O Presidente tamb\u00e9m destacou a necessidade dos profissionais atuarem na proposi\u00e7\u00e3o de projetos e a\u00e7\u00f5es culturais, no acompanhamento de proposi\u00e7\u00f5es legislativas, na media\u00e7\u00e3o do di\u00e1logo com o poder executivo e, principalmente, no esclarecimento e sensibiliza\u00e7\u00e3o das pessoas.<\/p>\n<p dir=\"auto\">Por fim, Raphael, elencou as a\u00e7\u00f5es desenvolvidas pela atual Gest\u00e3o do CRB-1, dentre elas, as plen\u00e1rias de julgamentos realizadas, a retomada da Fiscaliza\u00e7\u00e3o presencial, as a\u00e7\u00f5es de valoriza\u00e7\u00e3o e divulga\u00e7\u00e3o profissional e, tamb\u00e9m, a formata\u00e7\u00e3o da Campanha Sou Biblioteca Escolar em nossa jurisdi\u00e7\u00e3o.<\/p>\n<p dir=\"auto\">Assista a transmiss\u00e3o no link:<\/p>\n<div class=\"js-react-root\"><span class=\"loader-wrapper\"><span aria-expanded=\"false\" aria-haspopup=\"true\"><a class=\"css-180f5r3\" tabindex=\"0\" role=\"button\" href=\"https:\/\/www.youtube.com\/watch?v=XSLYPFbOuoA\" data-testid=\"inline-card-resolved-view\"><span class=\"css-1awfwlv\"><span class=\"css-1n3444m\"><img decoding=\"async\" class=\"smart-link-icon css-qq5phv\" src=\"https:\/\/www.youtube.com\/s\/desktop\/98b05ec2\/img\/favicon_32x32.png\" data-testid=\"inline-card-icon-and-title-image\" \/><\/span><span class=\"smart-link-title-wrapper css-0\">V F\u00f3rum Estadual de Bibliotecas de MT &#8211; Primavera do Leste 25-10-2022 TARDE<\/span><\/span><\/a><\/span><\/span><\/div>\n<p dir=\"auto\">Conselho Regional de Biblioteconomia da 1\u00aa Regi\u00e3o 19\u00aa Gest\u00e3o (2021\/2023)<\/p>\n","protected":false},"excerpt":{"rendered":"<p>O Conselho Regional de Biblioteconomia da 1\u00aa Regi\u00e3o participou no dia 25 de outubro, de forma virtual, do\u00a0V\u00a0F\u00f3rum\u00a0Estadual\u00a0de\u00a0Bibliotecas\u00a0de\u00a0Mato\u00a0Grosso, evento este sediado presencialmente na cidade de Primavera do Leste-MT. Com o tema \u201cA\u00a0Biblioteca\u00a0e\u00a0seus\u00a0diversos\u00a0impactos\u201d, o evento foi promovido pelo Sistema Estadual de Bibliotecas P\u00fablicas de Mato Grosso, com o objetivo de compartilhar experi\u00eancias e os impactos das [&hellip;]<\/p>\n","protected":false},"author":1,"featured_media":6650,"comment_status":"closed","ping_status":"closed","sticky":false,"template":"","format":"standard","meta":{"site-sidebar-layout":"default","site-content-layout":"","ast-site-content-layout":"default","site-content-style":"default","site-sidebar-style":"default","ast-global-header-display":"","ast-banner-title-visibility":"","ast-main-header-display":"","ast-hfb-above-header-display":"","ast-hfb-below-header-display":"","ast-hfb-mobile-header-display":"","site-post-title":"","ast-breadcrumbs-content":"","ast-featured-img":"","footer-sml-layout":"","ast-disable-related-posts":"","theme-transparent-header-meta":"","adv-header-id-meta":"","stick-header-meta":"","header-above-stick-meta":"","header-main-stick-meta":"","header-below-stick-meta":"","astra-migrate-meta-layouts":"default","ast-page-background-enabled":"default","ast-page-background-meta":{"desktop":{"background-color":"","background-image":"","background-repeat":"repeat","background-position":"center center","background-size":"auto","background-attachment":"scroll","background-type":"","background-media":"","overlay-type":"","overlay-color":"","overlay-opacity":"","overlay-gradient":""},"tablet":{"background-color":"","background-image":"","background-repeat":"repeat","background-position":"center center","background-size":"auto","background-attachment":"scroll","background-type":"","background-media":"","overlay-type":"","overlay-color":"","overlay-opacity":"","overlay-gradient":""},"mobile":{"background-color":"","background-image":"","background-repeat":"repeat","background-position":"center center","background-size":"auto","background-attachment":"scroll","background-type":"","background-media":"","overlay-type":"","overlay-color":"","overlay-opacity":"","overlay-gradient":""}},"ast-content-background-meta":{"desktop":{"background-color":"var(--ast-global-color-5)","background-image":"","background-repeat":"repeat","background-position":"center center","background-size":"auto","background-attachment":"scroll","background-type":"","background-media":"","overlay-type":"","overlay-color":"","overlay-opacity":"","overlay-gradient":""},"tablet":{"background-color":"var(--ast-global-color-5)","background-image":"","background-repeat":"repeat","background-position":"center center","background-size":"auto","background-attachment":"scroll","background-type":"","background-media":"","overlay-type":"","overlay-color":"","overlay-opacity":"","overlay-gradient":""},"mobile":{"background-color":"var(--ast-global-color-5)","background-image":"","background-repeat":"repeat","background-position":"center center","background-size":"auto","background-attachment":"scroll","background-type":"","background-media":"","overlay-type":"","overlay-color":"","overlay-opacity":"","overlay-gradient":""}},"footnotes":""},"categories":[21],"tags":[],"class_list":["post-6649","post","type-post","status-publish","format-standard","has-post-thumbnail","hentry","category-destaques"],"_links":{"self":[{"href":"https:\/\/crb1.org.br\/site\/wp-json\/wp\/v2\/posts\/6649","targetHints":{"allow":["GET"]}}],"collection":[{"href":"https:\/\/crb1.org.br\/site\/wp-json\/wp\/v2\/posts"}],"about":[{"href":"https:\/\/crb1.org.br\/site\/wp-json\/wp\/v2\/types\/post"}],"author":[{"embeddable":true,"href":"https:\/\/crb1.org.br\/site\/wp-json\/wp\/v2\/users\/1"}],"replies":[{"embeddable":true,"href":"https:\/\/crb1.org.br\/site\/wp-json\/wp\/v2\/comments?post=6649"}],"version-history":[{"count":0,"href":"https:\/\/crb1.org.br\/site\/wp-json\/wp\/v2\/posts\/6649\/revisions"}],"wp:featuredmedia":[{"embeddable":true,"href":"https:\/\/crb1.org.br\/site\/wp-json\/wp\/v2\/media\/6650"}],"wp:attachment":[{"href":"https:\/\/crb1.org.br\/site\/wp-json\/wp\/v2\/media?parent=6649"}],"wp:term":[{"taxonomy":"category","embeddable":true,"href":"https:\/\/crb1.org.br\/site\/wp-json\/wp\/v2\/categories?post=6649"},{"taxonomy":"post_tag","embeddable":true,"href":"https:\/\/crb1.org.br\/site\/wp-json\/wp\/v2\/tags?post=6649"}],"curies":[{"name":"wp","href":"https:\/\/api.w.org\/{rel}","templated":true}]}}