{"id":6756,"date":"2023-01-18T09:03:55","date_gmt":"2023-01-18T12:03:55","guid":{"rendered":"https:\/\/novocrb1.ultramidia.com.br\/?p=6756"},"modified":"2023-01-18T09:03:55","modified_gmt":"2023-01-18T12:03:55","slug":"641a-reuniao-plenaria-ordinaria-do-conselho-regional-de-biblioteconomia-da-1a-regiao","status":"publish","type":"post","link":"https:\/\/crb1.org.br\/site\/2023\/01\/641a-reuniao-plenaria-ordinaria-do-conselho-regional-de-biblioteconomia-da-1a-regiao\/","title":{"rendered":"641\u00aa REUNI\u00c3O PLEN\u00c1RIA ORDIN\u00c1RIA DO CONSELHO REGIONAL DE BIBLIOTECONOMIA DA 1\u00aa REGI\u00c3O  \u200c"},"content":{"rendered":"<p dir=\"auto\">O Conselho Regional de Biblioteconomia da 1\u00aa Regi\u00e3o (CRB-1) realizou a sua primeira reuni\u00e3o plen\u00e1ria do ano (a 641\u00aa Reuni\u00e3o Plen\u00e1ria Ordin\u00e1ria), em formato online, no dia 17 de janeiro, das 20h \u00e0s 21h30min (hor\u00e1rio de Bras\u00edlia).<\/p>\n<p dir=\"auto\">Na oportunidade, foram discutidos assuntos da Presid\u00eancia e das Diretorias Administrativa, Financeira e T\u00e9cnica, bem como relato das a\u00e7\u00f5es das Comiss\u00f5es Permanentes e Tempor\u00e1rias e a an\u00e1lise e relato dos processos inclu\u00eddos em pauta.<\/p>\n<p dir=\"auto\">As reuni\u00f5es plen\u00e1rias ocorrem mensalmente e em formato online para permitir que a Gest\u00e3o possa definir estrat\u00e9gias de a\u00e7\u00e3o e encaminhamentos, visando a continuidade dos trabalhos deste Conselho e em prol das Bibliotec\u00e1rias e Bibliotec\u00e1rios registrados e, tamb\u00e9m, aos futuros profissionais da \u00e1rea.<\/p>\n<p dir=\"auto\">\u200c<\/p>\n<p dir=\"auto\"><strong>Conselho Regional de Biblioteconomia da 1\u00aa Regi\u00e3o (CRB-1)<\/strong><\/p>\n","protected":false},"excerpt":{"rendered":"<p>O Conselho Regional de Biblioteconomia da 1\u00aa Regi\u00e3o (CRB-1) realizou a sua primeira reuni\u00e3o plen\u00e1ria do ano (a 641\u00aa Reuni\u00e3o Plen\u00e1ria Ordin\u00e1ria), em formato online, no dia 17 de janeiro, das 20h \u00e0s 21h30min (hor\u00e1rio de Bras\u00edlia). Na oportunidade, foram discutidos assuntos da Presid\u00eancia e das Diretorias Administrativa, Financeira e T\u00e9cnica, bem como relato das [&hellip;]<\/p>\n","protected":false},"author":3,"featured_media":6760,"comment_status":"closed","ping_status":"closed","sticky":false,"template":"","format":"standard","meta":{"site-sidebar-layout":"default","site-content-layout":"","ast-site-content-layout":"default","site-content-style":"default","site-sidebar-style":"default","ast-global-header-display":"","ast-banner-title-visibility":"","ast-main-header-display":"","ast-hfb-above-header-display":"","ast-hfb-below-header-display":"","ast-hfb-mobile-header-display":"","site-post-title":"","ast-breadcrumbs-content":"","ast-featured-img":"","footer-sml-layout":"","ast-disable-related-posts":"","theme-transparent-header-meta":"","adv-header-id-meta":"","stick-header-meta":"","header-above-stick-meta":"","header-main-stick-meta":"","header-below-stick-meta":"","astra-migrate-meta-layouts":"default","ast-page-background-enabled":"default","ast-page-background-meta":{"desktop":{"background-color":"","background-image":"","background-repeat":"repeat","background-position":"center center","background-size":"auto","background-attachment":"scroll","background-type":"","background-media":"","overlay-type":"","overlay-color":"","overlay-opacity":"","overlay-gradient":""},"tablet":{"background-color":"","background-image":"","background-repeat":"repeat","background-position":"center center","background-size":"auto","background-attachment":"scroll","background-type":"","background-media":"","overlay-type":"","overlay-color":"","overlay-opacity":"","overlay-gradient":""},"mobile":{"background-color":"","background-image":"","background-repeat":"repeat","background-position":"center center","background-size":"auto","background-attachment":"scroll","background-type":"","background-media":"","overlay-type":"","overlay-color":"","overlay-opacity":"","overlay-gradient":""}},"ast-content-background-meta":{"desktop":{"background-color":"var(--ast-global-color-5)","background-image":"","background-repeat":"repeat","background-position":"center center","background-size":"auto","background-attachment":"scroll","background-type":"","background-media":"","overlay-type":"","overlay-color":"","overlay-opacity":"","overlay-gradient":""},"tablet":{"background-color":"var(--ast-global-color-5)","background-image":"","background-repeat":"repeat","background-position":"center center","background-size":"auto","background-attachment":"scroll","background-type":"","background-media":"","overlay-type":"","overlay-color":"","overlay-opacity":"","overlay-gradient":""},"mobile":{"background-color":"var(--ast-global-color-5)","background-image":"","background-repeat":"repeat","background-position":"center center","background-size":"auto","background-attachment":"scroll","background-type":"","background-media":"","overlay-type":"","overlay-color":"","overlay-opacity":"","overlay-gradient":""}},"footnotes":""},"categories":[21,1],"tags":[],"class_list":["post-6756","post","type-post","status-publish","format-standard","has-post-thumbnail","hentry","category-destaques","category-noticias"],"_links":{"self":[{"href":"https:\/\/crb1.org.br\/site\/wp-json\/wp\/v2\/posts\/6756","targetHints":{"allow":["GET"]}}],"collection":[{"href":"https:\/\/crb1.org.br\/site\/wp-json\/wp\/v2\/posts"}],"about":[{"href":"https:\/\/crb1.org.br\/site\/wp-json\/wp\/v2\/types\/post"}],"author":[{"embeddable":true,"href":"https:\/\/crb1.org.br\/site\/wp-json\/wp\/v2\/users\/3"}],"replies":[{"embeddable":true,"href":"https:\/\/crb1.org.br\/site\/wp-json\/wp\/v2\/comments?post=6756"}],"version-history":[{"count":0,"href":"https:\/\/crb1.org.br\/site\/wp-json\/wp\/v2\/posts\/6756\/revisions"}],"wp:featuredmedia":[{"embeddable":true,"href":"https:\/\/crb1.org.br\/site\/wp-json\/wp\/v2\/media\/6760"}],"wp:attachment":[{"href":"https:\/\/crb1.org.br\/site\/wp-json\/wp\/v2\/media?parent=6756"}],"wp:term":[{"taxonomy":"category","embeddable":true,"href":"https:\/\/crb1.org.br\/site\/wp-json\/wp\/v2\/categories?post=6756"},{"taxonomy":"post_tag","embeddable":true,"href":"https:\/\/crb1.org.br\/site\/wp-json\/wp\/v2\/tags?post=6756"}],"curies":[{"name":"wp","href":"https:\/\/api.w.org\/{rel}","templated":true}]}}