{"id":6761,"date":"2023-01-19T08:33:06","date_gmt":"2023-01-19T11:33:06","guid":{"rendered":"https:\/\/novocrb1.ultramidia.com.br\/?p=6761"},"modified":"2023-01-19T08:33:06","modified_gmt":"2023-01-19T11:33:06","slug":"unesp-organiza-exposicao-intitulada-rubens-borba-de-moraes-um-protagonista-invisivel","status":"publish","type":"post","link":"https:\/\/crb1.org.br\/site\/2023\/01\/unesp-organiza-exposicao-intitulada-rubens-borba-de-moraes-um-protagonista-invisivel\/","title":{"rendered":"UNESP ORGANIZA EXPOSI\u00c7\u00c3O INTITULADA \u201cRUBENS BORBA DE MORAES: UM PROTAGONISTA INVIS\u00cdVEL\u201d"},"content":{"rendered":"<p dir=\"auto\">A Universidade Estadual Paulista (UNESP), por meio de articula\u00e7\u00e3o entre sua Pr\u00f3-Reitoria de Extens\u00e3o Universit\u00e1ria e Cultura e da Coordenadoria Geral de Bibliotecas, est\u00e1 organizando uma exposi\u00e7\u00e3o itinerante sobre o bibli\u00f3filo e bibliotec\u00e1rio Rubens Borba de Moraes, intitulada \u201cRubens Borba de Moraes: um protagonista invis\u00edvel\u201d, com lan\u00e7amento previsto para mar\u00e7o de 2023.<\/p>\n<p dir=\"auto\">A primeira temporada da exposi\u00e7\u00e3o ocorrer\u00e1 na Oficina Cultural Oswald de Andrade, passando pela Funda\u00e7\u00e3o Escola de Sociologia e Pol\u00edtica de S\u00e3o Paulo (FESPSP). A exposi\u00e7\u00e3o faz parte do Festival Centen\u00e1rios, organizado pela Unesp, para promover ampla reflex\u00e3o sobre as comemora\u00e7\u00f5es dos 200 anos da Independ\u00eancia do Brasil e os 100 anos da Semana de Arte Moderna.<\/p>\n<p dir=\"auto\">O objetivo \u00e9 apresentar a trajet\u00f3ria do bibliotec\u00e1rio modernista Rubens Borba de Moraes (1899-1986), personalidade de destaque na hist\u00f3ria da Biblioteconomia brasileira. O Conselho Regional de Biblioteconomia da 1\u00aa Regi\u00e3o (CRB-1) ir\u00e1 enviar uma vers\u00e3o da Medalha Rubens Borba de Moraes que far\u00e1 parte da Exposi\u00e7\u00e3o, valorizando assim, a trajet\u00f3ria deste importante bibliotec\u00e1rio. A Medalha Rubens Borba de Moraes \u00e9 concedida aos bibliotec\u00e1rios e bibliotec\u00e1rias que se destacam nos mais diversos campos de atua\u00e7\u00e3o profissional.<\/p>\n<p dir=\"auto\">Conselho Regional de Biblioteconomia da 1\u00aa Regi\u00e3o, com informa\u00e7\u00f5es da UNESP.<\/p>\n","protected":false},"excerpt":{"rendered":"<p>A Universidade Estadual Paulista (UNESP), por meio de articula\u00e7\u00e3o entre sua Pr\u00f3-Reitoria de Extens\u00e3o Universit\u00e1ria e Cultura e da Coordenadoria Geral de Bibliotecas, est\u00e1 organizando uma exposi\u00e7\u00e3o itinerante sobre o bibli\u00f3filo e bibliotec\u00e1rio Rubens Borba de Moraes, intitulada \u201cRubens Borba de Moraes: um protagonista invis\u00edvel\u201d, com lan\u00e7amento previsto para mar\u00e7o de 2023. A primeira temporada [&hellip;]<\/p>\n","protected":false},"author":3,"featured_media":6762,"comment_status":"closed","ping_status":"closed","sticky":false,"template":"","format":"standard","meta":{"site-sidebar-layout":"default","site-content-layout":"","ast-site-content-layout":"default","site-content-style":"default","site-sidebar-style":"default","ast-global-header-display":"","ast-banner-title-visibility":"","ast-main-header-display":"","ast-hfb-above-header-display":"","ast-hfb-below-header-display":"","ast-hfb-mobile-header-display":"","site-post-title":"","ast-breadcrumbs-content":"","ast-featured-img":"","footer-sml-layout":"","ast-disable-related-posts":"","theme-transparent-header-meta":"","adv-header-id-meta":"","stick-header-meta":"","header-above-stick-meta":"","header-main-stick-meta":"","header-below-stick-meta":"","astra-migrate-meta-layouts":"default","ast-page-background-enabled":"default","ast-page-background-meta":{"desktop":{"background-color":"","background-image":"","background-repeat":"repeat","background-position":"center center","background-size":"auto","background-attachment":"scroll","background-type":"","background-media":"","overlay-type":"","overlay-color":"","overlay-opacity":"","overlay-gradient":""},"tablet":{"background-color":"","background-image":"","background-repeat":"repeat","background-position":"center center","background-size":"auto","background-attachment":"scroll","background-type":"","background-media":"","overlay-type":"","overlay-color":"","overlay-opacity":"","overlay-gradient":""},"mobile":{"background-color":"","background-image":"","background-repeat":"repeat","background-position":"center center","background-size":"auto","background-attachment":"scroll","background-type":"","background-media":"","overlay-type":"","overlay-color":"","overlay-opacity":"","overlay-gradient":""}},"ast-content-background-meta":{"desktop":{"background-color":"var(--ast-global-color-5)","background-image":"","background-repeat":"repeat","background-position":"center center","background-size":"auto","background-attachment":"scroll","background-type":"","background-media":"","overlay-type":"","overlay-color":"","overlay-opacity":"","overlay-gradient":""},"tablet":{"background-color":"var(--ast-global-color-5)","background-image":"","background-repeat":"repeat","background-position":"center center","background-size":"auto","background-attachment":"scroll","background-type":"","background-media":"","overlay-type":"","overlay-color":"","overlay-opacity":"","overlay-gradient":""},"mobile":{"background-color":"var(--ast-global-color-5)","background-image":"","background-repeat":"repeat","background-position":"center center","background-size":"auto","background-attachment":"scroll","background-type":"","background-media":"","overlay-type":"","overlay-color":"","overlay-opacity":"","overlay-gradient":""}},"footnotes":""},"categories":[21,1],"tags":[],"class_list":["post-6761","post","type-post","status-publish","format-standard","has-post-thumbnail","hentry","category-destaques","category-noticias"],"_links":{"self":[{"href":"https:\/\/crb1.org.br\/site\/wp-json\/wp\/v2\/posts\/6761","targetHints":{"allow":["GET"]}}],"collection":[{"href":"https:\/\/crb1.org.br\/site\/wp-json\/wp\/v2\/posts"}],"about":[{"href":"https:\/\/crb1.org.br\/site\/wp-json\/wp\/v2\/types\/post"}],"author":[{"embeddable":true,"href":"https:\/\/crb1.org.br\/site\/wp-json\/wp\/v2\/users\/3"}],"replies":[{"embeddable":true,"href":"https:\/\/crb1.org.br\/site\/wp-json\/wp\/v2\/comments?post=6761"}],"version-history":[{"count":0,"href":"https:\/\/crb1.org.br\/site\/wp-json\/wp\/v2\/posts\/6761\/revisions"}],"wp:featuredmedia":[{"embeddable":true,"href":"https:\/\/crb1.org.br\/site\/wp-json\/wp\/v2\/media\/6762"}],"wp:attachment":[{"href":"https:\/\/crb1.org.br\/site\/wp-json\/wp\/v2\/media?parent=6761"}],"wp:term":[{"taxonomy":"category","embeddable":true,"href":"https:\/\/crb1.org.br\/site\/wp-json\/wp\/v2\/categories?post=6761"},{"taxonomy":"post_tag","embeddable":true,"href":"https:\/\/crb1.org.br\/site\/wp-json\/wp\/v2\/tags?post=6761"}],"curies":[{"name":"wp","href":"https:\/\/api.w.org\/{rel}","templated":true}]}}