{"id":6777,"date":"2023-01-26T08:42:42","date_gmt":"2023-01-26T11:42:42","guid":{"rendered":"https:\/\/novocrb1.ultramidia.com.br\/?p=6777"},"modified":"2023-01-26T08:42:42","modified_gmt":"2023-01-26T11:42:42","slug":"comissoes-definirao-pessoas-homenageadas-com-a-medalha-rubens-borba-de-moraes-em-2023","status":"publish","type":"post","link":"https:\/\/crb1.org.br\/site\/2023\/01\/comissoes-definirao-pessoas-homenageadas-com-a-medalha-rubens-borba-de-moraes-em-2023\/","title":{"rendered":"COMISS\u00d5ES DEFINIR\u00c3O PESSOAS HOMENAGEADAS COM A MEDALHA RUBENS BORBA DE MORAES EM 2023"},"content":{"rendered":"<p>O CRB-1 publica portaria constituindo comiss\u00f5es para escolha de pessoas homenageadas em sua jurisdi\u00e7\u00e3o (Distrito Federal, Goi\u00e1s, Mato Grosso e Mato Grosso do Sul) com a medalha Rubens Borba de Moraes em 2023. As comiss\u00f5es ser\u00e3o presididas pelos Conselheiros deste CRB-1, com a participa\u00e7\u00e3o de Bibliotec\u00e1rias(os) de diversas \u00e1reas de atua\u00e7\u00e3o, a saber:<\/p>\n<p><strong>I.<\/strong> <strong>Comiss\u00e3o do Distrito Federal (DF)<\/strong><br \/>\n1. Francelle Natally da Silva Cavalcante &#8211; Presidenta;<br \/>\n2. Juliana Costa Bernardes;<br \/>\n3. Denise Mendes Falc\u00e3o;<br \/>\n4. Luciana Lima de Oliveira;<br \/>\n5. Lorena Nelza Ferreira Silva;<br \/>\n6. Gisele Martins Fraz\u00e3o;<br \/>\n7. Najla Bastos de Melo;<br \/>\n8. Leila Barros Cardoso;<br \/>\n9. Osmar Arouck;<br \/>\n10. Kelly Lemos da Silva.<\/p>\n<p>&nbsp;<\/p>\n<ol>\n<li><strong> Comiss\u00e3o de Goi\u00e1s (GO)<\/strong><br \/>\n1. Johnathan Pereira Alves Diniz &#8211; Presidente;<br \/>\n2. Morgana Bruno Henrique Guimar\u00e3es;<br \/>\n3. Andr\u00e9a Pereira dos Santos;<br \/>\n4. Keyla Rosa de Faria;<br \/>\n5. Rose Mendes da Silva;<br \/>\n6. Adriana Ribeiro;<br \/>\n7. Ceila da Silva Rodrigues;<br \/>\n8. Maria Aparecida Andrade de Oliveira Tsu;<br \/>\n9. Larissa Rosa de Oliveira;<br \/>\n10. Tatiana Lima Evangelista.<\/li>\n<\/ol>\n<p>&nbsp;<\/p>\n<p><strong>III. Comiss\u00e3o de Mato Grosso<\/strong> <strong>(MT)<\/strong><br \/>\n1. Fabiana Souza Andrade &#8211; Presidenta;<br \/>\n2. Aisten Baldan;<br \/>\n3. Alexandre Oliveira de Meira Gusm\u00e3o;<br \/>\n4. Daniele Maria da Silva;<br \/>\n5. Lucil\u00e9ia Rosa de Queiroz Rodrigues C\u00e9sar;<br \/>\n6. Natal\u00edcia J\u00falia Marques;<br \/>\n7. Sheila Cristina Ferreira Gabriel;<br \/>\n8. Valde\u00edra Aparecida Cardoso;<br \/>\n9. Gizele de Souza Machado Moraes.<\/p>\n<p>&nbsp;<\/p>\n<ol>\n<li><strong> Comiss\u00e3o de Mato Grosso do Sul (MS)<\/strong><br \/>\n1. Stella Maria Vaz Santos Valadares &#8211; Presidenta;<br \/>\n2. Alyson Souza dos Santos;<br \/>\n3. Cibele Andrade Nogueira;<br \/>\n4. Andressa Finger da Silva;<br \/>\n5. Jaziel Vasconcelos Dorneles;<br \/>\n6. Pillar Massud de Souza;<br \/>\n7. Vagner Almeida dos Santos.<\/li>\n<\/ol>\n<p>&nbsp;<\/p>\n<p>As Comiss\u00f5es ter\u00e3o at\u00e9 o dia 28 de fevereiro de 2023 para realizar a indica\u00e7\u00e3o do nome da(o) profissional a ser agraciado com a Medalha.<\/p>\n<p>Conhe\u00e7a a hist\u00f3ria da <a href=\"http:\/\/crb1.org.br\/mrb\/medalha\/\" target=\"_blank\" rel=\"noopener\">Medalha Rubens Borba de Moraes aqui<\/a>.<\/p>\n<p>&nbsp;<\/p>\n<p>Leia a Portaria n\u00ba 01\/2023 que institui as Comiss\u00f5es para escolha dos profissionais homenageados para receber a Medalha Rubens Borba de Moraes <a href=\"https:\/\/crb1.org.br\/site\/wp-content\/uploads\/2023\/01\/portaria_crb-1_no_01_2023.pdf\" target=\"_blank\" rel=\"noopener\"><strong><u>aqui<\/u><\/strong><\/a>.<\/p>\n<p>&nbsp;<\/p>\n<p>Conselho Regional e Biblioteconomia da 1\u00aa Regi\u00e3o (CRB-1)<\/p>\n","protected":false},"excerpt":{"rendered":"<p>O CRB-1 publica portaria constituindo comiss\u00f5es para escolha de pessoas homenageadas em sua jurisdi\u00e7\u00e3o (Distrito Federal, Goi\u00e1s, Mato Grosso e Mato Grosso do Sul) com a medalha Rubens Borba de Moraes em 2023. As comiss\u00f5es ser\u00e3o presididas pelos Conselheiros deste CRB-1, com a participa\u00e7\u00e3o de Bibliotec\u00e1rias(os) de diversas \u00e1reas de atua\u00e7\u00e3o, a saber: I. Comiss\u00e3o [&hellip;]<\/p>\n","protected":false},"author":3,"featured_media":6776,"comment_status":"closed","ping_status":"closed","sticky":false,"template":"","format":"standard","meta":{"site-sidebar-layout":"default","site-content-layout":"","ast-site-content-layout":"default","site-content-style":"default","site-sidebar-style":"default","ast-global-header-display":"","ast-banner-title-visibility":"","ast-main-header-display":"","ast-hfb-above-header-display":"","ast-hfb-below-header-display":"","ast-hfb-mobile-header-display":"","site-post-title":"","ast-breadcrumbs-content":"","ast-featured-img":"","footer-sml-layout":"","ast-disable-related-posts":"","theme-transparent-header-meta":"","adv-header-id-meta":"","stick-header-meta":"","header-above-stick-meta":"","header-main-stick-meta":"","header-below-stick-meta":"","astra-migrate-meta-layouts":"default","ast-page-background-enabled":"default","ast-page-background-meta":{"desktop":{"background-color":"","background-image":"","background-repeat":"repeat","background-position":"center center","background-size":"auto","background-attachment":"scroll","background-type":"","background-media":"","overlay-type":"","overlay-color":"","overlay-opacity":"","overlay-gradient":""},"tablet":{"background-color":"","background-image":"","background-repeat":"repeat","background-position":"center center","background-size":"auto","background-attachment":"scroll","background-type":"","background-media":"","overlay-type":"","overlay-color":"","overlay-opacity":"","overlay-gradient":""},"mobile":{"background-color":"","background-image":"","background-repeat":"repeat","background-position":"center center","background-size":"auto","background-attachment":"scroll","background-type":"","background-media":"","overlay-type":"","overlay-color":"","overlay-opacity":"","overlay-gradient":""}},"ast-content-background-meta":{"desktop":{"background-color":"var(--ast-global-color-5)","background-image":"","background-repeat":"repeat","background-position":"center center","background-size":"auto","background-attachment":"scroll","background-type":"","background-media":"","overlay-type":"","overlay-color":"","overlay-opacity":"","overlay-gradient":""},"tablet":{"background-color":"var(--ast-global-color-5)","background-image":"","background-repeat":"repeat","background-position":"center center","background-size":"auto","background-attachment":"scroll","background-type":"","background-media":"","overlay-type":"","overlay-color":"","overlay-opacity":"","overlay-gradient":""},"mobile":{"background-color":"var(--ast-global-color-5)","background-image":"","background-repeat":"repeat","background-position":"center center","background-size":"auto","background-attachment":"scroll","background-type":"","background-media":"","overlay-type":"","overlay-color":"","overlay-opacity":"","overlay-gradient":""}},"footnotes":""},"categories":[21,1],"tags":[],"class_list":["post-6777","post","type-post","status-publish","format-standard","has-post-thumbnail","hentry","category-destaques","category-noticias"],"_links":{"self":[{"href":"https:\/\/crb1.org.br\/site\/wp-json\/wp\/v2\/posts\/6777","targetHints":{"allow":["GET"]}}],"collection":[{"href":"https:\/\/crb1.org.br\/site\/wp-json\/wp\/v2\/posts"}],"about":[{"href":"https:\/\/crb1.org.br\/site\/wp-json\/wp\/v2\/types\/post"}],"author":[{"embeddable":true,"href":"https:\/\/crb1.org.br\/site\/wp-json\/wp\/v2\/users\/3"}],"replies":[{"embeddable":true,"href":"https:\/\/crb1.org.br\/site\/wp-json\/wp\/v2\/comments?post=6777"}],"version-history":[{"count":0,"href":"https:\/\/crb1.org.br\/site\/wp-json\/wp\/v2\/posts\/6777\/revisions"}],"wp:featuredmedia":[{"embeddable":true,"href":"https:\/\/crb1.org.br\/site\/wp-json\/wp\/v2\/media\/6776"}],"wp:attachment":[{"href":"https:\/\/crb1.org.br\/site\/wp-json\/wp\/v2\/media?parent=6777"}],"wp:term":[{"taxonomy":"category","embeddable":true,"href":"https:\/\/crb1.org.br\/site\/wp-json\/wp\/v2\/categories?post=6777"},{"taxonomy":"post_tag","embeddable":true,"href":"https:\/\/crb1.org.br\/site\/wp-json\/wp\/v2\/tags?post=6777"}],"curies":[{"name":"wp","href":"https:\/\/api.w.org\/{rel}","templated":true}]}}