{"id":6878,"date":"2023-02-09T09:32:39","date_gmt":"2023-02-09T12:32:39","guid":{"rendered":"https:\/\/novocrb1.ultramidia.com.br\/?p=6878"},"modified":"2023-02-09T09:32:39","modified_gmt":"2023-02-09T12:32:39","slug":"voce-conhece-a-historia-do-bibliotecario-rubens-borba-de-moraes","status":"publish","type":"post","link":"https:\/\/crb1.org.br\/site\/2023\/02\/voce-conhece-a-historia-do-bibliotecario-rubens-borba-de-moraes\/","title":{"rendered":"VOC\u00ca CONHECE A HIST\u00d3RIA DO BIBLIOTEC\u00c1RIO RUBENS BORBA DE MORAES"},"content":{"rendered":"<p dir=\"auto\">RUBENS BORBA ALVES DE MORAES nasceu em Araraquara (SP), em 23 de janeiro de 1899. Ligou-se ao movimento modernista de S\u00e3o Paulo, tendo participado ativamente e\u00b7 de forma not\u00e1vel da Semana de Arte Moderna de 1922, ao lado de M\u00e1rio de Andrade, Osvaldo de Andrade, Paulo Prado e outros.<\/p>\n<p dir=\"auto\">Estudou Biblioteconomia nos Estados Unidos e foi nesta especialidade que muito se distinguiu.<\/p>\n<p dir=\"auto\">De 1936 a 1942 dirigiu a Divis\u00e3o de Bibliotecas do Departamento Municipal de Cultura de S\u00e3o Paulo, tendo promovido a reforma da Biblioteca Municipal e a constru\u00e7\u00e3o de um edif\u00edcio adequado \u00e0 guarda das cole\u00e7\u00f5es que tinham aumentado de forma extraordin\u00e1ria.<\/p>\n<p dir=\"auto\">Em 1940, fundou o pioneiro Curso de Biblioteconomia da Escola de Sociologia e Pol\u00edtica de S\u00e3o Paulo, que dirigiu durante muitos anos e dele foi professor. Foi um dos fundadores da Associa\u00e7\u00e3o dos Ge\u00f3grafos Brasileiros, da Associa\u00e7\u00e3o Paulista de Bibliotec\u00e1rios e da Sociedade Paulista de Hist\u00f3ria.<\/p>\n<p dir=\"auto\">Transferiu-se em 1944 para o Rio de Janeiro, onde organizou a Biblioteca do Minist\u00e9rio do Trabalho. Dirigiu a Biblioteca Nacional nos anos de 1945 a 1947. Em 1948, participou nos EUA da I Reuni\u00e3o dos Bibliotec\u00e1rios da Am\u00e9rica, sendo eleito para a Comiss\u00e3o Permanente que ent\u00e3o se criou.<\/p>\n<p dir=\"auto\">Em 1954, voltou a Nova Iorque, onde exerceu o cargo de diretor da Biblioteca da ONU at\u00e9 1959, ano em que se aposentou.<\/p>\n<p dir=\"auto\">Dirigiu, tamb\u00e9m, a Biblioteca Hist\u00f3rica Brasileira, de que tomou a iniciativa e ficou constitu\u00edda por 20 volumes. Foi professor titular e, depois, professor em\u00e9rito da Universidade de Bras\u00edlia.<\/p>\n<p dir=\"auto\">Rubens Borba de Moraes faleceu em Bragan\u00e7a Paulista (SP) no ano de 1986. Desde 1987, o CRB-1, confere a Medalha Rubens Borba de Moraes a profissionais de destaque. O CRB-1 criou, em 2018, um site contando a hist\u00f3ria deste importante Bibliotec\u00e1rio que impulsionou a Biblioteconomia a n\u00edvel nacional e internacional.<\/p>\n<p dir=\"auto\">No ano de 2023 o CRB-1 agraciar\u00e1 com a Medalha Rubens Borba de Moraes &#8211; Honra ao M\u00e9rito do Bibliotec\u00e1rio, profissionais dos\u00a0<strong>quatro (04) estados que comp\u00f5em a nossa jurisdi\u00e7\u00e3o.<\/strong><\/p>\n<p dir=\"auto\">\u200c<\/p>\n<p dir=\"auto\">Conhe\u00e7a o site da Medalha Rubens Borba de Moraes e sabia mais:<\/p>\n<div class=\"js-react-root\"><span class=\"loader-wrapper\"><span aria-expanded=\"false\" aria-haspopup=\"true\" data-testid=\"hover-card-trigger-wrapper\"><a class=\"css-1llm9d6\" tabindex=\"0\" role=\"button\" href=\"http:\/\/crb1.org.br\/mrb\/\" target=\"_blank\" rel=\"noopener\" data-testid=\"inline-card-resolved-view\"><span class=\"css-1awfwlv\" data-testid=\"inline-card-icon-and-title\"><span class=\"css-1n3444m\"><img decoding=\"async\" class=\"smart-link-icon css-qq5phv\" src=\"http:\/\/crb1.org.br\/mrb\/wp-content\/uploads\/2020\/02\/cropped-cropped-busto-32x32.png\" data-testid=\"inline-card-icon-and-title-image\" \/><\/span><span class=\"smart-link-title-wrapper css-0\">Medalha Rubens Borba de Moraes<\/span><\/span><\/a><\/span><\/span><\/div>\n<p dir=\"auto\">\u200c<\/p>\n<p dir=\"auto\"><em>CRB-1\/ 19\u00b0 Gest\u00e3o (2021-2023)<\/em><\/p>\n","protected":false},"excerpt":{"rendered":"<p>RUBENS BORBA ALVES DE MORAES nasceu em Araraquara (SP), em 23 de janeiro de 1899. Ligou-se ao movimento modernista de S\u00e3o Paulo, tendo participado ativamente e\u00b7 de forma not\u00e1vel da Semana de Arte Moderna de 1922, ao lado de M\u00e1rio de Andrade, Osvaldo de Andrade, Paulo Prado e outros. Estudou Biblioteconomia nos Estados Unidos e [&hellip;]<\/p>\n","protected":false},"author":3,"featured_media":6879,"comment_status":"closed","ping_status":"closed","sticky":false,"template":"","format":"standard","meta":{"site-sidebar-layout":"default","site-content-layout":"","ast-site-content-layout":"default","site-content-style":"default","site-sidebar-style":"default","ast-global-header-display":"","ast-banner-title-visibility":"","ast-main-header-display":"","ast-hfb-above-header-display":"","ast-hfb-below-header-display":"","ast-hfb-mobile-header-display":"","site-post-title":"","ast-breadcrumbs-content":"","ast-featured-img":"","footer-sml-layout":"","ast-disable-related-posts":"","theme-transparent-header-meta":"","adv-header-id-meta":"","stick-header-meta":"","header-above-stick-meta":"","header-main-stick-meta":"","header-below-stick-meta":"","astra-migrate-meta-layouts":"default","ast-page-background-enabled":"default","ast-page-background-meta":{"desktop":{"background-color":"","background-image":"","background-repeat":"repeat","background-position":"center center","background-size":"auto","background-attachment":"scroll","background-type":"","background-media":"","overlay-type":"","overlay-color":"","overlay-opacity":"","overlay-gradient":""},"tablet":{"background-color":"","background-image":"","background-repeat":"repeat","background-position":"center center","background-size":"auto","background-attachment":"scroll","background-type":"","background-media":"","overlay-type":"","overlay-color":"","overlay-opacity":"","overlay-gradient":""},"mobile":{"background-color":"","background-image":"","background-repeat":"repeat","background-position":"center center","background-size":"auto","background-attachment":"scroll","background-type":"","background-media":"","overlay-type":"","overlay-color":"","overlay-opacity":"","overlay-gradient":""}},"ast-content-background-meta":{"desktop":{"background-color":"var(--ast-global-color-5)","background-image":"","background-repeat":"repeat","background-position":"center center","background-size":"auto","background-attachment":"scroll","background-type":"","background-media":"","overlay-type":"","overlay-color":"","overlay-opacity":"","overlay-gradient":""},"tablet":{"background-color":"var(--ast-global-color-5)","background-image":"","background-repeat":"repeat","background-position":"center center","background-size":"auto","background-attachment":"scroll","background-type":"","background-media":"","overlay-type":"","overlay-color":"","overlay-opacity":"","overlay-gradient":""},"mobile":{"background-color":"var(--ast-global-color-5)","background-image":"","background-repeat":"repeat","background-position":"center center","background-size":"auto","background-attachment":"scroll","background-type":"","background-media":"","overlay-type":"","overlay-color":"","overlay-opacity":"","overlay-gradient":""}},"footnotes":""},"categories":[21,1],"tags":[],"class_list":["post-6878","post","type-post","status-publish","format-standard","has-post-thumbnail","hentry","category-destaques","category-noticias"],"_links":{"self":[{"href":"https:\/\/crb1.org.br\/site\/wp-json\/wp\/v2\/posts\/6878","targetHints":{"allow":["GET"]}}],"collection":[{"href":"https:\/\/crb1.org.br\/site\/wp-json\/wp\/v2\/posts"}],"about":[{"href":"https:\/\/crb1.org.br\/site\/wp-json\/wp\/v2\/types\/post"}],"author":[{"embeddable":true,"href":"https:\/\/crb1.org.br\/site\/wp-json\/wp\/v2\/users\/3"}],"replies":[{"embeddable":true,"href":"https:\/\/crb1.org.br\/site\/wp-json\/wp\/v2\/comments?post=6878"}],"version-history":[{"count":0,"href":"https:\/\/crb1.org.br\/site\/wp-json\/wp\/v2\/posts\/6878\/revisions"}],"wp:featuredmedia":[{"embeddable":true,"href":"https:\/\/crb1.org.br\/site\/wp-json\/wp\/v2\/media\/6879"}],"wp:attachment":[{"href":"https:\/\/crb1.org.br\/site\/wp-json\/wp\/v2\/media?parent=6878"}],"wp:term":[{"taxonomy":"category","embeddable":true,"href":"https:\/\/crb1.org.br\/site\/wp-json\/wp\/v2\/categories?post=6878"},{"taxonomy":"post_tag","embeddable":true,"href":"https:\/\/crb1.org.br\/site\/wp-json\/wp\/v2\/tags?post=6878"}],"curies":[{"name":"wp","href":"https:\/\/api.w.org\/{rel}","templated":true}]}}