{"id":6886,"date":"2023-02-14T08:45:24","date_gmt":"2023-02-14T11:45:24","guid":{"rendered":"https:\/\/novocrb1.ultramidia.com.br\/?p=6886"},"modified":"2023-02-14T08:45:24","modified_gmt":"2023-02-14T11:45:24","slug":"crb-1-organiza-evento-em-comemoracao-ao-mes-da-bibliotecaria-e-do-bibliotecario-2023","status":"publish","type":"post","link":"https:\/\/crb1.org.br\/site\/2023\/02\/crb-1-organiza-evento-em-comemoracao-ao-mes-da-bibliotecaria-e-do-bibliotecario-2023\/","title":{"rendered":"CRB-1 ORGANIZA EVENTO EM COMEMORA\u00c7\u00c3O AO M\u00caS DA BIBLIOTEC\u00c1RIA E DO BIBLIOTEC\u00c1RIO 2023"},"content":{"rendered":"<p dir=\"auto\">O Conselho Regional de Biblioteconomia da 1\u00aa Regi\u00e3o (CRB-1), juntamente com o apoio do Instituto Brasileiro de Informa\u00e7\u00e3o em Ci\u00eancia e Tecnologia (Ibict), da Associa\u00e7\u00e3o de Bibliotec\u00e1rios e Profissionais da Ci\u00eancia da Informa\u00e7\u00e3o do Distrito Federal (ABDF) e da Biblioteca Central da Universidade de Bras\u00edlia (UnB) e demais institui\u00e7\u00f5es parceiras, organizam o M\u00eas da Bibliotec\u00e1ria e do Bibliotec\u00e1rio 2023.<\/p>\n<p dir=\"auto\">Com a tem\u00e1tica \u201c<em>Pol\u00edticas p\u00fablicas fortes, bibliotecas extraordin\u00e1rias<\/em>\u201d, o Presidente do CRB-1, o Bibliotec\u00e1rio Raphael da Silva Cavalcante ressalta \u201csobre a necessidade de se debater a efetividade de pol\u00edticas p\u00fablicas eficazes para as bibliotecas brasileiras, j\u00e1 que o momento \u00e9 de mudan\u00e7a no governo federal e, portanto, prop\u00edcio para se discutir o tema e buscar solu\u00e7\u00f5es\u201d.<\/p>\n<p dir=\"auto\">A edi\u00e7\u00e3o de 2023 vai tratar de uma s\u00e9rie de eventos, organizados por diversos organismos p\u00fablicos e privados ligados \u00e0 Biblioteconomia e \u00e0 Ci\u00eancia da Informa\u00e7\u00e3o. Al\u00e9m de palestras, os participantes do encontro podem oferecer oficinas e outras formas de capacita\u00e7\u00e3o para bibliotec\u00e1rios e profissionais de campos de atua\u00e7\u00e3o correlatos e, tamb\u00e9m, eventos culturais voltados para a comunidade.<\/p>\n<p dir=\"auto\">Participam da programa\u00e7\u00e3o entidades e institui\u00e7\u00f5es da regi\u00e3o Centro-Oeste e de outros estados, bem como a participa\u00e7\u00e3o do Conselho Federal de Biblioteconomia (CFB) e, tamb\u00e9m, de outras jurisdi\u00e7\u00f5es do Sistema CFB\/CRBs do pa\u00eds. Os eventos do m\u00eas da Bibliotec\u00e1ria e do Bibliotec\u00e1rio 2023 dever\u00e3o iniciar a partir do dia 13 de mar\u00e7o, no entanto, \u00e9 poss\u00edvel que aconte\u00e7am eventos na semana anterior \u00e0 abertura oficial do encontro, uma esp\u00e9cie de pr\u00e9-abertura. Em breve divulgaremos as atividades.<\/p>\n<p dir=\"auto\"><em>Conselho Regional de Biblioteconomia da 1\u00aa Regi\u00e3o (CRB-1), com informa\u00e7\u00f5es do Ibict<\/em><\/p>\n","protected":false},"excerpt":{"rendered":"<p>O Conselho Regional de Biblioteconomia da 1\u00aa Regi\u00e3o (CRB-1), juntamente com o apoio do Instituto Brasileiro de Informa\u00e7\u00e3o em Ci\u00eancia e Tecnologia (Ibict), da Associa\u00e7\u00e3o de Bibliotec\u00e1rios e Profissionais da Ci\u00eancia da Informa\u00e7\u00e3o do Distrito Federal (ABDF) e da Biblioteca Central da Universidade de Bras\u00edlia (UnB) e demais institui\u00e7\u00f5es parceiras, organizam o M\u00eas da Bibliotec\u00e1ria [&hellip;]<\/p>\n","protected":false},"author":3,"featured_media":6887,"comment_status":"closed","ping_status":"closed","sticky":false,"template":"","format":"standard","meta":{"site-sidebar-layout":"default","site-content-layout":"","ast-site-content-layout":"default","site-content-style":"default","site-sidebar-style":"default","ast-global-header-display":"","ast-banner-title-visibility":"","ast-main-header-display":"","ast-hfb-above-header-display":"","ast-hfb-below-header-display":"","ast-hfb-mobile-header-display":"","site-post-title":"","ast-breadcrumbs-content":"","ast-featured-img":"","footer-sml-layout":"","ast-disable-related-posts":"","theme-transparent-header-meta":"","adv-header-id-meta":"","stick-header-meta":"","header-above-stick-meta":"","header-main-stick-meta":"","header-below-stick-meta":"","astra-migrate-meta-layouts":"default","ast-page-background-enabled":"default","ast-page-background-meta":{"desktop":{"background-color":"","background-image":"","background-repeat":"repeat","background-position":"center center","background-size":"auto","background-attachment":"scroll","background-type":"","background-media":"","overlay-type":"","overlay-color":"","overlay-opacity":"","overlay-gradient":""},"tablet":{"background-color":"","background-image":"","background-repeat":"repeat","background-position":"center center","background-size":"auto","background-attachment":"scroll","background-type":"","background-media":"","overlay-type":"","overlay-color":"","overlay-opacity":"","overlay-gradient":""},"mobile":{"background-color":"","background-image":"","background-repeat":"repeat","background-position":"center center","background-size":"auto","background-attachment":"scroll","background-type":"","background-media":"","overlay-type":"","overlay-color":"","overlay-opacity":"","overlay-gradient":""}},"ast-content-background-meta":{"desktop":{"background-color":"var(--ast-global-color-5)","background-image":"","background-repeat":"repeat","background-position":"center center","background-size":"auto","background-attachment":"scroll","background-type":"","background-media":"","overlay-type":"","overlay-color":"","overlay-opacity":"","overlay-gradient":""},"tablet":{"background-color":"var(--ast-global-color-5)","background-image":"","background-repeat":"repeat","background-position":"center center","background-size":"auto","background-attachment":"scroll","background-type":"","background-media":"","overlay-type":"","overlay-color":"","overlay-opacity":"","overlay-gradient":""},"mobile":{"background-color":"var(--ast-global-color-5)","background-image":"","background-repeat":"repeat","background-position":"center center","background-size":"auto","background-attachment":"scroll","background-type":"","background-media":"","overlay-type":"","overlay-color":"","overlay-opacity":"","overlay-gradient":""}},"footnotes":""},"categories":[21,1],"tags":[],"class_list":["post-6886","post","type-post","status-publish","format-standard","has-post-thumbnail","hentry","category-destaques","category-noticias"],"_links":{"self":[{"href":"https:\/\/crb1.org.br\/site\/wp-json\/wp\/v2\/posts\/6886","targetHints":{"allow":["GET"]}}],"collection":[{"href":"https:\/\/crb1.org.br\/site\/wp-json\/wp\/v2\/posts"}],"about":[{"href":"https:\/\/crb1.org.br\/site\/wp-json\/wp\/v2\/types\/post"}],"author":[{"embeddable":true,"href":"https:\/\/crb1.org.br\/site\/wp-json\/wp\/v2\/users\/3"}],"replies":[{"embeddable":true,"href":"https:\/\/crb1.org.br\/site\/wp-json\/wp\/v2\/comments?post=6886"}],"version-history":[{"count":0,"href":"https:\/\/crb1.org.br\/site\/wp-json\/wp\/v2\/posts\/6886\/revisions"}],"wp:featuredmedia":[{"embeddable":true,"href":"https:\/\/crb1.org.br\/site\/wp-json\/wp\/v2\/media\/6887"}],"wp:attachment":[{"href":"https:\/\/crb1.org.br\/site\/wp-json\/wp\/v2\/media?parent=6886"}],"wp:term":[{"taxonomy":"category","embeddable":true,"href":"https:\/\/crb1.org.br\/site\/wp-json\/wp\/v2\/categories?post=6886"},{"taxonomy":"post_tag","embeddable":true,"href":"https:\/\/crb1.org.br\/site\/wp-json\/wp\/v2\/tags?post=6886"}],"curies":[{"name":"wp","href":"https:\/\/api.w.org\/{rel}","templated":true}]}}