{"id":6925,"date":"2023-03-03T08:11:17","date_gmt":"2023-03-03T11:11:17","guid":{"rendered":"https:\/\/novocrb1.ultramidia.com.br\/?p=6925"},"modified":"2023-03-03T08:11:17","modified_gmt":"2023-03-03T11:11:17","slug":"mes-da-bibliotecaria-e-do-bibliotecario-2023-divulgado-o-hotsite-do-evento","status":"publish","type":"post","link":"https:\/\/crb1.org.br\/site\/2023\/03\/mes-da-bibliotecaria-e-do-bibliotecario-2023-divulgado-o-hotsite-do-evento\/","title":{"rendered":"M\u00caS DA BIBLIOTEC\u00c1RIA E DO BIBLIOTEC\u00c1RIO 2023 &#8211; DIVULGADO O HOTSITE DO EVENTO"},"content":{"rendered":"<p dir=\"auto\"><em><strong>Pol\u00edticas p\u00fablicas fortes, Bibliotecas extraordin\u00e1rias<\/strong><\/em>\u00a0&#8211; A necessidade de se debater a efetividade de pol\u00edticas p\u00fablicas eficazes para as bibliotecas brasileiras \u00e9 o grande tema norteador das atividades do m\u00eas da pessoa bibliotec\u00e1ria 2023.<\/p>\n<p dir=\"auto\">A organiza\u00e7\u00e3o da programa\u00e7\u00e3o \u00e9 de iniciativa do CRB-1, com o apoio da Associa\u00e7\u00e3o de Bibliotec\u00e1rios e Profissionais da Ci\u00eancia da Informa\u00e7\u00e3o do Distrito Federal (ABDF), do Instituto Brasileiro de Informa\u00e7\u00e3o em Ci\u00eancia e Tecnologia (Ibict) e da Biblioteca Central da Universidade de Bras\u00edlia (BCE\/UnB). Al\u00e9m disso, participam da programa\u00e7\u00e3o entidades da Regi\u00e3o Centro-Oeste e tamb\u00e9m das jurisdi\u00e7\u00f5es de outros CRBs.<\/p>\n<p dir=\"auto\">Acesse o hotsite:<\/p>\n<div class=\"js-react-root\"><span class=\"loader-wrapper\"><span aria-expanded=\"false\" aria-haspopup=\"true\" data-testid=\"hover-card-trigger-wrapper\"><a class=\"css-1llm9d6\" tabindex=\"0\" role=\"button\" href=\"http:\/\/bce.unb.br\/biblio\/2023\" target=\"_blank\" rel=\"noopener\" data-testid=\"inline-card-resolved-view\"><span class=\"css-1awfwlv\" data-testid=\"inline-card-icon-and-title\"><span class=\"css-1n3444m\"><img decoding=\"async\" class=\"smart-link-icon css-qq5phv\" src=\"https:\/\/bce.unb.br\/wp-content\/uploads\/2015\/03\/favicon.png\" data-testid=\"inline-card-icon-and-title-image\" \/><\/span><span class=\"smart-link-title-wrapper css-0\">M\u00eas do Bibliotec\u00e1rio 2023<\/span><\/span><\/a><\/span><\/span><\/div>\n<p dir=\"auto\">\u200c<\/p>\n<p dir=\"auto\"><em>Conselho Regional de Biblioteconomia da 1\u00aa Regi\u00e3o<\/em><\/p>\n","protected":false},"excerpt":{"rendered":"<p>Pol\u00edticas p\u00fablicas fortes, Bibliotecas extraordin\u00e1rias\u00a0&#8211; A necessidade de se debater a efetividade de pol\u00edticas p\u00fablicas eficazes para as bibliotecas brasileiras \u00e9 o grande tema norteador das atividades do m\u00eas da pessoa bibliotec\u00e1ria 2023. A organiza\u00e7\u00e3o da programa\u00e7\u00e3o \u00e9 de iniciativa do CRB-1, com o apoio da Associa\u00e7\u00e3o de Bibliotec\u00e1rios e Profissionais da Ci\u00eancia da Informa\u00e7\u00e3o [&hellip;]<\/p>\n","protected":false},"author":3,"featured_media":6939,"comment_status":"closed","ping_status":"closed","sticky":false,"template":"","format":"standard","meta":{"site-sidebar-layout":"default","site-content-layout":"","ast-site-content-layout":"default","site-content-style":"default","site-sidebar-style":"default","ast-global-header-display":"","ast-banner-title-visibility":"","ast-main-header-display":"","ast-hfb-above-header-display":"","ast-hfb-below-header-display":"","ast-hfb-mobile-header-display":"","site-post-title":"","ast-breadcrumbs-content":"","ast-featured-img":"","footer-sml-layout":"","ast-disable-related-posts":"","theme-transparent-header-meta":"","adv-header-id-meta":"","stick-header-meta":"","header-above-stick-meta":"","header-main-stick-meta":"","header-below-stick-meta":"","astra-migrate-meta-layouts":"default","ast-page-background-enabled":"default","ast-page-background-meta":{"desktop":{"background-color":"","background-image":"","background-repeat":"repeat","background-position":"center center","background-size":"auto","background-attachment":"scroll","background-type":"","background-media":"","overlay-type":"","overlay-color":"","overlay-opacity":"","overlay-gradient":""},"tablet":{"background-color":"","background-image":"","background-repeat":"repeat","background-position":"center center","background-size":"auto","background-attachment":"scroll","background-type":"","background-media":"","overlay-type":"","overlay-color":"","overlay-opacity":"","overlay-gradient":""},"mobile":{"background-color":"","background-image":"","background-repeat":"repeat","background-position":"center center","background-size":"auto","background-attachment":"scroll","background-type":"","background-media":"","overlay-type":"","overlay-color":"","overlay-opacity":"","overlay-gradient":""}},"ast-content-background-meta":{"desktop":{"background-color":"var(--ast-global-color-5)","background-image":"","background-repeat":"repeat","background-position":"center center","background-size":"auto","background-attachment":"scroll","background-type":"","background-media":"","overlay-type":"","overlay-color":"","overlay-opacity":"","overlay-gradient":""},"tablet":{"background-color":"var(--ast-global-color-5)","background-image":"","background-repeat":"repeat","background-position":"center center","background-size":"auto","background-attachment":"scroll","background-type":"","background-media":"","overlay-type":"","overlay-color":"","overlay-opacity":"","overlay-gradient":""},"mobile":{"background-color":"var(--ast-global-color-5)","background-image":"","background-repeat":"repeat","background-position":"center center","background-size":"auto","background-attachment":"scroll","background-type":"","background-media":"","overlay-type":"","overlay-color":"","overlay-opacity":"","overlay-gradient":""}},"footnotes":""},"categories":[21,1],"tags":[],"class_list":["post-6925","post","type-post","status-publish","format-standard","has-post-thumbnail","hentry","category-destaques","category-noticias"],"_links":{"self":[{"href":"https:\/\/crb1.org.br\/site\/wp-json\/wp\/v2\/posts\/6925","targetHints":{"allow":["GET"]}}],"collection":[{"href":"https:\/\/crb1.org.br\/site\/wp-json\/wp\/v2\/posts"}],"about":[{"href":"https:\/\/crb1.org.br\/site\/wp-json\/wp\/v2\/types\/post"}],"author":[{"embeddable":true,"href":"https:\/\/crb1.org.br\/site\/wp-json\/wp\/v2\/users\/3"}],"replies":[{"embeddable":true,"href":"https:\/\/crb1.org.br\/site\/wp-json\/wp\/v2\/comments?post=6925"}],"version-history":[{"count":0,"href":"https:\/\/crb1.org.br\/site\/wp-json\/wp\/v2\/posts\/6925\/revisions"}],"wp:featuredmedia":[{"embeddable":true,"href":"https:\/\/crb1.org.br\/site\/wp-json\/wp\/v2\/media\/6939"}],"wp:attachment":[{"href":"https:\/\/crb1.org.br\/site\/wp-json\/wp\/v2\/media?parent=6925"}],"wp:term":[{"taxonomy":"category","embeddable":true,"href":"https:\/\/crb1.org.br\/site\/wp-json\/wp\/v2\/categories?post=6925"},{"taxonomy":"post_tag","embeddable":true,"href":"https:\/\/crb1.org.br\/site\/wp-json\/wp\/v2\/tags?post=6925"}],"curies":[{"name":"wp","href":"https:\/\/api.w.org\/{rel}","templated":true}]}}