{"id":6940,"date":"2023-03-07T07:27:52","date_gmt":"2023-03-07T10:27:52","guid":{"rendered":"https:\/\/novocrb1.ultramidia.com.br\/?p=6940"},"modified":"2023-03-07T07:27:52","modified_gmt":"2023-03-07T10:27:52","slug":"revelado-os-homenageados-com-a-medalha-rubens-borba-de-moraes-em-2023","status":"publish","type":"post","link":"https:\/\/crb1.org.br\/site\/2023\/03\/revelado-os-homenageados-com-a-medalha-rubens-borba-de-moraes-em-2023\/","title":{"rendered":"REVELADO OS HOMENAGEADOS COM A MEDALHA RUBENS BORBA DE MORAES EM 2023"},"content":{"rendered":"<p dir=\"auto\">O CRB-1 divulga os nomes dos Profissionais agraciados com a Medalha Rubens Borba de Moraes no ano de 2023. A sele\u00e7\u00e3o ocorreu de acordo no disposto da Portaria CRB-1 n\u00ba 001\/2023, regulamentado pela Portaria CRB-1 n\u00ba 002\/2023. Conhe\u00e7a as Bibliotec\u00e1rias e Bibliotec\u00e1rios agraciados:<\/p>\n<p dir=\"auto\"><strong>Distrito Federal<\/strong><\/p>\n<p dir=\"auto\">Janice Silveira &#8211; Diretora da Biblioteca da C\u00e2mara dos Deputados;<\/p>\n<p dir=\"auto\"><strong>Goi\u00e1s<\/strong><\/p>\n<p dir=\"auto\">Onofre de Paula &#8211; Coordenador de projetos na Secretaria Estadual de Sa\u00fade de Goi\u00e1s (SESGO);<\/p>\n<p dir=\"auto\"><strong>Mato Grosso<\/strong><\/p>\n<p dir=\"auto\">Carlos Henrique de Freitas &#8211; Supervisor de Processos T\u00e9cnicos da Biblioteca Central da Universidade Federal de Mato Grosso (UFMT);<\/p>\n<p dir=\"auto\"><strong>Mato Grosso do Sul<\/strong><\/p>\n<p dir=\"auto\">Eleuzina de Lima &#8211; Coordenadora da Biblioteca P\u00fablica Estadual Dr. Isa\u00edas Paim, em Campo Grande.<\/p>\n<p dir=\"auto\">A cerim\u00f4nia de entrega da Medalha aos agraciados ocorrer\u00e1 no pr\u00f3ximo dia 13 de mar\u00e7o de 2023, a partir das 14 horas, na Biblioteca Nacional de Bras\u00edlia (BNB).<\/p>\n<p dir=\"auto\">\u200c<\/p>\n<p dir=\"auto\"><em>Conselho Regional de Biblioteconomia da 1\u00aa Regi\u00e3o<\/em><\/p>\n","protected":false},"excerpt":{"rendered":"<p>O CRB-1 divulga os nomes dos Profissionais agraciados com a Medalha Rubens Borba de Moraes no ano de 2023. A sele\u00e7\u00e3o ocorreu de acordo no disposto da Portaria CRB-1 n\u00ba 001\/2023, regulamentado pela Portaria CRB-1 n\u00ba 002\/2023. Conhe\u00e7a as Bibliotec\u00e1rias e Bibliotec\u00e1rios agraciados: Distrito Federal Janice Silveira &#8211; Diretora da Biblioteca da C\u00e2mara dos Deputados; [&hellip;]<\/p>\n","protected":false},"author":3,"featured_media":6941,"comment_status":"closed","ping_status":"closed","sticky":false,"template":"","format":"standard","meta":{"site-sidebar-layout":"default","site-content-layout":"","ast-site-content-layout":"default","site-content-style":"default","site-sidebar-style":"default","ast-global-header-display":"","ast-banner-title-visibility":"","ast-main-header-display":"","ast-hfb-above-header-display":"","ast-hfb-below-header-display":"","ast-hfb-mobile-header-display":"","site-post-title":"","ast-breadcrumbs-content":"","ast-featured-img":"","footer-sml-layout":"","ast-disable-related-posts":"","theme-transparent-header-meta":"","adv-header-id-meta":"","stick-header-meta":"","header-above-stick-meta":"","header-main-stick-meta":"","header-below-stick-meta":"","astra-migrate-meta-layouts":"default","ast-page-background-enabled":"default","ast-page-background-meta":{"desktop":{"background-color":"","background-image":"","background-repeat":"repeat","background-position":"center center","background-size":"auto","background-attachment":"scroll","background-type":"","background-media":"","overlay-type":"","overlay-color":"","overlay-opacity":"","overlay-gradient":""},"tablet":{"background-color":"","background-image":"","background-repeat":"repeat","background-position":"center center","background-size":"auto","background-attachment":"scroll","background-type":"","background-media":"","overlay-type":"","overlay-color":"","overlay-opacity":"","overlay-gradient":""},"mobile":{"background-color":"","background-image":"","background-repeat":"repeat","background-position":"center center","background-size":"auto","background-attachment":"scroll","background-type":"","background-media":"","overlay-type":"","overlay-color":"","overlay-opacity":"","overlay-gradient":""}},"ast-content-background-meta":{"desktop":{"background-color":"var(--ast-global-color-5)","background-image":"","background-repeat":"repeat","background-position":"center center","background-size":"auto","background-attachment":"scroll","background-type":"","background-media":"","overlay-type":"","overlay-color":"","overlay-opacity":"","overlay-gradient":""},"tablet":{"background-color":"var(--ast-global-color-5)","background-image":"","background-repeat":"repeat","background-position":"center center","background-size":"auto","background-attachment":"scroll","background-type":"","background-media":"","overlay-type":"","overlay-color":"","overlay-opacity":"","overlay-gradient":""},"mobile":{"background-color":"var(--ast-global-color-5)","background-image":"","background-repeat":"repeat","background-position":"center center","background-size":"auto","background-attachment":"scroll","background-type":"","background-media":"","overlay-type":"","overlay-color":"","overlay-opacity":"","overlay-gradient":""}},"footnotes":""},"categories":[21,1],"tags":[],"class_list":["post-6940","post","type-post","status-publish","format-standard","has-post-thumbnail","hentry","category-destaques","category-noticias"],"_links":{"self":[{"href":"https:\/\/crb1.org.br\/site\/wp-json\/wp\/v2\/posts\/6940","targetHints":{"allow":["GET"]}}],"collection":[{"href":"https:\/\/crb1.org.br\/site\/wp-json\/wp\/v2\/posts"}],"about":[{"href":"https:\/\/crb1.org.br\/site\/wp-json\/wp\/v2\/types\/post"}],"author":[{"embeddable":true,"href":"https:\/\/crb1.org.br\/site\/wp-json\/wp\/v2\/users\/3"}],"replies":[{"embeddable":true,"href":"https:\/\/crb1.org.br\/site\/wp-json\/wp\/v2\/comments?post=6940"}],"version-history":[{"count":0,"href":"https:\/\/crb1.org.br\/site\/wp-json\/wp\/v2\/posts\/6940\/revisions"}],"wp:featuredmedia":[{"embeddable":true,"href":"https:\/\/crb1.org.br\/site\/wp-json\/wp\/v2\/media\/6941"}],"wp:attachment":[{"href":"https:\/\/crb1.org.br\/site\/wp-json\/wp\/v2\/media?parent=6940"}],"wp:term":[{"taxonomy":"category","embeddable":true,"href":"https:\/\/crb1.org.br\/site\/wp-json\/wp\/v2\/categories?post=6940"},{"taxonomy":"post_tag","embeddable":true,"href":"https:\/\/crb1.org.br\/site\/wp-json\/wp\/v2\/tags?post=6940"}],"curies":[{"name":"wp","href":"https:\/\/api.w.org\/{rel}","templated":true}]}}