{"id":6963,"date":"2023-03-17T22:22:42","date_gmt":"2023-03-18T01:22:42","guid":{"rendered":"https:\/\/novocrb1.ultramidia.com.br\/?p=6963"},"modified":"2023-03-17T22:22:42","modified_gmt":"2023-03-18T01:22:42","slug":"oportunidade-instituto-federal-de-mato-grosso-abre-concurso-publico-para-o-cargo-de-bibliotecario","status":"publish","type":"post","link":"https:\/\/crb1.org.br\/site\/2023\/03\/oportunidade-instituto-federal-de-mato-grosso-abre-concurso-publico-para-o-cargo-de-bibliotecario\/","title":{"rendered":"OPORTUNIDADE &#8211; INSTITUTO FEDERAL DE MATO GROSSO ABRE CONCURSO P\u00daBLICO PARA O CARGO DE BIBLIOTEC\u00c1RIO"},"content":{"rendered":"<p dir=\"auto\"><strong>OPORTUNIDADE &#8211; INSTITUTO FEDERAL DE MATO GROSSO ABRE CONCURSO P\u00daBLICO PARA O CARGO DE BIBLIOTEC\u00c1RIO<\/strong><\/p>\n<p dir=\"auto\">O Instituto Federal de Mato Grosso (IFMT) lan\u00e7ou no \u00faltimo dia 2 de mar\u00e7o, edital para provimento de vagas em concurso p\u00fablico de T\u00e9cnicos-administrativos em Educa\u00e7\u00e3o. A Institui\u00e7\u00e3o disponibilizou uma (01) vaga para o cargo de Bibliotec\u00e1rio-Documentalista (para atuar no Campus de Confresa).<br \/>\nAs inscri\u00e7\u00f5es tiveram in\u00edcio no \u00faltimo dia 10 de mar\u00e7o de 2023, com previs\u00e3o de encerramento em 31 de mar\u00e7o de 2023. A prova objetiva tem previs\u00e3o para ocorrer no dia 25 de junho de 2023.<\/p>\n<p dir=\"auto\">Ficou interessado? Anote as informa\u00e7\u00f5es abaixo:<\/p>\n<p dir=\"auto\">\ud83d\udcda01 vaga para Bibliotec\u00e1rio-Documentalista para o IFMT &#8211; Campus Confresa<br \/>\n\ud83d\uddd3\ufe0f Per\u00edodo de inscri\u00e7\u00f5es: 10\/03 a 31\/03\/2023<br \/>\n\ud83d\udcb2Valor da inscri\u00e7\u00e3o &#8211; R$ 160,00 (cento e sessenta reais)<br \/>\n\ud83d\udcdd Prova: 25\/06\/2023<br \/>\n\ud83d\udc69\ud83c\udffe\u200d\ud83d\udcbb Para mais informa\u00e7\u00f5es acesse:<\/p>\n<div class=\"js-react-root\"><span class=\"loader-wrapper\"><span aria-expanded=\"false\" aria-haspopup=\"true\" data-testid=\"hover-card-trigger-wrapper\"><a class=\"css-1llm9d6\" tabindex=\"0\" role=\"button\" href=\"https:\/\/selecao.ifmt.edu.br\/concurso.aspx?cod_concurso=6705\" target=\"_blank\" rel=\"noopener\" data-testid=\"inline-card-resolved-view\"><span class=\"css-1awfwlv\" data-testid=\"inline-card-icon-and-title\"><span class=\"smart-link-title-wrapper css-0\">Dados do Concurso<\/span><\/span><\/a><\/span><\/span><\/div>\n<p dir=\"auto\">\u200c<\/p>\n<p dir=\"auto\"><em>Conselho Regional de Biblioteconomia da 1\u00aa Regi\u00e3o<\/em><\/p>\n","protected":false},"excerpt":{"rendered":"<p>OPORTUNIDADE &#8211; INSTITUTO FEDERAL DE MATO GROSSO ABRE CONCURSO P\u00daBLICO PARA O CARGO DE BIBLIOTEC\u00c1RIO O Instituto Federal de Mato Grosso (IFMT) lan\u00e7ou no \u00faltimo dia 2 de mar\u00e7o, edital para provimento de vagas em concurso p\u00fablico de T\u00e9cnicos-administrativos em Educa\u00e7\u00e3o. A Institui\u00e7\u00e3o disponibilizou uma (01) vaga para o cargo de Bibliotec\u00e1rio-Documentalista (para atuar no [&hellip;]<\/p>\n","protected":false},"author":3,"featured_media":6966,"comment_status":"closed","ping_status":"closed","sticky":false,"template":"","format":"standard","meta":{"site-sidebar-layout":"default","site-content-layout":"","ast-site-content-layout":"default","site-content-style":"default","site-sidebar-style":"default","ast-global-header-display":"","ast-banner-title-visibility":"","ast-main-header-display":"","ast-hfb-above-header-display":"","ast-hfb-below-header-display":"","ast-hfb-mobile-header-display":"","site-post-title":"","ast-breadcrumbs-content":"","ast-featured-img":"","footer-sml-layout":"","ast-disable-related-posts":"","theme-transparent-header-meta":"","adv-header-id-meta":"","stick-header-meta":"","header-above-stick-meta":"","header-main-stick-meta":"","header-below-stick-meta":"","astra-migrate-meta-layouts":"default","ast-page-background-enabled":"default","ast-page-background-meta":{"desktop":{"background-color":"","background-image":"","background-repeat":"repeat","background-position":"center center","background-size":"auto","background-attachment":"scroll","background-type":"","background-media":"","overlay-type":"","overlay-color":"","overlay-opacity":"","overlay-gradient":""},"tablet":{"background-color":"","background-image":"","background-repeat":"repeat","background-position":"center center","background-size":"auto","background-attachment":"scroll","background-type":"","background-media":"","overlay-type":"","overlay-color":"","overlay-opacity":"","overlay-gradient":""},"mobile":{"background-color":"","background-image":"","background-repeat":"repeat","background-position":"center center","background-size":"auto","background-attachment":"scroll","background-type":"","background-media":"","overlay-type":"","overlay-color":"","overlay-opacity":"","overlay-gradient":""}},"ast-content-background-meta":{"desktop":{"background-color":"var(--ast-global-color-5)","background-image":"","background-repeat":"repeat","background-position":"center center","background-size":"auto","background-attachment":"scroll","background-type":"","background-media":"","overlay-type":"","overlay-color":"","overlay-opacity":"","overlay-gradient":""},"tablet":{"background-color":"var(--ast-global-color-5)","background-image":"","background-repeat":"repeat","background-position":"center center","background-size":"auto","background-attachment":"scroll","background-type":"","background-media":"","overlay-type":"","overlay-color":"","overlay-opacity":"","overlay-gradient":""},"mobile":{"background-color":"var(--ast-global-color-5)","background-image":"","background-repeat":"repeat","background-position":"center center","background-size":"auto","background-attachment":"scroll","background-type":"","background-media":"","overlay-type":"","overlay-color":"","overlay-opacity":"","overlay-gradient":""}},"footnotes":""},"categories":[22],"tags":[],"class_list":["post-6963","post","type-post","status-publish","format-standard","has-post-thumbnail","hentry","category-oportunidades"],"_links":{"self":[{"href":"https:\/\/crb1.org.br\/site\/wp-json\/wp\/v2\/posts\/6963","targetHints":{"allow":["GET"]}}],"collection":[{"href":"https:\/\/crb1.org.br\/site\/wp-json\/wp\/v2\/posts"}],"about":[{"href":"https:\/\/crb1.org.br\/site\/wp-json\/wp\/v2\/types\/post"}],"author":[{"embeddable":true,"href":"https:\/\/crb1.org.br\/site\/wp-json\/wp\/v2\/users\/3"}],"replies":[{"embeddable":true,"href":"https:\/\/crb1.org.br\/site\/wp-json\/wp\/v2\/comments?post=6963"}],"version-history":[{"count":0,"href":"https:\/\/crb1.org.br\/site\/wp-json\/wp\/v2\/posts\/6963\/revisions"}],"wp:featuredmedia":[{"embeddable":true,"href":"https:\/\/crb1.org.br\/site\/wp-json\/wp\/v2\/media\/6966"}],"wp:attachment":[{"href":"https:\/\/crb1.org.br\/site\/wp-json\/wp\/v2\/media?parent=6963"}],"wp:term":[{"taxonomy":"category","embeddable":true,"href":"https:\/\/crb1.org.br\/site\/wp-json\/wp\/v2\/categories?post=6963"},{"taxonomy":"post_tag","embeddable":true,"href":"https:\/\/crb1.org.br\/site\/wp-json\/wp\/v2\/tags?post=6963"}],"curies":[{"name":"wp","href":"https:\/\/api.w.org\/{rel}","templated":true}]}}