{"id":6977,"date":"2023-03-29T11:12:23","date_gmt":"2023-03-29T14:12:23","guid":{"rendered":"https:\/\/novocrb1.ultramidia.com.br\/?p=6977"},"modified":"2023-03-29T11:12:23","modified_gmt":"2023-03-29T14:12:23","slug":"acao-de-fiscalizacao-crb-1-inicia-nova-etapa-de-visitas-presenciais","status":"publish","type":"post","link":"https:\/\/crb1.org.br\/site\/2023\/03\/acao-de-fiscalizacao-crb-1-inicia-nova-etapa-de-visitas-presenciais\/","title":{"rendered":"A\u00c7\u00c3O DE FISCALIZA\u00c7\u00c3O &#8211; CRB-1 INICIA NOVA ETAPA DE VISITAS PRESENCIAIS"},"content":{"rendered":"<p dir=\"auto\"><strong>A\u00c7\u00c3O DE FISCALIZA\u00c7\u00c3O &#8211; CRB-1 INICIA NOVA ETAPA DE VISITAS PRESENCIAIS<\/strong><\/p>\n<p dir=\"auto\">[FISCALIZA\u00c7\u00c2O] Na ter\u00e7a-feira, dia 28 de mar\u00e7o, as bibliotec\u00e1rias-fiscais N\u00e1dia Silva e Gabriela Freitas iniciaram uma nova etapa de fiscaliza\u00e7\u00e3o presencial. As visitas se concentraram em institui\u00e7\u00f5es de ensino localizadas no Distrito Federal<\/p>\n<p dir=\"auto\">As profissionais realizaram um amplo cronograma que contemplar\u00e1 os quatro estados da nossa jurisdi\u00e7\u00e3o. At\u00e9 o final do primeiro semestre, todos os estados receber\u00e3o as visitas das nossas fiscais. Convidamos os registrados do CRB-1 a acompanhar as a\u00e7\u00f5es da Fiscaliza\u00e7\u00e3o pelos nossos canais de comunica\u00e7\u00e3o, incluindo o e-mail\u00a0<a href=\"mailto:fiscalizacao@novocrb1.ultramidia.com.br\">fiscalizacao@novocrb1.ultramidia.com.br<\/a>.<\/p>\n<p dir=\"auto\">\u200c<\/p>\n<p dir=\"auto\"><em>Conselho Regional de Biblioteconomia da 1\u00aa Regi\u00e3o<\/em><\/p>\n","protected":false},"excerpt":{"rendered":"<p>A\u00c7\u00c3O DE FISCALIZA\u00c7\u00c3O &#8211; CRB-1 INICIA NOVA ETAPA DE VISITAS PRESENCIAIS [FISCALIZA\u00c7\u00c2O] Na ter\u00e7a-feira, dia 28 de mar\u00e7o, as bibliotec\u00e1rias-fiscais N\u00e1dia Silva e Gabriela Freitas iniciaram uma nova etapa de fiscaliza\u00e7\u00e3o presencial. As visitas se concentraram em institui\u00e7\u00f5es de ensino localizadas no Distrito Federal As profissionais realizaram um amplo cronograma que contemplar\u00e1 os quatro estados [&hellip;]<\/p>\n","protected":false},"author":3,"featured_media":6978,"comment_status":"closed","ping_status":"closed","sticky":false,"template":"","format":"standard","meta":{"site-sidebar-layout":"default","site-content-layout":"","ast-site-content-layout":"default","site-content-style":"default","site-sidebar-style":"default","ast-global-header-display":"","ast-banner-title-visibility":"","ast-main-header-display":"","ast-hfb-above-header-display":"","ast-hfb-below-header-display":"","ast-hfb-mobile-header-display":"","site-post-title":"","ast-breadcrumbs-content":"","ast-featured-img":"","footer-sml-layout":"","ast-disable-related-posts":"","theme-transparent-header-meta":"","adv-header-id-meta":"","stick-header-meta":"","header-above-stick-meta":"","header-main-stick-meta":"","header-below-stick-meta":"","astra-migrate-meta-layouts":"default","ast-page-background-enabled":"default","ast-page-background-meta":{"desktop":{"background-color":"","background-image":"","background-repeat":"repeat","background-position":"center center","background-size":"auto","background-attachment":"scroll","background-type":"","background-media":"","overlay-type":"","overlay-color":"","overlay-opacity":"","overlay-gradient":""},"tablet":{"background-color":"","background-image":"","background-repeat":"repeat","background-position":"center center","background-size":"auto","background-attachment":"scroll","background-type":"","background-media":"","overlay-type":"","overlay-color":"","overlay-opacity":"","overlay-gradient":""},"mobile":{"background-color":"","background-image":"","background-repeat":"repeat","background-position":"center center","background-size":"auto","background-attachment":"scroll","background-type":"","background-media":"","overlay-type":"","overlay-color":"","overlay-opacity":"","overlay-gradient":""}},"ast-content-background-meta":{"desktop":{"background-color":"var(--ast-global-color-5)","background-image":"","background-repeat":"repeat","background-position":"center center","background-size":"auto","background-attachment":"scroll","background-type":"","background-media":"","overlay-type":"","overlay-color":"","overlay-opacity":"","overlay-gradient":""},"tablet":{"background-color":"var(--ast-global-color-5)","background-image":"","background-repeat":"repeat","background-position":"center center","background-size":"auto","background-attachment":"scroll","background-type":"","background-media":"","overlay-type":"","overlay-color":"","overlay-opacity":"","overlay-gradient":""},"mobile":{"background-color":"var(--ast-global-color-5)","background-image":"","background-repeat":"repeat","background-position":"center center","background-size":"auto","background-attachment":"scroll","background-type":"","background-media":"","overlay-type":"","overlay-color":"","overlay-opacity":"","overlay-gradient":""}},"footnotes":""},"categories":[21,1],"tags":[],"class_list":["post-6977","post","type-post","status-publish","format-standard","has-post-thumbnail","hentry","category-destaques","category-noticias"],"_links":{"self":[{"href":"https:\/\/crb1.org.br\/site\/wp-json\/wp\/v2\/posts\/6977","targetHints":{"allow":["GET"]}}],"collection":[{"href":"https:\/\/crb1.org.br\/site\/wp-json\/wp\/v2\/posts"}],"about":[{"href":"https:\/\/crb1.org.br\/site\/wp-json\/wp\/v2\/types\/post"}],"author":[{"embeddable":true,"href":"https:\/\/crb1.org.br\/site\/wp-json\/wp\/v2\/users\/3"}],"replies":[{"embeddable":true,"href":"https:\/\/crb1.org.br\/site\/wp-json\/wp\/v2\/comments?post=6977"}],"version-history":[{"count":0,"href":"https:\/\/crb1.org.br\/site\/wp-json\/wp\/v2\/posts\/6977\/revisions"}],"wp:featuredmedia":[{"embeddable":true,"href":"https:\/\/crb1.org.br\/site\/wp-json\/wp\/v2\/media\/6978"}],"wp:attachment":[{"href":"https:\/\/crb1.org.br\/site\/wp-json\/wp\/v2\/media?parent=6977"}],"wp:term":[{"taxonomy":"category","embeddable":true,"href":"https:\/\/crb1.org.br\/site\/wp-json\/wp\/v2\/categories?post=6977"},{"taxonomy":"post_tag","embeddable":true,"href":"https:\/\/crb1.org.br\/site\/wp-json\/wp\/v2\/tags?post=6977"}],"curies":[{"name":"wp","href":"https:\/\/api.w.org\/{rel}","templated":true}]}}