{"id":6997,"date":"2023-04-12T08:48:02","date_gmt":"2023-04-12T11:48:02","guid":{"rendered":"https:\/\/novocrb1.ultramidia.com.br\/?p=6997"},"modified":"2023-04-12T08:48:02","modified_gmt":"2023-04-12T11:48:02","slug":"crb-1-realiza-a-sua-644a-reuniao-plenaria-em-formato-virtual-2","status":"publish","type":"post","link":"https:\/\/crb1.org.br\/site\/2023\/04\/crb-1-realiza-a-sua-644a-reuniao-plenaria-em-formato-virtual-2\/","title":{"rendered":"CRB-1 REALIZA A SUA 644\u00aa REUNI\u00c3O PLEN\u00c1RIA EM FORMATO VIRTUAL"},"content":{"rendered":"<p dir=\"auto\">O Conselho Regional de Biblioteconomia da 1\u00aa Regi\u00e3o (CRB-1) realizou no \u00faltimo dia 11 de abril a sua 644\u00aa Reuni\u00e3o Plen\u00e1ria Ordin\u00e1ria, em formato online, das 20h. \u00e0s 21h50min. (hor\u00e1rio de Bras\u00edlia).<\/p>\n<p dir=\"auto\">Foram discutidos assuntos da Presid\u00eancia, das Diretorias Administrativa, Financeira e T\u00e9cnica, bem como relato das a\u00e7\u00f5es das Comiss\u00f5es Permanentes e Tempor\u00e1rias, informes dos membros das Associa\u00e7\u00f5es de Biblioteconomia e das Coordena\u00e7\u00f5es dos Cursos de Biblioteconomia, a an\u00e1lise e relato dos processos inclu\u00eddos em pauta e apresenta\u00e7\u00e3o da nova Bibliotec\u00e1ria Fiscal do CRB-1.<\/p>\n<p dir=\"auto\">As reuni\u00f5es plen\u00e1rias ocorrem mensalmente e em formato online para permitir que a Gest\u00e3o possa definir estrat\u00e9gias de a\u00e7\u00e3o e encaminhamentos, visando a continuidade dos trabalhos deste Conselho e em prol das Bibliotec\u00e1rias e Bibliotec\u00e1rios registrados e, tamb\u00e9m, aos futuros profissionais da \u00e1rea.<\/p>\n<p dir=\"auto\"><em>Conselho Regional de Biblioteconomia da 1\u00aa Regi\u00e3o<\/em><\/p>\n","protected":false},"excerpt":{"rendered":"<p>O Conselho Regional de Biblioteconomia da 1\u00aa Regi\u00e3o (CRB-1) realizou no \u00faltimo dia 11 de abril a sua 644\u00aa Reuni\u00e3o Plen\u00e1ria Ordin\u00e1ria, em formato online, das 20h. \u00e0s 21h50min. (hor\u00e1rio de Bras\u00edlia). Foram discutidos assuntos da Presid\u00eancia, das Diretorias Administrativa, Financeira e T\u00e9cnica, bem como relato das a\u00e7\u00f5es das Comiss\u00f5es Permanentes e Tempor\u00e1rias, informes dos [&hellip;]<\/p>\n","protected":false},"author":3,"featured_media":6998,"comment_status":"closed","ping_status":"closed","sticky":false,"template":"","format":"standard","meta":{"site-sidebar-layout":"default","site-content-layout":"","ast-site-content-layout":"default","site-content-style":"default","site-sidebar-style":"default","ast-global-header-display":"","ast-banner-title-visibility":"","ast-main-header-display":"","ast-hfb-above-header-display":"","ast-hfb-below-header-display":"","ast-hfb-mobile-header-display":"","site-post-title":"","ast-breadcrumbs-content":"","ast-featured-img":"","footer-sml-layout":"","ast-disable-related-posts":"","theme-transparent-header-meta":"","adv-header-id-meta":"","stick-header-meta":"","header-above-stick-meta":"","header-main-stick-meta":"","header-below-stick-meta":"","astra-migrate-meta-layouts":"default","ast-page-background-enabled":"default","ast-page-background-meta":{"desktop":{"background-color":"","background-image":"","background-repeat":"repeat","background-position":"center center","background-size":"auto","background-attachment":"scroll","background-type":"","background-media":"","overlay-type":"","overlay-color":"","overlay-opacity":"","overlay-gradient":""},"tablet":{"background-color":"","background-image":"","background-repeat":"repeat","background-position":"center center","background-size":"auto","background-attachment":"scroll","background-type":"","background-media":"","overlay-type":"","overlay-color":"","overlay-opacity":"","overlay-gradient":""},"mobile":{"background-color":"","background-image":"","background-repeat":"repeat","background-position":"center center","background-size":"auto","background-attachment":"scroll","background-type":"","background-media":"","overlay-type":"","overlay-color":"","overlay-opacity":"","overlay-gradient":""}},"ast-content-background-meta":{"desktop":{"background-color":"var(--ast-global-color-5)","background-image":"","background-repeat":"repeat","background-position":"center center","background-size":"auto","background-attachment":"scroll","background-type":"","background-media":"","overlay-type":"","overlay-color":"","overlay-opacity":"","overlay-gradient":""},"tablet":{"background-color":"var(--ast-global-color-5)","background-image":"","background-repeat":"repeat","background-position":"center center","background-size":"auto","background-attachment":"scroll","background-type":"","background-media":"","overlay-type":"","overlay-color":"","overlay-opacity":"","overlay-gradient":""},"mobile":{"background-color":"var(--ast-global-color-5)","background-image":"","background-repeat":"repeat","background-position":"center center","background-size":"auto","background-attachment":"scroll","background-type":"","background-media":"","overlay-type":"","overlay-color":"","overlay-opacity":"","overlay-gradient":""}},"footnotes":""},"categories":[21,1],"tags":[],"class_list":["post-6997","post","type-post","status-publish","format-standard","has-post-thumbnail","hentry","category-destaques","category-noticias"],"_links":{"self":[{"href":"https:\/\/crb1.org.br\/site\/wp-json\/wp\/v2\/posts\/6997","targetHints":{"allow":["GET"]}}],"collection":[{"href":"https:\/\/crb1.org.br\/site\/wp-json\/wp\/v2\/posts"}],"about":[{"href":"https:\/\/crb1.org.br\/site\/wp-json\/wp\/v2\/types\/post"}],"author":[{"embeddable":true,"href":"https:\/\/crb1.org.br\/site\/wp-json\/wp\/v2\/users\/3"}],"replies":[{"embeddable":true,"href":"https:\/\/crb1.org.br\/site\/wp-json\/wp\/v2\/comments?post=6997"}],"version-history":[{"count":0,"href":"https:\/\/crb1.org.br\/site\/wp-json\/wp\/v2\/posts\/6997\/revisions"}],"wp:featuredmedia":[{"embeddable":true,"href":"https:\/\/crb1.org.br\/site\/wp-json\/wp\/v2\/media\/6998"}],"wp:attachment":[{"href":"https:\/\/crb1.org.br\/site\/wp-json\/wp\/v2\/media?parent=6997"}],"wp:term":[{"taxonomy":"category","embeddable":true,"href":"https:\/\/crb1.org.br\/site\/wp-json\/wp\/v2\/categories?post=6997"},{"taxonomy":"post_tag","embeddable":true,"href":"https:\/\/crb1.org.br\/site\/wp-json\/wp\/v2\/tags?post=6997"}],"curies":[{"name":"wp","href":"https:\/\/api.w.org\/{rel}","templated":true}]}}