{"id":7031,"date":"2023-05-10T20:21:30","date_gmt":"2023-05-10T23:21:30","guid":{"rendered":"https:\/\/novocrb1.ultramidia.com.br\/?p=7031"},"modified":"2023-05-10T20:21:30","modified_gmt":"2023-05-10T23:21:30","slug":"crb-1-participa-de-mesa-de-debate-promovida-pela-biblioteca-nacional-de-brasilia-2","status":"publish","type":"post","link":"https:\/\/crb1.org.br\/site\/2023\/05\/crb-1-participa-de-mesa-de-debate-promovida-pela-biblioteca-nacional-de-brasilia-2\/","title":{"rendered":"CRB-1 PARTICIPA DE MESA DE DEBATE PROMOVIDA PELA BIBLIOTECA NACIONAL DE BRAS\u00cdLIA"},"content":{"rendered":"<p dir=\"auto\">O Presidente do Conselho Regional de Biblioteconomia da Primeira Regi\u00e3o (CRB-1), Raphael da Silva Cavalcante, participou, na tarde do dia 25 de abril de 2023, de mesa de debate promovida pela Biblioteca Nacional de Bras\u00edlia (BNB) com a seguinte tem\u00e1tica: &#8220;Pol\u00edticas P\u00fablicas para o Sistema de Bibliotecas P\u00fablicas do DF&#8221;.<\/p>\n<p dir=\"auto\">O encontro aconteceu no audit\u00f3rio da BNB e contou com a participa\u00e7\u00e3o de servidores p\u00fablicos do Distrito Federal, bibliotec\u00e1rios, professores e escritores, destacando o papel desses equipamentos culturais na constru\u00e7\u00e3o da cidadania para a popula\u00e7\u00e3o e no fortalecimento da democracia do Brasil.<\/p>\n<p dir=\"auto\">Dentre os debatedores, estavam o Bibliotec\u00e1rio Cristian Brayner, Assessor Parlamentar do Conselho Federal de Biblioteconomia (CFB), a Diretora da BNB, Bibliotec\u00e1ria Marmenha Ros\u00e1rio, al\u00e9m do Presidente do CRB-1. A media\u00e7\u00e3o do debate ficou a cargo do Subsecret\u00e1rio de Patrim\u00f4nio Cultural da Secretaria de Cultura e Economia Criativa do DF (SECEC\/DF), Aquiles Breyner.<\/p>\n<p dir=\"auto\">Durante as discuss\u00f5es, o Bibliotec\u00e1rio Raphael Cavalcante classificou a atua\u00e7\u00e3o da BNB como modelo para o sistema de bibliotecas p\u00fablicas e apresentou as a\u00e7\u00f5es tomadas pela atual gest\u00e3o do CRB-1. Ele tamb\u00e9m informou que bibliotec\u00e1rios e professores podem atuar de forma conjunta na promo\u00e7\u00e3o das bibliotecas p\u00fablicas no DF, valorizando o trabalho que est\u00e1 sendo feito e promovendo a inser\u00e7\u00e3o dos bibliotec\u00e1rios nesses espa\u00e7os de cultura, conhecimento e lazer.<\/p>\n<p dir=\"auto\"><em>Conselho Regional de Biblioteconomia da 1\u00aa Regi\u00e3o<\/em><\/p>\n","protected":false},"excerpt":{"rendered":"<p>O Presidente do Conselho Regional de Biblioteconomia da Primeira Regi\u00e3o (CRB-1), Raphael da Silva Cavalcante, participou, na tarde do dia 25 de abril de 2023, de mesa de debate promovida pela Biblioteca Nacional de Bras\u00edlia (BNB) com a seguinte tem\u00e1tica: &#8220;Pol\u00edticas P\u00fablicas para o Sistema de Bibliotecas P\u00fablicas do DF&#8221;. O encontro aconteceu no audit\u00f3rio [&hellip;]<\/p>\n","protected":false},"author":3,"featured_media":7032,"comment_status":"closed","ping_status":"closed","sticky":false,"template":"","format":"standard","meta":{"site-sidebar-layout":"default","site-content-layout":"","ast-site-content-layout":"default","site-content-style":"default","site-sidebar-style":"default","ast-global-header-display":"","ast-banner-title-visibility":"","ast-main-header-display":"","ast-hfb-above-header-display":"","ast-hfb-below-header-display":"","ast-hfb-mobile-header-display":"","site-post-title":"","ast-breadcrumbs-content":"","ast-featured-img":"","footer-sml-layout":"","ast-disable-related-posts":"","theme-transparent-header-meta":"","adv-header-id-meta":"","stick-header-meta":"","header-above-stick-meta":"","header-main-stick-meta":"","header-below-stick-meta":"","astra-migrate-meta-layouts":"default","ast-page-background-enabled":"default","ast-page-background-meta":{"desktop":{"background-color":"","background-image":"","background-repeat":"repeat","background-position":"center center","background-size":"auto","background-attachment":"scroll","background-type":"","background-media":"","overlay-type":"","overlay-color":"","overlay-opacity":"","overlay-gradient":""},"tablet":{"background-color":"","background-image":"","background-repeat":"repeat","background-position":"center center","background-size":"auto","background-attachment":"scroll","background-type":"","background-media":"","overlay-type":"","overlay-color":"","overlay-opacity":"","overlay-gradient":""},"mobile":{"background-color":"","background-image":"","background-repeat":"repeat","background-position":"center center","background-size":"auto","background-attachment":"scroll","background-type":"","background-media":"","overlay-type":"","overlay-color":"","overlay-opacity":"","overlay-gradient":""}},"ast-content-background-meta":{"desktop":{"background-color":"var(--ast-global-color-5)","background-image":"","background-repeat":"repeat","background-position":"center center","background-size":"auto","background-attachment":"scroll","background-type":"","background-media":"","overlay-type":"","overlay-color":"","overlay-opacity":"","overlay-gradient":""},"tablet":{"background-color":"var(--ast-global-color-5)","background-image":"","background-repeat":"repeat","background-position":"center center","background-size":"auto","background-attachment":"scroll","background-type":"","background-media":"","overlay-type":"","overlay-color":"","overlay-opacity":"","overlay-gradient":""},"mobile":{"background-color":"var(--ast-global-color-5)","background-image":"","background-repeat":"repeat","background-position":"center center","background-size":"auto","background-attachment":"scroll","background-type":"","background-media":"","overlay-type":"","overlay-color":"","overlay-opacity":"","overlay-gradient":""}},"footnotes":""},"categories":[21,1],"tags":[],"class_list":["post-7031","post","type-post","status-publish","format-standard","has-post-thumbnail","hentry","category-destaques","category-noticias"],"_links":{"self":[{"href":"https:\/\/crb1.org.br\/site\/wp-json\/wp\/v2\/posts\/7031","targetHints":{"allow":["GET"]}}],"collection":[{"href":"https:\/\/crb1.org.br\/site\/wp-json\/wp\/v2\/posts"}],"about":[{"href":"https:\/\/crb1.org.br\/site\/wp-json\/wp\/v2\/types\/post"}],"author":[{"embeddable":true,"href":"https:\/\/crb1.org.br\/site\/wp-json\/wp\/v2\/users\/3"}],"replies":[{"embeddable":true,"href":"https:\/\/crb1.org.br\/site\/wp-json\/wp\/v2\/comments?post=7031"}],"version-history":[{"count":0,"href":"https:\/\/crb1.org.br\/site\/wp-json\/wp\/v2\/posts\/7031\/revisions"}],"wp:featuredmedia":[{"embeddable":true,"href":"https:\/\/crb1.org.br\/site\/wp-json\/wp\/v2\/media\/7032"}],"wp:attachment":[{"href":"https:\/\/crb1.org.br\/site\/wp-json\/wp\/v2\/media?parent=7031"}],"wp:term":[{"taxonomy":"category","embeddable":true,"href":"https:\/\/crb1.org.br\/site\/wp-json\/wp\/v2\/categories?post=7031"},{"taxonomy":"post_tag","embeddable":true,"href":"https:\/\/crb1.org.br\/site\/wp-json\/wp\/v2\/tags?post=7031"}],"curies":[{"name":"wp","href":"https:\/\/api.w.org\/{rel}","templated":true}]}}