{"id":7150,"date":"2023-07-28T14:37:51","date_gmt":"2023-07-28T17:37:51","guid":{"rendered":"https:\/\/novocrb1.ultramidia.com.br\/?p=7150"},"modified":"2023-07-28T14:37:51","modified_gmt":"2023-07-28T17:37:51","slug":"crb-1-cobra-nomeacao-de-todos-os-bibliotecarios-escolares-classificados-em-concurso-para-a-secretaria-de-educacao-do-gdf","status":"publish","type":"post","link":"https:\/\/crb1.org.br\/site\/2023\/07\/crb-1-cobra-nomeacao-de-todos-os-bibliotecarios-escolares-classificados-em-concurso-para-a-secretaria-de-educacao-do-gdf\/","title":{"rendered":"CRB-1 COBRA NOMEA\u00c7\u00c3O DE TODOS OS BIBLIOTEC\u00c1RIOS ESCOLARES CLASSIFICADOS EM CONCURSO PARA A SECRETARIA DE EDUCA\u00c7\u00c3O DO GDF"},"content":{"rendered":"<p dir=\"auto\">No \u00faltimo dia 27 de julho, houve a publica\u00e7\u00e3o do Edital n. 40, de 26 de julho de 2023, que trouxe a homologa\u00e7\u00e3o do concurso p\u00fablico para provimento de vagas das carreiras de Magist\u00e9rio P\u00fablico e Assist\u00eancia \u00e0 Educa\u00e7\u00e3o, da Secretaria de Estado de Educa\u00e7\u00e3o do Distrito Federal (SEEDF), no qual se inclui os bibliotec\u00e1rios classificados para o cargo de Gestor em Pol\u00edticas P\u00fablicas e Gest\u00e3o Educacional &#8211; Biblioteconomia.<\/p>\n<p dir=\"auto\">Diante da quase inexist\u00eancia de bibliotec\u00e1rios nas centenas de bibliotecas escolares geridas pela SEEDF (h\u00e1 apenas 3 profissionais lotados para 476 bibliotecas), o Conselho Regional de Biblioteconomia &#8211; 1\u00aa Regi\u00e3o (CRB-1) cobra o compromisso do GDF pela nomea\u00e7\u00e3o de todos os 71 profissionais classificados no \u00faltimo certame ora homologado.<\/p>\n<p dir=\"auto\">Frisa-se que o CRB-1 possui longo hist\u00f3rico de tratativas com a SEEDF em prol do cumprimento da Lei n. 4.084, de 30 de junho de 1962, que estabelece, dentre outras provid\u00eancias, que a administra\u00e7\u00e3o e dire\u00e7\u00e3o de bibliotecas \u00e9 atribui\u00e7\u00e3o exclusiva de bibliotec\u00e1rios registrados, disposi\u00e7\u00e3o que tem sido descumprida h\u00e1 d\u00e9cadas pela referida Secretaria. No \u00faltimo m\u00eas de mar\u00e7o, houve a lavratura de mais um auto de infra\u00e7\u00e3o e, recentemente, den\u00fancia ao Minist\u00e9rio P\u00fablico do Distrito Federal e Territ\u00f3rios (MPDFT) sobre a situa\u00e7\u00e3o.<\/p>\n<p dir=\"auto\"><em>Conselho Regional de Biblioteconomia da 1\u00aa Regi\u00e3o<\/em><\/p>\n","protected":false},"excerpt":{"rendered":"<p>No \u00faltimo dia 27 de julho, houve a publica\u00e7\u00e3o do Edital n. 40, de 26 de julho de 2023, que trouxe a homologa\u00e7\u00e3o do concurso p\u00fablico para provimento de vagas das carreiras de Magist\u00e9rio P\u00fablico e Assist\u00eancia \u00e0 Educa\u00e7\u00e3o, da Secretaria de Estado de Educa\u00e7\u00e3o do Distrito Federal (SEEDF), no qual se inclui os bibliotec\u00e1rios [&hellip;]<\/p>\n","protected":false},"author":3,"featured_media":7151,"comment_status":"closed","ping_status":"closed","sticky":false,"template":"","format":"standard","meta":{"site-sidebar-layout":"default","site-content-layout":"","ast-site-content-layout":"default","site-content-style":"default","site-sidebar-style":"default","ast-global-header-display":"","ast-banner-title-visibility":"","ast-main-header-display":"","ast-hfb-above-header-display":"","ast-hfb-below-header-display":"","ast-hfb-mobile-header-display":"","site-post-title":"","ast-breadcrumbs-content":"","ast-featured-img":"","footer-sml-layout":"","ast-disable-related-posts":"","theme-transparent-header-meta":"","adv-header-id-meta":"","stick-header-meta":"","header-above-stick-meta":"","header-main-stick-meta":"","header-below-stick-meta":"","astra-migrate-meta-layouts":"default","ast-page-background-enabled":"default","ast-page-background-meta":{"desktop":{"background-color":"","background-image":"","background-repeat":"repeat","background-position":"center center","background-size":"auto","background-attachment":"scroll","background-type":"","background-media":"","overlay-type":"","overlay-color":"","overlay-opacity":"","overlay-gradient":""},"tablet":{"background-color":"","background-image":"","background-repeat":"repeat","background-position":"center center","background-size":"auto","background-attachment":"scroll","background-type":"","background-media":"","overlay-type":"","overlay-color":"","overlay-opacity":"","overlay-gradient":""},"mobile":{"background-color":"","background-image":"","background-repeat":"repeat","background-position":"center center","background-size":"auto","background-attachment":"scroll","background-type":"","background-media":"","overlay-type":"","overlay-color":"","overlay-opacity":"","overlay-gradient":""}},"ast-content-background-meta":{"desktop":{"background-color":"var(--ast-global-color-5)","background-image":"","background-repeat":"repeat","background-position":"center center","background-size":"auto","background-attachment":"scroll","background-type":"","background-media":"","overlay-type":"","overlay-color":"","overlay-opacity":"","overlay-gradient":""},"tablet":{"background-color":"var(--ast-global-color-5)","background-image":"","background-repeat":"repeat","background-position":"center center","background-size":"auto","background-attachment":"scroll","background-type":"","background-media":"","overlay-type":"","overlay-color":"","overlay-opacity":"","overlay-gradient":""},"mobile":{"background-color":"var(--ast-global-color-5)","background-image":"","background-repeat":"repeat","background-position":"center center","background-size":"auto","background-attachment":"scroll","background-type":"","background-media":"","overlay-type":"","overlay-color":"","overlay-opacity":"","overlay-gradient":""}},"footnotes":""},"categories":[21,1],"tags":[],"class_list":["post-7150","post","type-post","status-publish","format-standard","has-post-thumbnail","hentry","category-destaques","category-noticias"],"_links":{"self":[{"href":"https:\/\/crb1.org.br\/site\/wp-json\/wp\/v2\/posts\/7150","targetHints":{"allow":["GET"]}}],"collection":[{"href":"https:\/\/crb1.org.br\/site\/wp-json\/wp\/v2\/posts"}],"about":[{"href":"https:\/\/crb1.org.br\/site\/wp-json\/wp\/v2\/types\/post"}],"author":[{"embeddable":true,"href":"https:\/\/crb1.org.br\/site\/wp-json\/wp\/v2\/users\/3"}],"replies":[{"embeddable":true,"href":"https:\/\/crb1.org.br\/site\/wp-json\/wp\/v2\/comments?post=7150"}],"version-history":[{"count":0,"href":"https:\/\/crb1.org.br\/site\/wp-json\/wp\/v2\/posts\/7150\/revisions"}],"wp:featuredmedia":[{"embeddable":true,"href":"https:\/\/crb1.org.br\/site\/wp-json\/wp\/v2\/media\/7151"}],"wp:attachment":[{"href":"https:\/\/crb1.org.br\/site\/wp-json\/wp\/v2\/media?parent=7150"}],"wp:term":[{"taxonomy":"category","embeddable":true,"href":"https:\/\/crb1.org.br\/site\/wp-json\/wp\/v2\/categories?post=7150"},{"taxonomy":"post_tag","embeddable":true,"href":"https:\/\/crb1.org.br\/site\/wp-json\/wp\/v2\/tags?post=7150"}],"curies":[{"name":"wp","href":"https:\/\/api.w.org\/{rel}","templated":true}]}}