{"id":7153,"date":"2023-08-04T18:04:10","date_gmt":"2023-08-04T21:04:10","guid":{"rendered":"https:\/\/novocrb1.ultramidia.com.br\/?p=7153"},"modified":"2023-08-04T18:04:10","modified_gmt":"2023-08-04T21:04:10","slug":"crb-1-busca-apoio-para-nomeacao-de-bibliotecarios-aprovados-em-concurso-da-seedf","status":"publish","type":"post","link":"https:\/\/crb1.org.br\/site\/2023\/08\/crb-1-busca-apoio-para-nomeacao-de-bibliotecarios-aprovados-em-concurso-da-seedf\/","title":{"rendered":"CRB-1 busca apoio para nomea\u00e7\u00e3o de bibliotec\u00e1rios aprovados em concurso da SEEDF"},"content":{"rendered":"<p dir=\"auto\">Nesta sexta-feira, 4 de agosto, o presidente do Conselho Regional de Biblioteconomia da 1\u00aa Regi\u00e3o (CRB-1), Raphael Cavalcante, e a Bibliotec\u00e1ria Fiscal N\u00e1dia Silva acompanharam uma comiss\u00e3o do grupo de bibliotec\u00e1rios aprovados no concurso p\u00fablico rec\u00e9m-homologado para a Secretaria de Estado de Educa\u00e7\u00e3o do Distrito Federal (SEEDF) em conversa com o administrador de Taguatinga, Bispo Renato.<\/p>\n<p dir=\"auto\">O administrador entendeu a import\u00e2ncia do pleito e se comprometeu a servir como interlocutor perante o Governo do Distrito Federal. Caso haja a nomea\u00e7\u00e3o dos 71 bibliotec\u00e1rios para a SEEDF, o governador Ibaneis Rocha contribuir\u00e1 para um marco na hist\u00f3ria da educa\u00e7\u00e3o do Distrito Federal, considerando a quase inexist\u00eancia de profissionais habilitados \u00e0 frente das bibliotecas escolares do DF.<\/p>\n<p dir=\"auto\">O CRB-1 reafirma seu prop\u00f3sito de transpar\u00eancia para com os bibliotec\u00e1rias, bibliotec\u00e1rios e a sociedade em geral, buscando contribuir com o controle social e cidadania por meio do cumprimento da legisla\u00e7\u00e3o de Transpar\u00eancia e Acesso a Informa\u00e7\u00e3o.<\/p>\n<p dir=\"auto\">\u200c<\/p>\n<p dir=\"auto\"><em>Conselho Regional de Biblioteconomia da 1\u00aa Regi\u00e3o<\/em><\/p>\n","protected":false},"excerpt":{"rendered":"<p>Nesta sexta-feira, 4 de agosto, o presidente do Conselho Regional de Biblioteconomia da 1\u00aa Regi\u00e3o (CRB-1), Raphael Cavalcante, e a Bibliotec\u00e1ria Fiscal N\u00e1dia Silva acompanharam uma comiss\u00e3o do grupo de bibliotec\u00e1rios aprovados no concurso p\u00fablico rec\u00e9m-homologado para a Secretaria de Estado de Educa\u00e7\u00e3o do Distrito Federal (SEEDF) em conversa com o administrador de Taguatinga, Bispo [&hellip;]<\/p>\n","protected":false},"author":2,"featured_media":7155,"comment_status":"closed","ping_status":"closed","sticky":false,"template":"","format":"standard","meta":{"site-sidebar-layout":"default","site-content-layout":"","ast-site-content-layout":"default","site-content-style":"default","site-sidebar-style":"default","ast-global-header-display":"","ast-banner-title-visibility":"","ast-main-header-display":"","ast-hfb-above-header-display":"","ast-hfb-below-header-display":"","ast-hfb-mobile-header-display":"","site-post-title":"","ast-breadcrumbs-content":"","ast-featured-img":"","footer-sml-layout":"","ast-disable-related-posts":"","theme-transparent-header-meta":"","adv-header-id-meta":"","stick-header-meta":"","header-above-stick-meta":"","header-main-stick-meta":"","header-below-stick-meta":"","astra-migrate-meta-layouts":"default","ast-page-background-enabled":"default","ast-page-background-meta":{"desktop":{"background-color":"","background-image":"","background-repeat":"repeat","background-position":"center center","background-size":"auto","background-attachment":"scroll","background-type":"","background-media":"","overlay-type":"","overlay-color":"","overlay-opacity":"","overlay-gradient":""},"tablet":{"background-color":"","background-image":"","background-repeat":"repeat","background-position":"center center","background-size":"auto","background-attachment":"scroll","background-type":"","background-media":"","overlay-type":"","overlay-color":"","overlay-opacity":"","overlay-gradient":""},"mobile":{"background-color":"","background-image":"","background-repeat":"repeat","background-position":"center center","background-size":"auto","background-attachment":"scroll","background-type":"","background-media":"","overlay-type":"","overlay-color":"","overlay-opacity":"","overlay-gradient":""}},"ast-content-background-meta":{"desktop":{"background-color":"var(--ast-global-color-5)","background-image":"","background-repeat":"repeat","background-position":"center center","background-size":"auto","background-attachment":"scroll","background-type":"","background-media":"","overlay-type":"","overlay-color":"","overlay-opacity":"","overlay-gradient":""},"tablet":{"background-color":"var(--ast-global-color-5)","background-image":"","background-repeat":"repeat","background-position":"center center","background-size":"auto","background-attachment":"scroll","background-type":"","background-media":"","overlay-type":"","overlay-color":"","overlay-opacity":"","overlay-gradient":""},"mobile":{"background-color":"var(--ast-global-color-5)","background-image":"","background-repeat":"repeat","background-position":"center center","background-size":"auto","background-attachment":"scroll","background-type":"","background-media":"","overlay-type":"","overlay-color":"","overlay-opacity":"","overlay-gradient":""}},"footnotes":""},"categories":[21,1],"tags":[],"class_list":["post-7153","post","type-post","status-publish","format-standard","has-post-thumbnail","hentry","category-destaques","category-noticias"],"_links":{"self":[{"href":"https:\/\/crb1.org.br\/site\/wp-json\/wp\/v2\/posts\/7153","targetHints":{"allow":["GET"]}}],"collection":[{"href":"https:\/\/crb1.org.br\/site\/wp-json\/wp\/v2\/posts"}],"about":[{"href":"https:\/\/crb1.org.br\/site\/wp-json\/wp\/v2\/types\/post"}],"author":[{"embeddable":true,"href":"https:\/\/crb1.org.br\/site\/wp-json\/wp\/v2\/users\/2"}],"replies":[{"embeddable":true,"href":"https:\/\/crb1.org.br\/site\/wp-json\/wp\/v2\/comments?post=7153"}],"version-history":[{"count":0,"href":"https:\/\/crb1.org.br\/site\/wp-json\/wp\/v2\/posts\/7153\/revisions"}],"wp:featuredmedia":[{"embeddable":true,"href":"https:\/\/crb1.org.br\/site\/wp-json\/wp\/v2\/media\/7155"}],"wp:attachment":[{"href":"https:\/\/crb1.org.br\/site\/wp-json\/wp\/v2\/media?parent=7153"}],"wp:term":[{"taxonomy":"category","embeddable":true,"href":"https:\/\/crb1.org.br\/site\/wp-json\/wp\/v2\/categories?post=7153"},{"taxonomy":"post_tag","embeddable":true,"href":"https:\/\/crb1.org.br\/site\/wp-json\/wp\/v2\/tags?post=7153"}],"curies":[{"name":"wp","href":"https:\/\/api.w.org\/{rel}","templated":true}]}}