{"id":7170,"date":"2023-08-11T08:44:50","date_gmt":"2023-08-11T11:44:50","guid":{"rendered":"https:\/\/novocrb1.ultramidia.com.br\/?p=7170"},"modified":"2023-08-11T08:44:50","modified_gmt":"2023-08-11T11:44:50","slug":"trt-24a-regiao-nomeia-bibliotecario-apos-acao-da-fiscalizacao-do-crb-1","status":"publish","type":"post","link":"https:\/\/crb1.org.br\/site\/2023\/08\/trt-24a-regiao-nomeia-bibliotecario-apos-acao-da-fiscalizacao-do-crb-1\/","title":{"rendered":"TRT 24\u00aa REGI\u00c3O NOMEIA BIBLIOTEC\u00c1RIO AP\u00d3S A\u00c7\u00c3O DA FISCALIZA\u00c7\u00c3O DO CRB-1"},"content":{"rendered":"<p dir=\"auto\">Ap\u00f3s\u00a0<strong>a\u00e7\u00e3o fiscalizat\u00f3ria do Conselho Regional de Biblioteconomia da 1\u00aa Regi\u00e3o (CRB-1)<\/strong>, o Tribunal Regional do Trabalho da 24\u00aa Regi\u00e3o\u00a0<strong>(TRT 24\u00aa Regi\u00e3o)<\/strong>\u00a0nomeou no dia 10 de agosto de 2023, candidato aprovado em concurso p\u00fablico do \u00d3rg\u00e3o para o\u00a0<strong>Cargo de Analista Judici\u00e1rio &#8211; \u00c1rea de Apoio Especializado &#8211; Especialidade Biblioteconomia<\/strong>, com edital publicado em 2017 e validade estendida at\u00e9 29 de agosto de 2023.<\/p>\n<p dir=\"auto\">O CRB-1 parabeniza a institui\u00e7\u00e3o pela corre\u00e7\u00e3o da falta e tamb\u00e9m a comunidade atendida pela referida biblioteca, que poder\u00e1 contar com profissional bibliotec\u00e1rio apto e devidamente registrado.<\/p>\n<p dir=\"auto\">O CRB-1 reafirma seu prop\u00f3sito de transpar\u00eancia com bibliotec\u00e1rias, bibliotec\u00e1rios e a sociedade em geral, buscando contribuir com o controle social e cidadania por meio do cumprimento da legisla\u00e7\u00e3o de Transpar\u00eancia e Acesso a Informa\u00e7\u00e3o.<\/p>\n<p dir=\"auto\">\u200c<\/p>\n<p dir=\"auto\"><em>Conselho Regional de Biblioteconomia da 1\u00aa Regi\u00e3o<\/em><\/p>\n","protected":false},"excerpt":{"rendered":"<p>Ap\u00f3s\u00a0a\u00e7\u00e3o fiscalizat\u00f3ria do Conselho Regional de Biblioteconomia da 1\u00aa Regi\u00e3o (CRB-1), o Tribunal Regional do Trabalho da 24\u00aa Regi\u00e3o\u00a0(TRT 24\u00aa Regi\u00e3o)\u00a0nomeou no dia 10 de agosto de 2023, candidato aprovado em concurso p\u00fablico do \u00d3rg\u00e3o para o\u00a0Cargo de Analista Judici\u00e1rio &#8211; \u00c1rea de Apoio Especializado &#8211; Especialidade Biblioteconomia, com edital publicado em 2017 e validade [&hellip;]<\/p>\n","protected":false},"author":2,"featured_media":7171,"comment_status":"closed","ping_status":"closed","sticky":false,"template":"","format":"standard","meta":{"site-sidebar-layout":"default","site-content-layout":"","ast-site-content-layout":"default","site-content-style":"default","site-sidebar-style":"default","ast-global-header-display":"","ast-banner-title-visibility":"","ast-main-header-display":"","ast-hfb-above-header-display":"","ast-hfb-below-header-display":"","ast-hfb-mobile-header-display":"","site-post-title":"","ast-breadcrumbs-content":"","ast-featured-img":"","footer-sml-layout":"","ast-disable-related-posts":"","theme-transparent-header-meta":"","adv-header-id-meta":"","stick-header-meta":"","header-above-stick-meta":"","header-main-stick-meta":"","header-below-stick-meta":"","astra-migrate-meta-layouts":"default","ast-page-background-enabled":"default","ast-page-background-meta":{"desktop":{"background-color":"","background-image":"","background-repeat":"repeat","background-position":"center center","background-size":"auto","background-attachment":"scroll","background-type":"","background-media":"","overlay-type":"","overlay-color":"","overlay-opacity":"","overlay-gradient":""},"tablet":{"background-color":"","background-image":"","background-repeat":"repeat","background-position":"center center","background-size":"auto","background-attachment":"scroll","background-type":"","background-media":"","overlay-type":"","overlay-color":"","overlay-opacity":"","overlay-gradient":""},"mobile":{"background-color":"","background-image":"","background-repeat":"repeat","background-position":"center center","background-size":"auto","background-attachment":"scroll","background-type":"","background-media":"","overlay-type":"","overlay-color":"","overlay-opacity":"","overlay-gradient":""}},"ast-content-background-meta":{"desktop":{"background-color":"var(--ast-global-color-5)","background-image":"","background-repeat":"repeat","background-position":"center center","background-size":"auto","background-attachment":"scroll","background-type":"","background-media":"","overlay-type":"","overlay-color":"","overlay-opacity":"","overlay-gradient":""},"tablet":{"background-color":"var(--ast-global-color-5)","background-image":"","background-repeat":"repeat","background-position":"center center","background-size":"auto","background-attachment":"scroll","background-type":"","background-media":"","overlay-type":"","overlay-color":"","overlay-opacity":"","overlay-gradient":""},"mobile":{"background-color":"var(--ast-global-color-5)","background-image":"","background-repeat":"repeat","background-position":"center center","background-size":"auto","background-attachment":"scroll","background-type":"","background-media":"","overlay-type":"","overlay-color":"","overlay-opacity":"","overlay-gradient":""}},"footnotes":""},"categories":[21,1],"tags":[],"class_list":["post-7170","post","type-post","status-publish","format-standard","has-post-thumbnail","hentry","category-destaques","category-noticias"],"_links":{"self":[{"href":"https:\/\/crb1.org.br\/site\/wp-json\/wp\/v2\/posts\/7170","targetHints":{"allow":["GET"]}}],"collection":[{"href":"https:\/\/crb1.org.br\/site\/wp-json\/wp\/v2\/posts"}],"about":[{"href":"https:\/\/crb1.org.br\/site\/wp-json\/wp\/v2\/types\/post"}],"author":[{"embeddable":true,"href":"https:\/\/crb1.org.br\/site\/wp-json\/wp\/v2\/users\/2"}],"replies":[{"embeddable":true,"href":"https:\/\/crb1.org.br\/site\/wp-json\/wp\/v2\/comments?post=7170"}],"version-history":[{"count":0,"href":"https:\/\/crb1.org.br\/site\/wp-json\/wp\/v2\/posts\/7170\/revisions"}],"wp:featuredmedia":[{"embeddable":true,"href":"https:\/\/crb1.org.br\/site\/wp-json\/wp\/v2\/media\/7171"}],"wp:attachment":[{"href":"https:\/\/crb1.org.br\/site\/wp-json\/wp\/v2\/media?parent=7170"}],"wp:term":[{"taxonomy":"category","embeddable":true,"href":"https:\/\/crb1.org.br\/site\/wp-json\/wp\/v2\/categories?post=7170"},{"taxonomy":"post_tag","embeddable":true,"href":"https:\/\/crb1.org.br\/site\/wp-json\/wp\/v2\/tags?post=7170"}],"curies":[{"name":"wp","href":"https:\/\/api.w.org\/{rel}","templated":true}]}}