{"id":7180,"date":"2023-08-23T18:06:31","date_gmt":"2023-08-23T21:06:31","guid":{"rendered":"https:\/\/novocrb1.ultramidia.com.br\/?p=7180"},"modified":"2023-08-23T18:06:31","modified_gmt":"2023-08-23T21:06:31","slug":"crb-1-publica-portaria-da-comissao-eleitoral","status":"publish","type":"post","link":"https:\/\/crb1.org.br\/site\/2023\/08\/crb-1-publica-portaria-da-comissao-eleitoral\/","title":{"rendered":"CRB-1 PUBLICA PORTARIA DA COMISS\u00c3O ELEITORAL"},"content":{"rendered":"<p dir=\"auto\">O Conselho Regional de Biblioteconomia da 1\u00aa Regi\u00e3o, publicou portaria constituindo a Comiss\u00e3o Eleitoral para execu\u00e7\u00e3o do Processo de elei\u00e7\u00e3o na jurisdi\u00e7\u00e3o do CRB-1. A Portaria atende \u00e0\u00a0<a title=\"\u200c\" href=\"https:\/\/studiosti.com.br\/PortalTransparencia\/Biblioteconomia\/CRB1\/Relatorio\/Menu\/Arquivo_Visualizar_TL.aspx?arquivo=~\/Menu_File\/617671856010_Resolu.o.CFB.258.Elei.es.CRB.pdf&amp;codigo=5685&amp;menu=Resolu%C3%A7%C3%A3o%20CFB%20n.%20258,%20de%2011%20de%20junho%20de%202023\" target=\"_blank\" rel=\"nofollow noopener noreferrer ugc\"><strong>Resolu\u00e7\u00e3o CFB n\u00ba 258\/2023<\/strong><\/a>, que trata sobre as Elei\u00e7\u00f5es nos Conselhos Regionais de Biblioteconomia (CRBs).<\/p>\n<p dir=\"auto\">A elei\u00e7\u00e3o para definir os membros da pr\u00f3xima gest\u00e3o do Conselho Regional de Biblioteconomia da 1\u00aa Regi\u00e3o (CRB-1) est\u00e1 programada para ocorrer\u00a0<em>via internet (de 23 a 27\/10\/2023) ou presencial na sede do CRB-1 em Bras\u00edlia-DF (de 8h \u00e0s 17h do dia 27\/10\/2023)<\/em>. A Comiss\u00e3o Eleitoral encarregada do pleito de 2023 j\u00e1 foi devidamente constitu\u00edda, deliberada na\u00a0<strong>648\u00aa Reuni\u00e3o Plen\u00e1ria do CRB-1, ocorrida em 8 de agosto de 2023.<\/strong><\/p>\n<p dir=\"auto\">As integrantes da Comiss\u00e3o Eleitoral do CRB-1 s\u00e3o as Bibliotec\u00e1rias:<\/p>\n<ul>\n<li>Clarice de Freitas Lima CRB-1\/1112, (Presidente);<\/li>\n<li>Christiane Coelho da Silva CRB-1\/1323 (1\u00aa Secret\u00e1ria);<\/li>\n<li>Cristiane Medeiros Jardim CRB-1\/1439 (2\u00aa Secret\u00e1ria).<\/li>\n<\/ul>\n<p dir=\"auto\">Veja a Portaria do CRB-1 com a defini\u00e7\u00e3o da Comiss\u00e3o Eleitoral, clicando\u00a0<a title=\"\u200c\" href=\"https:\/\/studiosti.com.br\/PortalTransparencia\/Biblioteconomia\/CRB1\/Relatorio\/Menu\/Arquivo_Visualizar_TL.aspx?arquivo=~\/Menu_File\/608560445245_Portaria.07.2023.COMISS.O.ELEITORAL.pdf&amp;codigo=5683&amp;menu=Portaria%20n%C2%BA%2007\/2023\" target=\"_blank\" rel=\"nofollow noopener noreferrer ugc\"><strong>aqui<\/strong><\/a>.<\/p>\n<p dir=\"auto\">Veja o Edital de Convoca\u00e7\u00e3o das Elei\u00e7\u00f5es nos CRBs, publicado pelo Conselho Federal de Biblioteconomia\u00a0<a title=\"\u200c\" href=\"http:\/\/repositorio.cfb.org.br\/bitstream\/123456789\/1412\/12\/EDITAL%20DE%20CONVOCA%c3%87%c3%83O%20ELEI%c3%87%c3%95ES%20NOS%20CRB%20-%20EDITAL%20DE%20CONVOCA%c3%87%c3%83O%20ELEI%c3%87%c3%95ES%20NOS%20CRB%20-%20DOU%20-%20Imprensa%20Nacional.pdf\" target=\"_blank\" rel=\"nofollow noopener noreferrer ugc\"><strong>aqui<\/strong><\/a><strong>.<\/strong><\/p>\n<p dir=\"auto\">\u200c<\/p>\n<p dir=\"auto\"><strong>Inscri\u00e7\u00f5es das Chapas para a 20\u00aa Gest\u00e3o do CRB-1<\/strong><\/p>\n<p dir=\"auto\">Reiteramos que a participa\u00e7\u00e3o e dedica\u00e7\u00e3o ao CRB-1 constitui parte importante da forma\u00e7\u00e3o profissional e pessoal, pois nos aproxima da possibilidade de atuar em prol da sociedade protegendo-a do exerc\u00edcio ilegal da profiss\u00e3o.<\/p>\n<p dir=\"auto\">Segundo a\u00a0<strong>Resolu\u00e7\u00e3o CFB n\u00ba 258\/2023<\/strong>, para se candidatar, \u00e9 necess\u00e1rio:<\/p>\n<p dir=\"auto\">\u200c<\/p>\n<p dir=\"auto\"><em>Art. 8\u00ba. \u00c9 eleg\u00edvel o bibliotec\u00e1rio que satisfa\u00e7a os seguintes requisitos:<\/em><\/p>\n<p dir=\"auto\"><em>I ser brasileiro nato ou naturalizado;<\/em><br \/>\n<em>II ter no m\u00ednimo 1 (um) ano de efetivo registro principal no CRB da jurisdi\u00e7\u00e3o pela qual concorre;<\/em><br \/>\n<em>III estar em dia com suas obriga\u00e7\u00f5es perante o CRB a que concorre, e em outros CRB onde tenha, ou tenha tido, registro, desde 1 (um) ano antes da data da elei\u00e7\u00e3o, inclusive quanto a d\u00e9bitos de qualquer natureza;<\/em><br \/>\n<em>IV n\u00e3o ter sofrido qualquer san\u00e7\u00e3o\/penalidade oriunda de processo baseado no Regimento Interno do Sistema CFB\/CRB ou demais resolu\u00e7\u00f5es do Sistema, nos \u00faltimos 5 (cinco) anos;<\/em><br \/>\n<em>V estar em pleno gozo de seus direitos profissionais e pol\u00edticos;<\/em><br \/>\n<em>VI em caso de reelei\u00e7\u00e3o, estar concorrendo por apenas um per\u00edodo consecutivo;<\/em><br \/>\n<em>VII n\u00e3o ser, nem ter sido nos \u00faltimos 2 (dois) anos, empregado do CFB ou do CRB.<\/em><\/p>\n<p dir=\"auto\">Os candidatos dever\u00e3o concorrer em chapas, atendendo ao crit\u00e9rio exposto no artigo 11 da Resolu\u00e7\u00e3o do CFB:<\/p>\n<p dir=\"auto\"><em>Art. 11. As chapas ser\u00e3o compostas por 12 (doze) candidatos a conselheiros efetivos e no m\u00ednimo 3 (tr\u00eas) e no m\u00e1ximo 6 (seis) conselheiros suplentes.<\/em><\/p>\n<p dir=\"auto\">As inscri\u00e7\u00f5es para as chapas concorrentes \u00e0 20\u00aa Gest\u00e3o do CRB-1 acontecer\u00e3o entre\u00a0<strong>28 de agosto a 8 de setembro de 2023<\/strong>. As elei\u00e7\u00f5es est\u00e3o agendadas para o per\u00edodo de\u00a0<strong>23 a 27 de outubro de 2023<\/strong>. A posse est\u00e1 prevista para ocorrer at\u00e9 o dia 05 de janeiro de 2024.<\/p>\n<p dir=\"auto\">Acesse a \u00edntegra da Resolu\u00e7\u00e3o CFB n\u00ba 258\/2023 e seus anexos,\u00a0<a title=\"\u200c\" href=\"http:\/\/repositorio.cfb.org.br\/handle\/123456789\/1412\" target=\"_blank\" rel=\"nofollow noopener noreferrer ugc\"><strong>clicando aqui<\/strong><\/a>.<\/p>\n<p dir=\"auto\">Participe e contribua com a pr\u00f3xima gest\u00e3o do CRB-1!<\/p>\n<p dir=\"auto\"><em>Conselho Regional de Biblioteconomia da 1\u00aa Regi\u00e3o<\/em><\/p>\n","protected":false},"excerpt":{"rendered":"<p>O Conselho Regional de Biblioteconomia da 1\u00aa Regi\u00e3o, publicou portaria constituindo a Comiss\u00e3o Eleitoral para execu\u00e7\u00e3o do Processo de elei\u00e7\u00e3o na jurisdi\u00e7\u00e3o do CRB-1. A Portaria atende \u00e0\u00a0Resolu\u00e7\u00e3o CFB n\u00ba 258\/2023, que trata sobre as Elei\u00e7\u00f5es nos Conselhos Regionais de Biblioteconomia (CRBs). A elei\u00e7\u00e3o para definir os membros da pr\u00f3xima gest\u00e3o do Conselho Regional de [&hellip;]<\/p>\n","protected":false},"author":2,"featured_media":7181,"comment_status":"closed","ping_status":"closed","sticky":false,"template":"","format":"standard","meta":{"site-sidebar-layout":"default","site-content-layout":"","ast-site-content-layout":"default","site-content-style":"default","site-sidebar-style":"default","ast-global-header-display":"","ast-banner-title-visibility":"","ast-main-header-display":"","ast-hfb-above-header-display":"","ast-hfb-below-header-display":"","ast-hfb-mobile-header-display":"","site-post-title":"","ast-breadcrumbs-content":"","ast-featured-img":"","footer-sml-layout":"","ast-disable-related-posts":"","theme-transparent-header-meta":"","adv-header-id-meta":"","stick-header-meta":"","header-above-stick-meta":"","header-main-stick-meta":"","header-below-stick-meta":"","astra-migrate-meta-layouts":"default","ast-page-background-enabled":"default","ast-page-background-meta":{"desktop":{"background-color":"","background-image":"","background-repeat":"repeat","background-position":"center center","background-size":"auto","background-attachment":"scroll","background-type":"","background-media":"","overlay-type":"","overlay-color":"","overlay-opacity":"","overlay-gradient":""},"tablet":{"background-color":"","background-image":"","background-repeat":"repeat","background-position":"center center","background-size":"auto","background-attachment":"scroll","background-type":"","background-media":"","overlay-type":"","overlay-color":"","overlay-opacity":"","overlay-gradient":""},"mobile":{"background-color":"","background-image":"","background-repeat":"repeat","background-position":"center center","background-size":"auto","background-attachment":"scroll","background-type":"","background-media":"","overlay-type":"","overlay-color":"","overlay-opacity":"","overlay-gradient":""}},"ast-content-background-meta":{"desktop":{"background-color":"var(--ast-global-color-5)","background-image":"","background-repeat":"repeat","background-position":"center center","background-size":"auto","background-attachment":"scroll","background-type":"","background-media":"","overlay-type":"","overlay-color":"","overlay-opacity":"","overlay-gradient":""},"tablet":{"background-color":"var(--ast-global-color-5)","background-image":"","background-repeat":"repeat","background-position":"center center","background-size":"auto","background-attachment":"scroll","background-type":"","background-media":"","overlay-type":"","overlay-color":"","overlay-opacity":"","overlay-gradient":""},"mobile":{"background-color":"var(--ast-global-color-5)","background-image":"","background-repeat":"repeat","background-position":"center center","background-size":"auto","background-attachment":"scroll","background-type":"","background-media":"","overlay-type":"","overlay-color":"","overlay-opacity":"","overlay-gradient":""}},"footnotes":""},"categories":[21,1],"tags":[],"class_list":["post-7180","post","type-post","status-publish","format-standard","has-post-thumbnail","hentry","category-destaques","category-noticias"],"_links":{"self":[{"href":"https:\/\/crb1.org.br\/site\/wp-json\/wp\/v2\/posts\/7180","targetHints":{"allow":["GET"]}}],"collection":[{"href":"https:\/\/crb1.org.br\/site\/wp-json\/wp\/v2\/posts"}],"about":[{"href":"https:\/\/crb1.org.br\/site\/wp-json\/wp\/v2\/types\/post"}],"author":[{"embeddable":true,"href":"https:\/\/crb1.org.br\/site\/wp-json\/wp\/v2\/users\/2"}],"replies":[{"embeddable":true,"href":"https:\/\/crb1.org.br\/site\/wp-json\/wp\/v2\/comments?post=7180"}],"version-history":[{"count":0,"href":"https:\/\/crb1.org.br\/site\/wp-json\/wp\/v2\/posts\/7180\/revisions"}],"wp:featuredmedia":[{"embeddable":true,"href":"https:\/\/crb1.org.br\/site\/wp-json\/wp\/v2\/media\/7181"}],"wp:attachment":[{"href":"https:\/\/crb1.org.br\/site\/wp-json\/wp\/v2\/media?parent=7180"}],"wp:term":[{"taxonomy":"category","embeddable":true,"href":"https:\/\/crb1.org.br\/site\/wp-json\/wp\/v2\/categories?post=7180"},{"taxonomy":"post_tag","embeddable":true,"href":"https:\/\/crb1.org.br\/site\/wp-json\/wp\/v2\/tags?post=7180"}],"curies":[{"name":"wp","href":"https:\/\/api.w.org\/{rel}","templated":true}]}}