{"id":7184,"date":"2023-08-25T09:03:30","date_gmt":"2023-08-25T12:03:30","guid":{"rendered":"https:\/\/novocrb1.ultramidia.com.br\/?p=7184"},"modified":"2023-08-25T09:03:30","modified_gmt":"2023-08-25T12:03:30","slug":"crb-1-participa-das-comemoracoes-do-aniversario-de-50-anos-da-biblioteca-central-da-ufg","status":"publish","type":"post","link":"https:\/\/crb1.org.br\/site\/2023\/08\/crb-1-participa-das-comemoracoes-do-aniversario-de-50-anos-da-biblioteca-central-da-ufg\/","title":{"rendered":"CRB-1 PARTICIPA DAS COMEMORA\u00c7\u00d5ES DO ANIVERS\u00c1RIO DE 50 ANOS DA BIBLIOTECA CENTRAL DA UFG"},"content":{"rendered":"<p dir=\"auto\"><em>Evento homenageou servidores e gestores que atuam ou atuaram em prol do Sistema de Bibliotecas<\/em><\/p>\n<p dir=\"auto\">Em comemora\u00e7\u00e3o aos 50 anos da Biblioteca Central, a Universidade Federal de Goi\u00e1s realizou, no dia 24 de agosto de 2023, uma cerim\u00f4nia de homenagem aos servidores da unidade ativos e tamb\u00e9m j\u00e1 aposentados. A solenidade come\u00e7ou com um caf\u00e9 da manh\u00e3 comemorativo e a apresenta\u00e7\u00e3o art\u00edstica de J\u00f4nathas Xavier Ferreira. Eliane Correa Guimar\u00e3es Lopes tamb\u00e9m leu um texto em homenagem ao anivers\u00e1rio para homenagear os servidores que estiveram na biblioteca durante esses 50 anos.<\/p>\n<p dir=\"auto\">A mesa diretiva teve a presen\u00e7a do vice-reitor da UFG, Jesiel Freitas Carvalho, o pr\u00f3-reitor de P\u00f3s-Gradua\u00e7\u00e3o, Felipe Terra, o vice-presidente do Conselho de Regional de Biblioteconomia da 1\u00aa Regi\u00e3o, Johnathan Pereira Alves Diniz, o diretor da Faculdade de Informa\u00e7\u00e3o e Comunica\u00e7\u00e3o (FIC), Daniel Christino, e a diretora do Sistema de Bibliotecas da UFG (Sibi), Adriana Ribeiro.<\/p>\n<p dir=\"auto\">Adriana Ribeiro ressaltou que n\u00e3o esperava que, ao iniciar o processo de organiza\u00e7\u00e3o das comemora\u00e7\u00f5es, teriam a repercuss\u00e3o que tiveram. Ela observou o desafio de levantar a hist\u00f3ria da biblioteca para as comemora\u00e7\u00f5es do cinquenten\u00e1rio: \u201c<em>N\u00f3s, bibliotec\u00e1rios, n\u00e3o catalogamos devidamente nosso trabalho e vamos melhorar isso para os pr\u00f3ximos anos, para quando tivermos o centen\u00e1rio\u201d. Mas ela ressalta que, ao contr\u00e1rio do que possa ser pensado com a revolu\u00e7\u00e3o tecnol\u00f3gica: \u201ca biblioteca continua mais necess\u00e1ria do que nunca<\/em>.\u201d<\/p>\n<p dir=\"auto\">Em seu discurso ressaltou o papel de Marietta Telles Machado que d\u00e1 nome \u00e0 Biblioteca e como seu trabalho foi importante para a Biblioteconomia, fez um resumo dos principais momentos da biblioteca e seu crescimento, al\u00e9m dos tradicionais eventos realizados pela unidade. A diretora tamb\u00e9m destacou a necessidade de pensar na reestrutura\u00e7\u00e3o da biblioteca continuamente: \u201c<em>N\u00e3o \u00e9 porque existem vias ilegais que devemos ensinar ou transferir a responsabilidade de conseguir os livros para os alunos. A biblioteca precisa de constante renova\u00e7\u00e3o de seu acervo, n\u00e3o s\u00f3 para cumprir exig\u00eancias, mas para atender os estudantes<\/em>\u201d, afirmou. Ela lembra o importante papel dos servidores da biblioteca: \u201cFazemos o poss\u00edvel para tornar a biblioteca agrad\u00e1vel\u201d e finalizou desejando que o sistema de bibliotecas da UFG se torne na pr\u00e1tica continuamente prioridade da universidade.<\/p>\n<p dir=\"auto\">O Vice-Presidente do CRB-1, Johnathan Diniz, contou de sua trajet\u00f3ria junto \u00e0 biblioteca da UFG desde sua gradua\u00e7\u00e3o e parabenizou o Sibi e o resgaste da hist\u00f3ria da unidade, ressaltando as parcerias que o Sistema de Bibliotecas da UFG promoveu junto ao CRB-1 ao longo dos anos. Por fim, enfatizou o Sistema de Bibliotecas da UFG enquanto grande promotor da Biblioteconomonia goiana e brasileira e colocando o CRB-1 sempre \u00e0 disposi\u00e7\u00e3o da institui\u00e7\u00e3o.<\/p>\n<p dir=\"auto\">Ap\u00f3s as falas das autoridades foram entregues homenagens aos gestores da UFG, servidores atuais e servidores j\u00e1 aposentados como forma de reconhecimento pelo trabalho junto ao Sistema. O CRB-1 se orgulha por fazer parte desse momento hist\u00f3rico do Sistema de Bibliotecas da UFG.<\/p>\n<p dir=\"auto\"><em>Texto: Kharen Stecca<\/em><br \/>\n<em>Fotos: J\u00falia Barros<\/em><\/p>\n<p dir=\"auto\">Leia a \u00edntegra da not\u00edcia\u00a0<a title=\"\u200c\" href=\"https:\/\/ufg.br\/n\/173555-biblioteca-central-da-ufg-comemora-50-anos\" target=\"_blank\" rel=\"nofollow noopener noreferrer ugc\"><strong>aqui<\/strong><\/a>!<\/p>\n<p dir=\"auto\"><em>Conselho Regional de Biblioteconomia da 1\u00aa Regi\u00e3o, com Informa\u00e7\u00f5es da Universidade Federal de Goi\u00e1s<\/em><\/p>\n","protected":false},"excerpt":{"rendered":"<p>Evento homenageou servidores e gestores que atuam ou atuaram em prol do Sistema de Bibliotecas Em comemora\u00e7\u00e3o aos 50 anos da Biblioteca Central, a Universidade Federal de Goi\u00e1s realizou, no dia 24 de agosto de 2023, uma cerim\u00f4nia de homenagem aos servidores da unidade ativos e tamb\u00e9m j\u00e1 aposentados. A solenidade come\u00e7ou com um caf\u00e9 [&hellip;]<\/p>\n","protected":false},"author":2,"featured_media":7185,"comment_status":"closed","ping_status":"closed","sticky":false,"template":"","format":"standard","meta":{"site-sidebar-layout":"default","site-content-layout":"","ast-site-content-layout":"default","site-content-style":"default","site-sidebar-style":"default","ast-global-header-display":"","ast-banner-title-visibility":"","ast-main-header-display":"","ast-hfb-above-header-display":"","ast-hfb-below-header-display":"","ast-hfb-mobile-header-display":"","site-post-title":"","ast-breadcrumbs-content":"","ast-featured-img":"","footer-sml-layout":"","ast-disable-related-posts":"","theme-transparent-header-meta":"","adv-header-id-meta":"","stick-header-meta":"","header-above-stick-meta":"","header-main-stick-meta":"","header-below-stick-meta":"","astra-migrate-meta-layouts":"default","ast-page-background-enabled":"default","ast-page-background-meta":{"desktop":{"background-color":"","background-image":"","background-repeat":"repeat","background-position":"center center","background-size":"auto","background-attachment":"scroll","background-type":"","background-media":"","overlay-type":"","overlay-color":"","overlay-opacity":"","overlay-gradient":""},"tablet":{"background-color":"","background-image":"","background-repeat":"repeat","background-position":"center center","background-size":"auto","background-attachment":"scroll","background-type":"","background-media":"","overlay-type":"","overlay-color":"","overlay-opacity":"","overlay-gradient":""},"mobile":{"background-color":"","background-image":"","background-repeat":"repeat","background-position":"center center","background-size":"auto","background-attachment":"scroll","background-type":"","background-media":"","overlay-type":"","overlay-color":"","overlay-opacity":"","overlay-gradient":""}},"ast-content-background-meta":{"desktop":{"background-color":"var(--ast-global-color-5)","background-image":"","background-repeat":"repeat","background-position":"center center","background-size":"auto","background-attachment":"scroll","background-type":"","background-media":"","overlay-type":"","overlay-color":"","overlay-opacity":"","overlay-gradient":""},"tablet":{"background-color":"var(--ast-global-color-5)","background-image":"","background-repeat":"repeat","background-position":"center center","background-size":"auto","background-attachment":"scroll","background-type":"","background-media":"","overlay-type":"","overlay-color":"","overlay-opacity":"","overlay-gradient":""},"mobile":{"background-color":"var(--ast-global-color-5)","background-image":"","background-repeat":"repeat","background-position":"center center","background-size":"auto","background-attachment":"scroll","background-type":"","background-media":"","overlay-type":"","overlay-color":"","overlay-opacity":"","overlay-gradient":""}},"footnotes":""},"categories":[21,1],"tags":[],"class_list":["post-7184","post","type-post","status-publish","format-standard","has-post-thumbnail","hentry","category-destaques","category-noticias"],"_links":{"self":[{"href":"https:\/\/crb1.org.br\/site\/wp-json\/wp\/v2\/posts\/7184","targetHints":{"allow":["GET"]}}],"collection":[{"href":"https:\/\/crb1.org.br\/site\/wp-json\/wp\/v2\/posts"}],"about":[{"href":"https:\/\/crb1.org.br\/site\/wp-json\/wp\/v2\/types\/post"}],"author":[{"embeddable":true,"href":"https:\/\/crb1.org.br\/site\/wp-json\/wp\/v2\/users\/2"}],"replies":[{"embeddable":true,"href":"https:\/\/crb1.org.br\/site\/wp-json\/wp\/v2\/comments?post=7184"}],"version-history":[{"count":0,"href":"https:\/\/crb1.org.br\/site\/wp-json\/wp\/v2\/posts\/7184\/revisions"}],"wp:featuredmedia":[{"embeddable":true,"href":"https:\/\/crb1.org.br\/site\/wp-json\/wp\/v2\/media\/7185"}],"wp:attachment":[{"href":"https:\/\/crb1.org.br\/site\/wp-json\/wp\/v2\/media?parent=7184"}],"wp:term":[{"taxonomy":"category","embeddable":true,"href":"https:\/\/crb1.org.br\/site\/wp-json\/wp\/v2\/categories?post=7184"},{"taxonomy":"post_tag","embeddable":true,"href":"https:\/\/crb1.org.br\/site\/wp-json\/wp\/v2\/tags?post=7184"}],"curies":[{"name":"wp","href":"https:\/\/api.w.org\/{rel}","templated":true}]}}