{"id":7246,"date":"2017-03-01T14:41:03","date_gmt":"2017-03-01T17:41:03","guid":{"rendered":"https:\/\/crb1.org.br\/?p=1375"},"modified":"2017-03-01T14:41:03","modified_gmt":"2017-03-01T17:41:03","slug":"acessibilidade-e-a-atuacao-bibliotecaria-sao-temas-principais-para-a-comemoracao-do-dia-do-bibliotecario-no-df","status":"publish","type":"post","link":"https:\/\/crb1.org.br\/site\/2017\/03\/acessibilidade-e-a-atuacao-bibliotecaria-sao-temas-principais-para-a-comemoracao-do-dia-do-bibliotecario-no-df\/","title":{"rendered":"Acessibilidade e a atua\u00e7\u00e3o bibliotec\u00e1ria s\u00e3o temas principais para a comemora\u00e7\u00e3o do Dia do Bibliotec\u00e1rio no DF"},"content":{"rendered":"<p style=\"text-align: center;\"><em>Programa\u00e7\u00e3o especial aos bibliotec\u00e1rios de Bras\u00edlia no Minist\u00e9rio da Cultura<\/em><\/p>\n<p>Dia 15 de mar\u00e7o vamos comemorar o <a class=\"_58cn\" href=\"https:\/\/www.facebook.com\/hashtag\/diadobibliotec%C3%A1rio?source=feed_text&amp;story_id=1180132868769758\" data-ft=\"{&quot;tn&quot;:&quot;*N&quot;,&quot;type&quot;:104}\"><span class=\"_5afx\"><span class=\"_58cl _5afz\">#<\/span><span class=\"_58cm\">DiadoBibliotec\u00e1rio<\/span><\/span><\/a> no DF, e os brasilienses est\u00e3o preparando um dia de muitas atividades para seus profissionais. O evento ter\u00e1 in\u00edcio \u00e0s 14 h no audit\u00f3rio Ip\u00ea Amarelo do Minist\u00e9rio da Cultura, com abertura realizada pelo Ministro da Cultura Roberto Freire. Na oportunidade iram compor a mesa os senhores (as): Cristian Santos \u2013 Diretor do Departamento do Livro, Leitura, Literatura e Bibliotecas (DLLLB) do Minist\u00e9rio da Cultura (MinC), Virginia Bravo \u2013 Coordenadora de Bibliotecas P\u00fablicas (SNBP), Mayra Gurgel \u2013 Substituta do Secret\u00e1rio Especial da Pessoa com Defici\u00eancia (SDH), Raimundo Martins \u2013 Presidente do Conselho Federal de Biblioteconomia (CFB), Martin David Cadillo \u2013 Presidente do Conselho Regional de Biblioteconomia da Primeira Regi\u00e3o (CRB-1).<br \/>\nNa programa\u00e7\u00e3o est\u00e3o inclusas palestras, oficinas e sorteios de brindes. A palestra \u201cAcessibilidade em Bibliotecas\u201d ser\u00e1 ministrada pela bibliotec\u00e1ria Anajara Carbonell Closs de Porto Alegre, em seguida ser\u00e1 realizada uma oficina de acessibilidade \u201cMais Diferen\u00e7as\u201d. Seguindo o cronograma acontecer\u00e1 a entrega da Medalha Rubens Borba de Moraes 2017 &#8211; Honra ao M\u00e9rito Bibliotec\u00e1rio.<br \/>\nNo encerramento \u2013 a partir das 16 h &#8211; um coffee break e o lan\u00e7amento do livro \u201cO Pequeno Pr\u00edncipe\u201d \u2013 edi\u00e7\u00e3o m\u00faltiplos formatos acess\u00edveis. O evento \u00e9 uma organiza\u00e7\u00e3o do CRB-1, CFB, MinC, SDH e SNBP. A entrada \u00e9 franca.<\/p>\n<p style=\"text-align: right;\"><strong>Ascom CRB-1<\/strong><\/p>\n","protected":false},"excerpt":{"rendered":"<p>Programa\u00e7\u00e3o especial aos bibliotec\u00e1rios de Bras\u00edlia no Minist\u00e9rio da Cultura Dia 15 de mar\u00e7o vamos comemorar o #DiadoBibliotec\u00e1rio no DF, e os brasilienses est\u00e3o preparando um dia de muitas atividades para seus profissionais. O evento ter\u00e1 in\u00edcio \u00e0s 14 h no audit\u00f3rio Ip\u00ea Amarelo do Minist\u00e9rio da Cultura, com abertura realizada pelo Ministro da Cultura [&hellip;]<\/p>\n","protected":false},"author":1,"featured_media":0,"comment_status":"open","ping_status":"open","sticky":false,"template":"","format":"standard","meta":{"site-sidebar-layout":"default","site-content-layout":"","ast-site-content-layout":"default","site-content-style":"default","site-sidebar-style":"default","ast-global-header-display":"","ast-banner-title-visibility":"","ast-main-header-display":"","ast-hfb-above-header-display":"","ast-hfb-below-header-display":"","ast-hfb-mobile-header-display":"","site-post-title":"","ast-breadcrumbs-content":"","ast-featured-img":"","footer-sml-layout":"","ast-disable-related-posts":"","theme-transparent-header-meta":"","adv-header-id-meta":"","stick-header-meta":"","header-above-stick-meta":"","header-main-stick-meta":"","header-below-stick-meta":"","astra-migrate-meta-layouts":"default","ast-page-background-enabled":"default","ast-page-background-meta":{"desktop":{"background-color":"","background-image":"","background-repeat":"repeat","background-position":"center center","background-size":"auto","background-attachment":"scroll","background-type":"","background-media":"","overlay-type":"","overlay-color":"","overlay-opacity":"","overlay-gradient":""},"tablet":{"background-color":"","background-image":"","background-repeat":"repeat","background-position":"center center","background-size":"auto","background-attachment":"scroll","background-type":"","background-media":"","overlay-type":"","overlay-color":"","overlay-opacity":"","overlay-gradient":""},"mobile":{"background-color":"","background-image":"","background-repeat":"repeat","background-position":"center center","background-size":"auto","background-attachment":"scroll","background-type":"","background-media":"","overlay-type":"","overlay-color":"","overlay-opacity":"","overlay-gradient":""}},"ast-content-background-meta":{"desktop":{"background-color":"var(--ast-global-color-5)","background-image":"","background-repeat":"repeat","background-position":"center center","background-size":"auto","background-attachment":"scroll","background-type":"","background-media":"","overlay-type":"","overlay-color":"","overlay-opacity":"","overlay-gradient":""},"tablet":{"background-color":"var(--ast-global-color-5)","background-image":"","background-repeat":"repeat","background-position":"center center","background-size":"auto","background-attachment":"scroll","background-type":"","background-media":"","overlay-type":"","overlay-color":"","overlay-opacity":"","overlay-gradient":""},"mobile":{"background-color":"var(--ast-global-color-5)","background-image":"","background-repeat":"repeat","background-position":"center center","background-size":"auto","background-attachment":"scroll","background-type":"","background-media":"","overlay-type":"","overlay-color":"","overlay-opacity":"","overlay-gradient":""}},"footnotes":""},"categories":[24],"tags":[169,27,75,25,59,60,170,171,61,172,122],"class_list":["post-7246","post","type-post","status-publish","format-standard","hentry","category-evento","tag-acessibilidade","tag-biblioteca","tag-cfb","tag-dia-do-bibliotecario","tag-honra-ao-merito","tag-medalha","tag-minc","tag-pequeno-principe","tag-rubens-borba-de-moraes","tag-sdh","tag-snbp"],"_links":{"self":[{"href":"https:\/\/crb1.org.br\/site\/wp-json\/wp\/v2\/posts\/7246","targetHints":{"allow":["GET"]}}],"collection":[{"href":"https:\/\/crb1.org.br\/site\/wp-json\/wp\/v2\/posts"}],"about":[{"href":"https:\/\/crb1.org.br\/site\/wp-json\/wp\/v2\/types\/post"}],"author":[{"embeddable":true,"href":"https:\/\/crb1.org.br\/site\/wp-json\/wp\/v2\/users\/1"}],"replies":[{"embeddable":true,"href":"https:\/\/crb1.org.br\/site\/wp-json\/wp\/v2\/comments?post=7246"}],"version-history":[{"count":0,"href":"https:\/\/crb1.org.br\/site\/wp-json\/wp\/v2\/posts\/7246\/revisions"}],"wp:attachment":[{"href":"https:\/\/crb1.org.br\/site\/wp-json\/wp\/v2\/media?parent=7246"}],"wp:term":[{"taxonomy":"category","embeddable":true,"href":"https:\/\/crb1.org.br\/site\/wp-json\/wp\/v2\/categories?post=7246"},{"taxonomy":"post_tag","embeddable":true,"href":"https:\/\/crb1.org.br\/site\/wp-json\/wp\/v2\/tags?post=7246"}],"curies":[{"name":"wp","href":"https:\/\/api.w.org\/{rel}","templated":true}]}}