{"id":7247,"date":"2017-03-06T08:00:20","date_gmt":"2017-03-06T11:00:20","guid":{"rendered":"https:\/\/crb1.org.br\/?p=1379"},"modified":"2017-03-06T08:00:20","modified_gmt":"2017-03-06T11:00:20","slug":"crb-1-informa-os-resultados-da-votacao-medalha-rubens-borba-de-moraes-2017","status":"publish","type":"post","link":"https:\/\/crb1.org.br\/site\/2017\/03\/crb-1-informa-os-resultados-da-votacao-medalha-rubens-borba-de-moraes-2017\/","title":{"rendered":"CRB-1 informa os resultados da vota\u00e7\u00e3o Medalha Rubens Borba de Moraes 2017"},"content":{"rendered":"<p>As vota\u00e7\u00f5es para a escolha dos profissionais que ser\u00e3o agraciados com a Medalha Rubens Borba de Moraes, no ano de 2017, chegou ao fim. A medalha \u00e9 entregue anualmente em comemora\u00e7\u00e3o ao <a href=\"https:\/\/www.facebook.com\/hashtag\/diadobibliotec%C3%A1rio?source=feed_text&amp;story_id=886825084767206\">#\u200eDiadoBibliotec\u00e1rio<\/a>.<br \/>\nO CRB-1 parabeniza os ganhadores pela conquista desta medalha de Honra ao M\u00e9rito Bibliotec\u00e1rio. Aos demais indicados, votos de muito sucesso pessoal e profissional.<br \/>\nLembrando que as entregas das medalhas ocorrer\u00e3o no Estado correspondente a cada profissional. Sendo os eventos divulgados nos canais de comunica\u00e7\u00e3o do Conselho (s\u00edtio eletr\u00f4nico, fanpage e mailing).<br \/>\n<strong>BIBLIOTEC\u00c1RIOS VENCEDORES<\/strong><\/p>\n<ul>\n<li><strong>DISTRITO FEDERAL: <\/strong>Emir Jos\u00e9 Suaiden CRB-1\/190<\/li>\n<\/ul>\n<p><img fetchpriority=\"high\" decoding=\"async\" class=\"alignleft size-full wp-image-1380\" src=\"https:\/\/novocrb1.ultramidia.com.br\/wp-content\/uploads\/2017\/03\/segundo-df.jpg\" alt=\"segundo-df\" width=\"733\" height=\"277\" \/><br \/>\n&nbsp;<br \/>\n&nbsp;<br \/>\n&nbsp;<br \/>\n&nbsp;<br \/>\n&nbsp;<br \/>\n&nbsp;<br \/>\n&nbsp;<br \/>\n&nbsp;<\/p>\n<ul>\n<li><strong>GOI\u00c1S: <\/strong>Maria Silv\u00e9rio da Silva Siqueira\u00a0CRB-1\/2330<\/li>\n<\/ul>\n<p><img decoding=\"async\" class=\"alignleft size-full wp-image-1381\" src=\"https:\/\/novocrb1.ultramidia.com.br\/wp-content\/uploads\/2017\/03\/terceiro-go.jpg\" alt=\"terceiro-go\" width=\"734\" height=\"287\" \/><br \/>\n&nbsp;<br \/>\n&nbsp;<br \/>\n&nbsp;<br \/>\n&nbsp;<br \/>\n&nbsp;<br \/>\n&nbsp;<br \/>\n&nbsp;<br \/>\n&nbsp;<\/p>\n<ul>\n<li><strong>MATO GROSSO: <\/strong>Rosa Maria Ferreira dos Santos CRB-1\/3065<\/li>\n<\/ul>\n<p><img decoding=\"async\" class=\"alignleft size-full wp-image-1382\" src=\"https:\/\/novocrb1.ultramidia.com.br\/wp-content\/uploads\/2017\/03\/quarto-mt.jpg\" alt=\"quarto-mt\" width=\"734\" height=\"274\" \/><br \/>\n&nbsp;<br \/>\n&nbsp;<br \/>\n&nbsp;<br \/>\n&nbsp;<br \/>\n&nbsp;<br \/>\n&nbsp;<br \/>\n&nbsp;<br \/>\n&nbsp;<\/p>\n<ul>\n<li><strong>MATO GROSSO DO SUL: <\/strong>Marlene Lurdes Golin Zanin CRB-1\/0929<\/li>\n<\/ul>\n<p><img loading=\"lazy\" decoding=\"async\" class=\"alignleft size-full wp-image-1383\" src=\"https:\/\/novocrb1.ultramidia.com.br\/wp-content\/uploads\/2017\/03\/quinto-ms.jpg\" alt=\"quinto-ms\" width=\"734\" height=\"284\" \/><br \/>\n&nbsp;<br \/>\n&nbsp;<br \/>\n&nbsp;<br \/>\n&nbsp;<br \/>\n&nbsp;<br \/>\n&nbsp;<br \/>\n&nbsp;<br \/>\n&nbsp;<br \/>\n<strong>MAIS RESULTADOS EM GR\u00c1FICOS<\/strong><br \/>\n<img loading=\"lazy\" decoding=\"async\" class=\"alignleft size-full wp-image-1384\" src=\"https:\/\/novocrb1.ultramidia.com.br\/wp-content\/uploads\/2017\/03\/primeiro-voce-e.jpg\" alt=\"primeiro-voce-e\" width=\"750\" height=\"278\" \/><br \/>\n&nbsp;<br \/>\n&nbsp;<br \/>\n&nbsp;<br \/>\n&nbsp;<br \/>\n&nbsp;<br \/>\n&nbsp;<br \/>\n<img loading=\"lazy\" decoding=\"async\" class=\"alignleft size-full wp-image-1385\" src=\"https:\/\/novocrb1.ultramidia.com.br\/wp-content\/uploads\/2017\/03\/sexto-canaldecomunicacao.jpg\" alt=\"sexto-canaldecomunicacao\" width=\"735\" height=\"270\" \/><br \/>\n&nbsp;<br \/>\n&nbsp;<br \/>\n&nbsp;<br \/>\n&nbsp;<\/p>\n<p style=\"text-align: left;\">\n<p style=\"text-align: left;\">\n<p style=\"text-align: left;\">\n<p style=\"text-align: left;\">\n<p style=\"text-align: left;\">\n<p style=\"text-align: left;\">\n<p style=\"text-align: left;\">.<\/p>\n<p style=\"text-align: left;\"><a href=\"https:\/\/novocrb1.ultramidia.com.br\/wp-content\/uploads\/2017\/03\/resultado-mrb-2017.pdf\" target=\"_blank\" rel=\"noopener\">Resultados em formato pdf (baixe aqui)<\/a><\/p>\n<p style=\"text-align: right;\">Lyzy Rayla \u2013 <strong>Ascom CRB-1<\/strong><\/p>\n","protected":false},"excerpt":{"rendered":"<p>As vota\u00e7\u00f5es para a escolha dos profissionais que ser\u00e3o agraciados com a Medalha Rubens Borba de Moraes, no ano de 2017, chegou ao fim. A medalha \u00e9 entregue anualmente em comemora\u00e7\u00e3o ao #\u200eDiadoBibliotec\u00e1rio. O CRB-1 parabeniza os ganhadores pela conquista desta medalha de Honra ao M\u00e9rito Bibliotec\u00e1rio. Aos demais indicados, votos de muito sucesso pessoal [&hellip;]<\/p>\n","protected":false},"author":1,"featured_media":0,"comment_status":"open","ping_status":"open","sticky":false,"template":"","format":"standard","meta":{"site-sidebar-layout":"default","site-content-layout":"","ast-site-content-layout":"default","site-content-style":"default","site-sidebar-style":"default","ast-global-header-display":"","ast-banner-title-visibility":"","ast-main-header-display":"","ast-hfb-above-header-display":"","ast-hfb-below-header-display":"","ast-hfb-mobile-header-display":"","site-post-title":"","ast-breadcrumbs-content":"","ast-featured-img":"","footer-sml-layout":"","ast-disable-related-posts":"","theme-transparent-header-meta":"","adv-header-id-meta":"","stick-header-meta":"","header-above-stick-meta":"","header-main-stick-meta":"","header-below-stick-meta":"","astra-migrate-meta-layouts":"default","ast-page-background-enabled":"default","ast-page-background-meta":{"desktop":{"background-color":"","background-image":"","background-repeat":"repeat","background-position":"center center","background-size":"auto","background-attachment":"scroll","background-type":"","background-media":"","overlay-type":"","overlay-color":"","overlay-opacity":"","overlay-gradient":""},"tablet":{"background-color":"","background-image":"","background-repeat":"repeat","background-position":"center center","background-size":"auto","background-attachment":"scroll","background-type":"","background-media":"","overlay-type":"","overlay-color":"","overlay-opacity":"","overlay-gradient":""},"mobile":{"background-color":"","background-image":"","background-repeat":"repeat","background-position":"center center","background-size":"auto","background-attachment":"scroll","background-type":"","background-media":"","overlay-type":"","overlay-color":"","overlay-opacity":"","overlay-gradient":""}},"ast-content-background-meta":{"desktop":{"background-color":"var(--ast-global-color-5)","background-image":"","background-repeat":"repeat","background-position":"center center","background-size":"auto","background-attachment":"scroll","background-type":"","background-media":"","overlay-type":"","overlay-color":"","overlay-opacity":"","overlay-gradient":""},"tablet":{"background-color":"var(--ast-global-color-5)","background-image":"","background-repeat":"repeat","background-position":"center center","background-size":"auto","background-attachment":"scroll","background-type":"","background-media":"","overlay-type":"","overlay-color":"","overlay-opacity":"","overlay-gradient":""},"mobile":{"background-color":"var(--ast-global-color-5)","background-image":"","background-repeat":"repeat","background-position":"center center","background-size":"auto","background-attachment":"scroll","background-type":"","background-media":"","overlay-type":"","overlay-color":"","overlay-opacity":"","overlay-gradient":""}},"footnotes":""},"categories":[1],"tags":[27,58,173,25,59,60,174,61],"class_list":["post-7247","post","type-post","status-publish","format-standard","hentry","category-noticias","tag-biblioteca","tag-bibliotecario","tag-centro-oeste","tag-dia-do-bibliotecario","tag-honra-ao-merito","tag-medalha","tag-mrb-2017","tag-rubens-borba-de-moraes"],"_links":{"self":[{"href":"https:\/\/crb1.org.br\/site\/wp-json\/wp\/v2\/posts\/7247","targetHints":{"allow":["GET"]}}],"collection":[{"href":"https:\/\/crb1.org.br\/site\/wp-json\/wp\/v2\/posts"}],"about":[{"href":"https:\/\/crb1.org.br\/site\/wp-json\/wp\/v2\/types\/post"}],"author":[{"embeddable":true,"href":"https:\/\/crb1.org.br\/site\/wp-json\/wp\/v2\/users\/1"}],"replies":[{"embeddable":true,"href":"https:\/\/crb1.org.br\/site\/wp-json\/wp\/v2\/comments?post=7247"}],"version-history":[{"count":0,"href":"https:\/\/crb1.org.br\/site\/wp-json\/wp\/v2\/posts\/7247\/revisions"}],"wp:attachment":[{"href":"https:\/\/crb1.org.br\/site\/wp-json\/wp\/v2\/media?parent=7247"}],"wp:term":[{"taxonomy":"category","embeddable":true,"href":"https:\/\/crb1.org.br\/site\/wp-json\/wp\/v2\/categories?post=7247"},{"taxonomy":"post_tag","embeddable":true,"href":"https:\/\/crb1.org.br\/site\/wp-json\/wp\/v2\/tags?post=7247"}],"curies":[{"name":"wp","href":"https:\/\/api.w.org\/{rel}","templated":true}]}}