{"id":7248,"date":"2017-03-06T16:55:28","date_gmt":"2017-03-06T19:55:28","guid":{"rendered":"https:\/\/crb1.org.br\/?p=1397"},"modified":"2017-03-06T16:55:28","modified_gmt":"2017-03-06T19:55:28","slug":"seminario-vai-debater-profissao-e-mercado-de-trabalho-para-bibliotecarios-no-df","status":"publish","type":"post","link":"https:\/\/crb1.org.br\/site\/2017\/03\/seminario-vai-debater-profissao-e-mercado-de-trabalho-para-bibliotecarios-no-df\/","title":{"rendered":"Semin\u00e1rio vai debater profiss\u00e3o e mercado de trabalho para bibliotec\u00e1rios no DF"},"content":{"rendered":"<p>A atua\u00e7\u00e3o dos bibliotec\u00e1rios e o mercado de trabalho para esses profissionais vai ser tema de evento promovido pelo Senado. Al\u00e9m de palestras e workshops, o evento contar\u00e1 com um semin\u00e1rio que vai discutir a atua\u00e7\u00e3o dos bibliotec\u00e1rios na era digital. A coordenadora da Biblioteca do Senado Federal, Helena Vieira, explica que o evento \u00e9 uma homenagem ao Dia do Bibliotec\u00e1rio, comemorado em 12 de mar\u00e7o. O objetivo, explicou Helena, \u00e9 dar visibilidade ao papel desses profissionais.<br \/>\n&nbsp;<\/p>\n<p style=\"text-align: right;\">Fonte &#8211; <a href=\"http:\/\/www12.senado.gov.br\/radio\">R\u00e1dio Senado<\/a><\/p>\n","protected":false},"excerpt":{"rendered":"<p>A atua\u00e7\u00e3o dos bibliotec\u00e1rios e o mercado de trabalho para esses profissionais vai ser tema de evento promovido pelo Senado. Al\u00e9m de palestras e workshops, o evento contar\u00e1 com um semin\u00e1rio que vai discutir a atua\u00e7\u00e3o dos bibliotec\u00e1rios na era digital. A coordenadora da Biblioteca do Senado Federal, Helena Vieira, explica que o evento \u00e9 [&hellip;]<\/p>\n","protected":false},"author":1,"featured_media":0,"comment_status":"open","ping_status":"open","sticky":false,"template":"","format":"standard","meta":{"site-sidebar-layout":"default","site-content-layout":"","ast-site-content-layout":"default","site-content-style":"default","site-sidebar-style":"default","ast-global-header-display":"","ast-banner-title-visibility":"","ast-main-header-display":"","ast-hfb-above-header-display":"","ast-hfb-below-header-display":"","ast-hfb-mobile-header-display":"","site-post-title":"","ast-breadcrumbs-content":"","ast-featured-img":"","footer-sml-layout":"","ast-disable-related-posts":"","theme-transparent-header-meta":"","adv-header-id-meta":"","stick-header-meta":"","header-above-stick-meta":"","header-main-stick-meta":"","header-below-stick-meta":"","astra-migrate-meta-layouts":"default","ast-page-background-enabled":"default","ast-page-background-meta":{"desktop":{"background-color":"","background-image":"","background-repeat":"repeat","background-position":"center center","background-size":"auto","background-attachment":"scroll","background-type":"","background-media":"","overlay-type":"","overlay-color":"","overlay-opacity":"","overlay-gradient":""},"tablet":{"background-color":"","background-image":"","background-repeat":"repeat","background-position":"center center","background-size":"auto","background-attachment":"scroll","background-type":"","background-media":"","overlay-type":"","overlay-color":"","overlay-opacity":"","overlay-gradient":""},"mobile":{"background-color":"","background-image":"","background-repeat":"repeat","background-position":"center center","background-size":"auto","background-attachment":"scroll","background-type":"","background-media":"","overlay-type":"","overlay-color":"","overlay-opacity":"","overlay-gradient":""}},"ast-content-background-meta":{"desktop":{"background-color":"var(--ast-global-color-5)","background-image":"","background-repeat":"repeat","background-position":"center center","background-size":"auto","background-attachment":"scroll","background-type":"","background-media":"","overlay-type":"","overlay-color":"","overlay-opacity":"","overlay-gradient":""},"tablet":{"background-color":"var(--ast-global-color-5)","background-image":"","background-repeat":"repeat","background-position":"center center","background-size":"auto","background-attachment":"scroll","background-type":"","background-media":"","overlay-type":"","overlay-color":"","overlay-opacity":"","overlay-gradient":""},"mobile":{"background-color":"var(--ast-global-color-5)","background-image":"","background-repeat":"repeat","background-position":"center center","background-size":"auto","background-attachment":"scroll","background-type":"","background-media":"","overlay-type":"","overlay-color":"","overlay-opacity":"","overlay-gradient":""}},"footnotes":""},"categories":[24],"tags":[27,25,175,97,176],"class_list":["post-7248","post","type-post","status-publish","format-standard","hentry","category-evento","tag-biblioteca","tag-dia-do-bibliotecario","tag-seminario","tag-senado-federal","tag-workshop"],"_links":{"self":[{"href":"https:\/\/crb1.org.br\/site\/wp-json\/wp\/v2\/posts\/7248","targetHints":{"allow":["GET"]}}],"collection":[{"href":"https:\/\/crb1.org.br\/site\/wp-json\/wp\/v2\/posts"}],"about":[{"href":"https:\/\/crb1.org.br\/site\/wp-json\/wp\/v2\/types\/post"}],"author":[{"embeddable":true,"href":"https:\/\/crb1.org.br\/site\/wp-json\/wp\/v2\/users\/1"}],"replies":[{"embeddable":true,"href":"https:\/\/crb1.org.br\/site\/wp-json\/wp\/v2\/comments?post=7248"}],"version-history":[{"count":0,"href":"https:\/\/crb1.org.br\/site\/wp-json\/wp\/v2\/posts\/7248\/revisions"}],"wp:attachment":[{"href":"https:\/\/crb1.org.br\/site\/wp-json\/wp\/v2\/media?parent=7248"}],"wp:term":[{"taxonomy":"category","embeddable":true,"href":"https:\/\/crb1.org.br\/site\/wp-json\/wp\/v2\/categories?post=7248"},{"taxonomy":"post_tag","embeddable":true,"href":"https:\/\/crb1.org.br\/site\/wp-json\/wp\/v2\/tags?post=7248"}],"curies":[{"name":"wp","href":"https:\/\/api.w.org\/{rel}","templated":true}]}}