{"id":7250,"date":"2017-03-13T16:05:14","date_gmt":"2017-03-13T19:05:14","guid":{"rendered":"https:\/\/crb1.org.br\/?p=1409"},"modified":"2017-03-13T16:05:14","modified_gmt":"2017-03-13T19:05:14","slug":"stf-realizou-evento-em-comemoracao-ao-dia-do-bibliotecario","status":"publish","type":"post","link":"https:\/\/crb1.org.br\/site\/2017\/03\/stf-realizou-evento-em-comemoracao-ao-dia-do-bibliotecario\/","title":{"rendered":"STF realizou evento em comemora\u00e7\u00e3o ao Dia do Bibliotec\u00e1rio"},"content":{"rendered":"<p style=\"text-align: center;\"><em>\u201cSaber o que os usu\u00e1rios precisam para que a biblioteca funcione corretamente\u201d<\/em><\/p>\n<p><figure style=\"width: 720px\" class=\"wp-caption aligncenter\"><img fetchpriority=\"high\" decoding=\"async\" class=\"size-full\" src=\"https:\/\/scontent.fbsb2-1.fna.fbcdn.net\/v\/t34.0-12\/17321788_1330556883670790_1965814910_n.jpg?oh=ed58acdca03e4ebc35be073fadc41a5d&amp;oe=58C98F43\" alt=\"Foto - Lyzy Rayla\" width=\"720\" height=\"405\" \/><figcaption class=\"wp-caption-text\">Foto &#8211; Lyzy Rayla<\/figcaption><\/figure><br \/>\nNa tarde da \u00faltima sexta-feira (10), o Conselho Regional de Biblioteconomia 1\u00aa Regi\u00e3o (CRB-1) e os bibliotec\u00e1rios do Distrito Federal participaram do evento comemorativo pelo dia do bibliotec\u00e1rio promovido pelo Supremo Tribunal Federal (STF). O Presidente do Conselho \u2013 Martin Cadillo \u2013 foi um dos convidados a compor a mesa de abertura, juntamente com as doutoras Ana Val\u00e9ria Teixeira (STF) e M\u00f4nica Rizzo (Senado Federal); e o doutor C\u00edcero Rodrigues (STF).<br \/>\nEm uma tarde foram debatidos temas relativos \u00e0 gest\u00e3o do conhecimento e grupos de trabalho, as palestras foram ministradas, respectivamente, por bibliotec\u00e1rias do Tribunal \u2013 Lucylene Rocha e Talita James. Na ocasi\u00e3o Lucylene agradeceu \u00e0 presen\u00e7a de todos e ressaltou a satisfa\u00e7\u00e3o por poder palestrar no primeiro evento organizado pela biblioteca do Supremo em homenagem \u00e0 categoria dos bibliotec\u00e1rios. Talita ministrou sobre a import\u00e2ncia do trabalho em equipe, alegando que os grupos de trabalho tem o poder de mudar \u201ca vida\u201d de um profissional. \u201cBiblioteca n\u00e3o \u00e9 ilha, ent\u00e3o n\u00e3o pode ficar isolada. Assim como o bibliotec\u00e1rio n\u00e3o \u00e9 guardi\u00e3o, mas sim ponte. Facilitador!\u201d, enfatizou a bibliotec\u00e1ria. Ao final das palestras o presidente do CRB-1 levantou uma quest\u00e3o, relativo \u00e0s caracter\u00edsticas necess\u00e1rias ao profissional bibliotec\u00e1rio. De acordo com ele as \u201corganiza\u00e7\u00f5es querem funcion\u00e1rios criativos. Na atual situa\u00e7\u00e3o econ\u00f4mica brasileira, os funcion\u00e1rios que saibam lidar com custos versos benef\u00edcios saem na frente.\u201d, ressaltou Martin. A import\u00e2ncia de contar com uma equipe capacitada, pois a \u00e1rea est\u00e1 sempre mudando e a capacita\u00e7\u00e3o gera melhorias, que atendam \u00e0s necessidades dos usu\u00e1rios foi ponto forte nos debates.<br \/>\nAl\u00e9m das palestras houve momentos de apresenta\u00e7\u00e3o musical, sorteio de brindes e uma recep\u00e7\u00e3o com comes e bebes, para fechar as atividades do dia.<br \/>\n<strong>Saiba Mais:<\/strong><br \/>\nA Biblioteca Ministro Victor Nunes Leal do Tribunal participa da Rede Virtual de Bibliotecas (RVBI), desde 2003 possui a certifica\u00e7\u00e3o ISSO 9001 2000 e em 2004 passou a contar com uma se\u00e7\u00e3o de Biblioteca Digital, ambas as atividades trouxeram mais autonomia e efici\u00eancia ao cotidiano da biblioteca.<\/p>\n<p style=\"text-align: right;\">Lyzy Rayla &#8211; <strong>Ascom CRB-1<\/strong><\/p>\n","protected":false},"excerpt":{"rendered":"<p>\u201cSaber o que os usu\u00e1rios precisam para que a biblioteca funcione corretamente\u201d Na tarde da \u00faltima sexta-feira (10), o Conselho Regional de Biblioteconomia 1\u00aa Regi\u00e3o (CRB-1) e os bibliotec\u00e1rios do Distrito Federal participaram do evento comemorativo pelo dia do bibliotec\u00e1rio promovido pelo Supremo Tribunal Federal (STF). O Presidente do Conselho \u2013 Martin Cadillo \u2013 foi [&hellip;]<\/p>\n","protected":false},"author":1,"featured_media":0,"comment_status":"open","ping_status":"open","sticky":false,"template":"","format":"standard","meta":{"site-sidebar-layout":"default","site-content-layout":"","ast-site-content-layout":"default","site-content-style":"default","site-sidebar-style":"default","ast-global-header-display":"","ast-banner-title-visibility":"","ast-main-header-display":"","ast-hfb-above-header-display":"","ast-hfb-below-header-display":"","ast-hfb-mobile-header-display":"","site-post-title":"","ast-breadcrumbs-content":"","ast-featured-img":"","footer-sml-layout":"","ast-disable-related-posts":"","theme-transparent-header-meta":"","adv-header-id-meta":"","stick-header-meta":"","header-above-stick-meta":"","header-main-stick-meta":"","header-below-stick-meta":"","astra-migrate-meta-layouts":"default","ast-page-background-enabled":"default","ast-page-background-meta":{"desktop":{"background-color":"","background-image":"","background-repeat":"repeat","background-position":"center center","background-size":"auto","background-attachment":"scroll","background-type":"","background-media":"","overlay-type":"","overlay-color":"","overlay-opacity":"","overlay-gradient":""},"tablet":{"background-color":"","background-image":"","background-repeat":"repeat","background-position":"center center","background-size":"auto","background-attachment":"scroll","background-type":"","background-media":"","overlay-type":"","overlay-color":"","overlay-opacity":"","overlay-gradient":""},"mobile":{"background-color":"","background-image":"","background-repeat":"repeat","background-position":"center center","background-size":"auto","background-attachment":"scroll","background-type":"","background-media":"","overlay-type":"","overlay-color":"","overlay-opacity":"","overlay-gradient":""}},"ast-content-background-meta":{"desktop":{"background-color":"var(--ast-global-color-5)","background-image":"","background-repeat":"repeat","background-position":"center center","background-size":"auto","background-attachment":"scroll","background-type":"","background-media":"","overlay-type":"","overlay-color":"","overlay-opacity":"","overlay-gradient":""},"tablet":{"background-color":"var(--ast-global-color-5)","background-image":"","background-repeat":"repeat","background-position":"center center","background-size":"auto","background-attachment":"scroll","background-type":"","background-media":"","overlay-type":"","overlay-color":"","overlay-opacity":"","overlay-gradient":""},"mobile":{"background-color":"var(--ast-global-color-5)","background-image":"","background-repeat":"repeat","background-position":"center center","background-size":"auto","background-attachment":"scroll","background-type":"","background-media":"","overlay-type":"","overlay-color":"","overlay-opacity":"","overlay-gradient":""}},"footnotes":""},"categories":[24],"tags":[25,149,177],"class_list":["post-7250","post","type-post","status-publish","format-standard","hentry","category-evento","tag-dia-do-bibliotecario","tag-stf","tag-tribunal-federal"],"_links":{"self":[{"href":"https:\/\/crb1.org.br\/site\/wp-json\/wp\/v2\/posts\/7250","targetHints":{"allow":["GET"]}}],"collection":[{"href":"https:\/\/crb1.org.br\/site\/wp-json\/wp\/v2\/posts"}],"about":[{"href":"https:\/\/crb1.org.br\/site\/wp-json\/wp\/v2\/types\/post"}],"author":[{"embeddable":true,"href":"https:\/\/crb1.org.br\/site\/wp-json\/wp\/v2\/users\/1"}],"replies":[{"embeddable":true,"href":"https:\/\/crb1.org.br\/site\/wp-json\/wp\/v2\/comments?post=7250"}],"version-history":[{"count":0,"href":"https:\/\/crb1.org.br\/site\/wp-json\/wp\/v2\/posts\/7250\/revisions"}],"wp:attachment":[{"href":"https:\/\/crb1.org.br\/site\/wp-json\/wp\/v2\/media?parent=7250"}],"wp:term":[{"taxonomy":"category","embeddable":true,"href":"https:\/\/crb1.org.br\/site\/wp-json\/wp\/v2\/categories?post=7250"},{"taxonomy":"post_tag","embeddable":true,"href":"https:\/\/crb1.org.br\/site\/wp-json\/wp\/v2\/tags?post=7250"}],"curies":[{"name":"wp","href":"https:\/\/api.w.org\/{rel}","templated":true}]}}