{"id":7252,"date":"2017-03-16T16:29:35","date_gmt":"2017-03-16T19:29:35","guid":{"rendered":"https:\/\/crb1.org.br\/?p=1413"},"modified":"2017-03-16T16:29:35","modified_gmt":"2017-03-16T19:29:35","slug":"comemoracao-pelo-dia-do-bibliotecario-em-goiania","status":"publish","type":"post","link":"https:\/\/crb1.org.br\/site\/2017\/03\/comemoracao-pelo-dia-do-bibliotecario-em-goiania\/","title":{"rendered":"Comemora\u00e7\u00e3o pelo Dia do Bibliotec\u00e1rio em Goi\u00e2nia"},"content":{"rendered":"<p><img fetchpriority=\"high\" decoding=\"async\" class=\"alignnone size-full\" src=\"https:\/\/scontent.fbsb2-1.fna.fbcdn.net\/v\/t1.0-9\/17361828_1196672523782459_330938361631174897_n.jpg?oh=764866dba06face492b7c339f3769f73&amp;oe=596C65CD\" alt=\"\" width=\"960\" height=\"720\" \/><br \/>\nA Associa\u00e7\u00e3o dos Bibliotec\u00e1rios de Goi\u00e1s em parceria com o CRB-1 e diversas outras institui\u00e7\u00f5es realizou no dia 12 de mar\u00e7o evento em comemora\u00e7\u00e3o pelo dia do bibliotec\u00e1rio para todos os profissionais, estudantes, professores do Estado de Goi\u00e1s. A conselheira do CRB-1 \u2013Morgana Guimar\u00e3es \u2013 realizou o cerimonial.<br \/>\nO evento promoveu a palestra \u201cBiblioteconomia Social\u201d ministrada pelo bibliotec\u00e1rio da C\u00e2mara dos Deputados \u2013 Raphael da Silva e os workshops \u201cTecnologia da Informa\u00e7\u00e3o e Comunica\u00e7\u00e3o\u201d com a instrutora Bianca Amaro de Melo &#8211; Coordenadora do Laborat\u00f3rio de Metodologias de Tratamento e Dissemina\u00e7\u00e3o da Informa\u00e7\u00e3o \u2013 IBICT e \u201cMarketing em Biblioteca&#8221; com a instrutora Jakeline Mendon\u00e7a &#8211; Bibliotec\u00e1ria da Confedera\u00e7\u00e3o Nacional da Ind\u00fastria.<br \/>\nNa oportunidade foi agraciada com a Medalha Rubens Borba de Moraes \u2013 honra ao m\u00e9rito bibliotec\u00e1rio 2017 \u2013 a bibliotec\u00e1ria Maria Silv\u00e9rio da Silva Siqueira\u00a0CRB-1\/2330. Foram realizadas outras atividades durante todo o dia e a noite e, ao final, os participantes receberam certificado.<\/p>\n<p style=\"text-align: right;\">Ascom CRB-1<\/p>\n","protected":false},"excerpt":{"rendered":"<p>A Associa\u00e7\u00e3o dos Bibliotec\u00e1rios de Goi\u00e1s em parceria com o CRB-1 e diversas outras institui\u00e7\u00f5es realizou no dia 12 de mar\u00e7o evento em comemora\u00e7\u00e3o pelo dia do bibliotec\u00e1rio para todos os profissionais, estudantes, professores do Estado de Goi\u00e1s. A conselheira do CRB-1 \u2013Morgana Guimar\u00e3es \u2013 realizou o cerimonial. O evento promoveu a palestra \u201cBiblioteconomia Social\u201d [&hellip;]<\/p>\n","protected":false},"author":1,"featured_media":0,"comment_status":"open","ping_status":"open","sticky":false,"template":"","format":"standard","meta":{"site-sidebar-layout":"default","site-content-layout":"","ast-site-content-layout":"default","site-content-style":"default","site-sidebar-style":"default","ast-global-header-display":"","ast-banner-title-visibility":"","ast-main-header-display":"","ast-hfb-above-header-display":"","ast-hfb-below-header-display":"","ast-hfb-mobile-header-display":"","site-post-title":"","ast-breadcrumbs-content":"","ast-featured-img":"","footer-sml-layout":"","ast-disable-related-posts":"","theme-transparent-header-meta":"","adv-header-id-meta":"","stick-header-meta":"","header-above-stick-meta":"","header-main-stick-meta":"","header-below-stick-meta":"","astra-migrate-meta-layouts":"default","ast-page-background-enabled":"default","ast-page-background-meta":{"desktop":{"background-color":"","background-image":"","background-repeat":"repeat","background-position":"center center","background-size":"auto","background-attachment":"scroll","background-type":"","background-media":"","overlay-type":"","overlay-color":"","overlay-opacity":"","overlay-gradient":""},"tablet":{"background-color":"","background-image":"","background-repeat":"repeat","background-position":"center center","background-size":"auto","background-attachment":"scroll","background-type":"","background-media":"","overlay-type":"","overlay-color":"","overlay-opacity":"","overlay-gradient":""},"mobile":{"background-color":"","background-image":"","background-repeat":"repeat","background-position":"center center","background-size":"auto","background-attachment":"scroll","background-type":"","background-media":"","overlay-type":"","overlay-color":"","overlay-opacity":"","overlay-gradient":""}},"ast-content-background-meta":{"desktop":{"background-color":"var(--ast-global-color-5)","background-image":"","background-repeat":"repeat","background-position":"center center","background-size":"auto","background-attachment":"scroll","background-type":"","background-media":"","overlay-type":"","overlay-color":"","overlay-opacity":"","overlay-gradient":""},"tablet":{"background-color":"var(--ast-global-color-5)","background-image":"","background-repeat":"repeat","background-position":"center center","background-size":"auto","background-attachment":"scroll","background-type":"","background-media":"","overlay-type":"","overlay-color":"","overlay-opacity":"","overlay-gradient":""},"mobile":{"background-color":"var(--ast-global-color-5)","background-image":"","background-repeat":"repeat","background-position":"center center","background-size":"auto","background-attachment":"scroll","background-type":"","background-media":"","overlay-type":"","overlay-color":"","overlay-opacity":"","overlay-gradient":""}},"footnotes":""},"categories":[24],"tags":[180,181,25,182,176],"class_list":["post-7252","post","type-post","status-publish","format-standard","hentry","category-evento","tag-abg","tag-biblioteconomia-social","tag-dia-do-bibliotecario","tag-goiania","tag-workshop"],"_links":{"self":[{"href":"https:\/\/crb1.org.br\/site\/wp-json\/wp\/v2\/posts\/7252","targetHints":{"allow":["GET"]}}],"collection":[{"href":"https:\/\/crb1.org.br\/site\/wp-json\/wp\/v2\/posts"}],"about":[{"href":"https:\/\/crb1.org.br\/site\/wp-json\/wp\/v2\/types\/post"}],"author":[{"embeddable":true,"href":"https:\/\/crb1.org.br\/site\/wp-json\/wp\/v2\/users\/1"}],"replies":[{"embeddable":true,"href":"https:\/\/crb1.org.br\/site\/wp-json\/wp\/v2\/comments?post=7252"}],"version-history":[{"count":0,"href":"https:\/\/crb1.org.br\/site\/wp-json\/wp\/v2\/posts\/7252\/revisions"}],"wp:attachment":[{"href":"https:\/\/crb1.org.br\/site\/wp-json\/wp\/v2\/media?parent=7252"}],"wp:term":[{"taxonomy":"category","embeddable":true,"href":"https:\/\/crb1.org.br\/site\/wp-json\/wp\/v2\/categories?post=7252"},{"taxonomy":"post_tag","embeddable":true,"href":"https:\/\/crb1.org.br\/site\/wp-json\/wp\/v2\/tags?post=7252"}],"curies":[{"name":"wp","href":"https:\/\/api.w.org\/{rel}","templated":true}]}}