{"id":7254,"date":"2017-03-20T12:11:46","date_gmt":"2017-03-20T15:11:46","guid":{"rendered":"https:\/\/crb1.org.br\/?p=1426"},"modified":"2017-03-20T12:11:46","modified_gmt":"2017-03-20T15:11:46","slug":"bibliotecarios-de-ms-realizam-evento-sobre-a-importancia-da-biblioteca","status":"publish","type":"post","link":"https:\/\/crb1.org.br\/site\/2017\/03\/bibliotecarios-de-ms-realizam-evento-sobre-a-importancia-da-biblioteca\/","title":{"rendered":"Bibliotec\u00e1rios de MS realizam evento sobre a import\u00e2ncia da Biblioteca"},"content":{"rendered":"<p><figure style=\"width: 735px\" class=\"wp-caption aligncenter\"><img fetchpriority=\"high\" decoding=\"async\" class=\"\" src=\"https:\/\/scontent.fbsb2-1.fna.fbcdn.net\/v\/t1.0-9\/17362559_1488232334521508_6430294623119285486_n.jpg?oh=116b23ec22c06490bf086fd37183c4f5&amp;oe=59256D3E\" alt=\"(Foto - APBMS\/Facebook)\" width=\"735\" height=\"490\" \/><figcaption class=\"wp-caption-text\">(Foto &#8211; APBMS\/Facebook)<\/figcaption><\/figure><br \/>\nO dia do bibliotec\u00e1rio no Estado de Mato Grosso do Sul, realizado no dia 18 de mar\u00e7o de 2017, na Biblioteca P\u00fablica Municipal &#8211; Anna Luiza Prado Bastos, Campo Grande, versou sobre &#8220;A\u00a0import\u00e2ncia\u00a0da\u00a0biblioteca, da leitura e informa\u00e7\u00e3o na constru\u00e7\u00e3o da cidadania&#8221;.<br \/>\n<figure style=\"width: 367px\" class=\"wp-caption alignleft\"><img decoding=\"async\" class=\"\" src=\"https:\/\/scontent.fbsb2-1.fna.fbcdn.net\/v\/t1.0-9\/17424885_1488294404515301_8068736729596235195_n.png?oh=d096fa2d6fec6caf3df6dd27ebdfd056&amp;oe=596CC8CD\" alt=\"(Foto - APBMS\/Facebook)\" width=\"367\" height=\"206\" \/><figcaption class=\"wp-caption-text\">(Foto &#8211; APBMS\/Facebook)<\/figcaption><\/figure><br \/>\nO evento buscou o\u00a0Dia do Bibliotec\u00e1rio 2017\u00a0e ao mesmo tempo promover o di\u00e1logo e a troca de saberes entre os diversos atores da sociedade, da educa\u00e7\u00e3o, bibliotec\u00e1rios, professores, t\u00e9cnicos em biblioteconomia,\u00a0estudantes e comunidade a respeito da Biblioteconomia Social. Tamb\u00e9m como forma de divulga\u00e7\u00e3o da profiss\u00e3o\u00a0e a inser\u00e7\u00e3o desse profissional nos diversos espa\u00e7os e possibilidades de atua\u00e7\u00e3o no mercado de trabalho, bem como na transforma\u00e7\u00e3o de contextos, e na constante luta para a diminui\u00e7\u00e3o da exclus\u00e3o social, informacional por meio do acesso as letras, leitura e educa\u00e7\u00e3o de qualidade.<br \/>\nAs palestras foram ministradas pela Doutora Elismar Bertoluci (Lora Bertoluci) do Instituto Federal de Mato Grosso do Sul &#8211; Campus Aquidauana e pela Professora Shirley Vilhalva do Centro de Capacita\u00e7\u00e3o de Profissionais da Educa\u00e7\u00e3o e Atendimento \u00e0s Pessoas Surdas, CAS\/SED\/MS. Em seguida foi realizada a entrega da Medalha Rubens Borba de Moraes 2017 \u00e0 Bibliotec\u00e1ria\u00a0Marlene Lurdes Golin Zanin.<br \/>\nO evento contou tamb\u00e9m com atra\u00e7\u00f5es culturais, homenagens e um coffee break. Os participantes receber\u00e3o seus certificados de participa\u00e7\u00e3o no evento a partir do dia 30 de mar\u00e7o, pelo <a href=\"https:\/\/www.doity.com.br\/dia-do-bibliotecario-2017\">site<\/a>. Emitidos apenas aos inscritos por meio do site e mediante a confirma\u00e7\u00e3o em\u00a0lista de presen\u00e7a assinada no dia do evento.<\/p>\n<p style=\"text-align: right;\">Ascom CRB-1<\/p>\n","protected":false},"excerpt":{"rendered":"<p>O dia do bibliotec\u00e1rio no Estado de Mato Grosso do Sul, realizado no dia 18 de mar\u00e7o de 2017, na Biblioteca P\u00fablica Municipal &#8211; Anna Luiza Prado Bastos, Campo Grande, versou sobre &#8220;A\u00a0import\u00e2ncia\u00a0da\u00a0biblioteca, da leitura e informa\u00e7\u00e3o na constru\u00e7\u00e3o da cidadania&#8221;. O evento buscou o\u00a0Dia do Bibliotec\u00e1rio 2017\u00a0e ao mesmo tempo promover o di\u00e1logo e [&hellip;]<\/p>\n","protected":false},"author":1,"featured_media":0,"comment_status":"open","ping_status":"open","sticky":false,"template":"","format":"standard","meta":{"site-sidebar-layout":"default","site-content-layout":"","ast-site-content-layout":"default","site-content-style":"default","site-sidebar-style":"default","ast-global-header-display":"","ast-banner-title-visibility":"","ast-main-header-display":"","ast-hfb-above-header-display":"","ast-hfb-below-header-display":"","ast-hfb-mobile-header-display":"","site-post-title":"","ast-breadcrumbs-content":"","ast-featured-img":"","footer-sml-layout":"","ast-disable-related-posts":"","theme-transparent-header-meta":"","adv-header-id-meta":"","stick-header-meta":"","header-above-stick-meta":"","header-main-stick-meta":"","header-below-stick-meta":"","astra-migrate-meta-layouts":"default","ast-page-background-enabled":"default","ast-page-background-meta":{"desktop":{"background-color":"","background-image":"","background-repeat":"repeat","background-position":"center center","background-size":"auto","background-attachment":"scroll","background-type":"","background-media":"","overlay-type":"","overlay-color":"","overlay-opacity":"","overlay-gradient":""},"tablet":{"background-color":"","background-image":"","background-repeat":"repeat","background-position":"center center","background-size":"auto","background-attachment":"scroll","background-type":"","background-media":"","overlay-type":"","overlay-color":"","overlay-opacity":"","overlay-gradient":""},"mobile":{"background-color":"","background-image":"","background-repeat":"repeat","background-position":"center center","background-size":"auto","background-attachment":"scroll","background-type":"","background-media":"","overlay-type":"","overlay-color":"","overlay-opacity":"","overlay-gradient":""}},"ast-content-background-meta":{"desktop":{"background-color":"var(--ast-global-color-5)","background-image":"","background-repeat":"repeat","background-position":"center center","background-size":"auto","background-attachment":"scroll","background-type":"","background-media":"","overlay-type":"","overlay-color":"","overlay-opacity":"","overlay-gradient":""},"tablet":{"background-color":"var(--ast-global-color-5)","background-image":"","background-repeat":"repeat","background-position":"center center","background-size":"auto","background-attachment":"scroll","background-type":"","background-media":"","overlay-type":"","overlay-color":"","overlay-opacity":"","overlay-gradient":""},"mobile":{"background-color":"var(--ast-global-color-5)","background-image":"","background-repeat":"repeat","background-position":"center center","background-size":"auto","background-attachment":"scroll","background-type":"","background-media":"","overlay-type":"","overlay-color":"","overlay-opacity":"","overlay-gradient":""}},"footnotes":""},"categories":[24],"tags":[183,25,126,184],"class_list":["post-7254","post","type-post","status-publish","format-standard","hentry","category-evento","tag-biblioetca","tag-dia-do-bibliotecario","tag-mato-grosso-do-sul","tag-ms"],"_links":{"self":[{"href":"https:\/\/crb1.org.br\/site\/wp-json\/wp\/v2\/posts\/7254","targetHints":{"allow":["GET"]}}],"collection":[{"href":"https:\/\/crb1.org.br\/site\/wp-json\/wp\/v2\/posts"}],"about":[{"href":"https:\/\/crb1.org.br\/site\/wp-json\/wp\/v2\/types\/post"}],"author":[{"embeddable":true,"href":"https:\/\/crb1.org.br\/site\/wp-json\/wp\/v2\/users\/1"}],"replies":[{"embeddable":true,"href":"https:\/\/crb1.org.br\/site\/wp-json\/wp\/v2\/comments?post=7254"}],"version-history":[{"count":0,"href":"https:\/\/crb1.org.br\/site\/wp-json\/wp\/v2\/posts\/7254\/revisions"}],"wp:attachment":[{"href":"https:\/\/crb1.org.br\/site\/wp-json\/wp\/v2\/media?parent=7254"}],"wp:term":[{"taxonomy":"category","embeddable":true,"href":"https:\/\/crb1.org.br\/site\/wp-json\/wp\/v2\/categories?post=7254"},{"taxonomy":"post_tag","embeddable":true,"href":"https:\/\/crb1.org.br\/site\/wp-json\/wp\/v2\/tags?post=7254"}],"curies":[{"name":"wp","href":"https:\/\/api.w.org\/{rel}","templated":true}]}}