{"id":7265,"date":"2017-04-19T09:00:57","date_gmt":"2017-04-19T12:00:57","guid":{"rendered":"https:\/\/crb1.org.br\/?p=1479"},"modified":"2017-04-19T09:00:57","modified_gmt":"2017-04-19T12:00:57","slug":"novos-conselheiros-da-17a-gestao-tomam-posse","status":"publish","type":"post","link":"https:\/\/crb1.org.br\/site\/2017\/04\/novos-conselheiros-da-17a-gestao-tomam-posse\/","title":{"rendered":"Novos Conselheiros da 17\u00aa gest\u00e3o tomam posse"},"content":{"rendered":"<p><figure id=\"attachment_1480\" aria-describedby=\"caption-attachment-1480\" style=\"width: 738px\" class=\"wp-caption aligncenter\"><a href=\"Reuni\u00e3o de Diretoria da 17\u00aa Gest\u00e3o. Foto - Lyzy Rayla\"><img fetchpriority=\"high\" decoding=\"async\" class=\"wp-image-1480\" src=\"https:\/\/novocrb1.ultramidia.com.br\/wp-content\/uploads\/2017\/04\/18049470_1369130213146790_1292123960_o.jpg\" alt=\"18049470_1369130213146790_1292123960_o\" width=\"738\" height=\"415\" \/><\/a><figcaption id=\"caption-attachment-1480\" class=\"wp-caption-text\">Reuni\u00e3o de Diretoria da 17\u00aa Gest\u00e3o do CRB-1. Foto &#8211; Lyzy Rayla.<\/figcaption><\/figure><br \/>\nNa tarde da \u00faltima ter\u00e7a-feira (18), o Presidente do Conselho Regional de Biblioteconomia da 1\u00aa Regi\u00e3o (CRB-1) &#8211; Martin Cadillo CRB1\/1496 &#8211; deu posse aos novos conselheiros da 17\u00aa Gest\u00e3o.<br \/>\nA elei\u00e7\u00e3o complementar foi realizada na sede do Conselho, em Bras\u00edlia, e elegeu os candidatos Adelaide Ramos e C\u00f4rte CRB1\/423, F\u00e1bio Lima Cordeiro CRB1\/1763 e Maria Ivana Ferreira CRB1\/1556. A cerim\u00f4nia de posse teve in\u00edcio \u00e0s 17 h em reuni\u00e3o de Diretoria, tamb\u00e9m na sede.<\/p>\n<p style=\"text-align: right;\">Ascom CRB-1<\/p>\n","protected":false},"excerpt":{"rendered":"<p>Na tarde da \u00faltima ter\u00e7a-feira (18), o Presidente do Conselho Regional de Biblioteconomia da 1\u00aa Regi\u00e3o (CRB-1) &#8211; Martin Cadillo CRB1\/1496 &#8211; deu posse aos novos conselheiros da 17\u00aa Gest\u00e3o. A elei\u00e7\u00e3o complementar foi realizada na sede do Conselho, em Bras\u00edlia, e elegeu os candidatos Adelaide Ramos e C\u00f4rte CRB1\/423, F\u00e1bio Lima Cordeiro CRB1\/1763 e [&hellip;]<\/p>\n","protected":false},"author":1,"featured_media":0,"comment_status":"open","ping_status":"open","sticky":false,"template":"","format":"standard","meta":{"site-sidebar-layout":"default","site-content-layout":"","ast-site-content-layout":"default","site-content-style":"default","site-sidebar-style":"default","ast-global-header-display":"","ast-banner-title-visibility":"","ast-main-header-display":"","ast-hfb-above-header-display":"","ast-hfb-below-header-display":"","ast-hfb-mobile-header-display":"","site-post-title":"","ast-breadcrumbs-content":"","ast-featured-img":"","footer-sml-layout":"","ast-disable-related-posts":"","theme-transparent-header-meta":"","adv-header-id-meta":"","stick-header-meta":"","header-above-stick-meta":"","header-main-stick-meta":"","header-below-stick-meta":"","astra-migrate-meta-layouts":"default","ast-page-background-enabled":"default","ast-page-background-meta":{"desktop":{"background-color":"","background-image":"","background-repeat":"repeat","background-position":"center center","background-size":"auto","background-attachment":"scroll","background-type":"","background-media":"","overlay-type":"","overlay-color":"","overlay-opacity":"","overlay-gradient":""},"tablet":{"background-color":"","background-image":"","background-repeat":"repeat","background-position":"center center","background-size":"auto","background-attachment":"scroll","background-type":"","background-media":"","overlay-type":"","overlay-color":"","overlay-opacity":"","overlay-gradient":""},"mobile":{"background-color":"","background-image":"","background-repeat":"repeat","background-position":"center center","background-size":"auto","background-attachment":"scroll","background-type":"","background-media":"","overlay-type":"","overlay-color":"","overlay-opacity":"","overlay-gradient":""}},"ast-content-background-meta":{"desktop":{"background-color":"var(--ast-global-color-5)","background-image":"","background-repeat":"repeat","background-position":"center center","background-size":"auto","background-attachment":"scroll","background-type":"","background-media":"","overlay-type":"","overlay-color":"","overlay-opacity":"","overlay-gradient":""},"tablet":{"background-color":"var(--ast-global-color-5)","background-image":"","background-repeat":"repeat","background-position":"center center","background-size":"auto","background-attachment":"scroll","background-type":"","background-media":"","overlay-type":"","overlay-color":"","overlay-opacity":"","overlay-gradient":""},"mobile":{"background-color":"var(--ast-global-color-5)","background-image":"","background-repeat":"repeat","background-position":"center center","background-size":"auto","background-attachment":"scroll","background-type":"","background-media":"","overlay-type":"","overlay-color":"","overlay-opacity":"","overlay-gradient":""}},"footnotes":""},"categories":[1],"tags":[62,211,213],"class_list":["post-7265","post","type-post","status-publish","format-standard","hentry","category-noticias","tag-crb1","tag-eleicao-complementar","tag-xvii-gestao"],"_links":{"self":[{"href":"https:\/\/crb1.org.br\/site\/wp-json\/wp\/v2\/posts\/7265","targetHints":{"allow":["GET"]}}],"collection":[{"href":"https:\/\/crb1.org.br\/site\/wp-json\/wp\/v2\/posts"}],"about":[{"href":"https:\/\/crb1.org.br\/site\/wp-json\/wp\/v2\/types\/post"}],"author":[{"embeddable":true,"href":"https:\/\/crb1.org.br\/site\/wp-json\/wp\/v2\/users\/1"}],"replies":[{"embeddable":true,"href":"https:\/\/crb1.org.br\/site\/wp-json\/wp\/v2\/comments?post=7265"}],"version-history":[{"count":0,"href":"https:\/\/crb1.org.br\/site\/wp-json\/wp\/v2\/posts\/7265\/revisions"}],"wp:attachment":[{"href":"https:\/\/crb1.org.br\/site\/wp-json\/wp\/v2\/media?parent=7265"}],"wp:term":[{"taxonomy":"category","embeddable":true,"href":"https:\/\/crb1.org.br\/site\/wp-json\/wp\/v2\/categories?post=7265"},{"taxonomy":"post_tag","embeddable":true,"href":"https:\/\/crb1.org.br\/site\/wp-json\/wp\/v2\/tags?post=7265"}],"curies":[{"name":"wp","href":"https:\/\/api.w.org\/{rel}","templated":true}]}}