{"id":7280,"date":"2017-05-29T10:38:13","date_gmt":"2017-05-29T13:38:13","guid":{"rendered":"https:\/\/crb1.org.br\/?p=1555"},"modified":"2017-05-29T10:38:13","modified_gmt":"2017-05-29T13:38:13","slug":"conheca-cinco-bibliotecas-do-plano-piloto-que-valem-a-visita","status":"publish","type":"post","link":"https:\/\/crb1.org.br\/site\/2017\/05\/conheca-cinco-bibliotecas-do-plano-piloto-que-valem-a-visita\/","title":{"rendered":"Conhe\u00e7a cinco bibliotecas do Plano Piloto que valem a visita"},"content":{"rendered":"<section id=\"header_post\">\n<div class=\"wrap\">\n<div class=\"breadcrumbs\">\n<div class=\"wrap img_sup\">\n<p style=\"text-align: left;\">Saiba quais s\u00e3o e como funcionam os espa\u00e7os liter\u00e1rios que deram certo na capital. O <strong>Metr\u00f3poles<\/strong>, baseado no acervo, conforto e espa\u00e7o, indica cinco bibliotecas localizadas em espa\u00e7os privados que valem a visita:<\/p>\n<\/div>\n<\/div>\n<\/div>\n<\/section>\n<section id=\"body_post\" class=\"wrap entry-content \"><img fetchpriority=\"high\" decoding=\"async\" class=\"aligncenter size-full wp-image-350666\" src=\"http:\/\/uploads.metropoles.com\/wp-content\/uploads\/2017\/05\/26120645\/biblioteca_banco_brasil_Sergio_Kremer_302.jpg\" sizes=\"(max-width: 1000px) 100vw, 1000px\" srcset=\"http:\/\/uploads.metropoles.com\/wp-content\/uploads\/2017\/05\/26120645\/biblioteca_banco_brasil_Sergio_Kremer_302.jpg 1000w, http:\/\/uploads.metropoles.com\/wp-content\/uploads\/2017\/05\/26120645\/biblioteca_banco_brasil_Sergio_Kremer_302-300x200.jpg 300w, http:\/\/uploads.metropoles.com\/wp-content\/uploads\/2017\/05\/26120645\/biblioteca_banco_brasil_Sergio_Kremer_302-212x142.jpg 212w\" alt=\"Sergio Kremer\/Divulga\u00e7\u00e3o\" width=\"1000\" height=\"667\" \/><span class=\"leg\">SERGIO KREMER\/DIVULGA\u00c7\u00c3O<\/span><strong>1 \u2013 Biblioteca Banco do Brasil &#8211; BB Gepes, no Edif\u00edcio Bras\u00edlia 50<\/strong><br \/>\nCom mais de 40 mil livros dispon\u00edveis, a Biblioteca do Banco do Brasil &#8211; BB Gepes &#8211; encontra-se no Edif\u00edcio Bras\u00edlia 50 (702\/902 Sul, bloco C). O acervo conta com exemplares em diversas \u00e1reas do conhecimento. Al\u00e9m disso, o espa\u00e7o, aberto ao p\u00fablico, conta com salas para estudos em grupo e mesas individuais com tomadas para equipamentos eletr\u00f4nicos. O Empr\u00e9stimo de materiais \u00e9 restrito a funcion\u00e1rios do Banco. A biblioteca funciona de segunda a sexta, das 8h \u00e0s 19h, e ainda n\u00e3o possui rede wi-fi.<br \/>\n<img decoding=\"async\" class=\"aligncenter size-full wp-image-350848\" src=\"http:\/\/uploads.metropoles.com\/wp-content\/uploads\/2017\/05\/26143804\/biblioteca-central-UnB.jpg\" sizes=\"(max-width: 1000px) 100vw, 1000px\" srcset=\"http:\/\/uploads.metropoles.com\/wp-content\/uploads\/2017\/05\/26143804\/biblioteca-central-UnB.jpg 1000w, http:\/\/uploads.metropoles.com\/wp-content\/uploads\/2017\/05\/26143804\/biblioteca-central-UnB-300x200.jpg 300w, http:\/\/uploads.metropoles.com\/wp-content\/uploads\/2017\/05\/26143804\/biblioteca-central-UnB-212x142.jpg 212w\" alt=\"Felipe Menezes\/Metr\u00f3poles\" width=\"1000\" height=\"667\" \/><span class=\"leg\">FELIPE MENEZES\/METR\u00d3POLES<\/span><strong>2 \u2013 Biblioteca Central, na Universidade de Bras\u00edlia<br \/>\n<\/strong>A hist\u00f3ria da Biblioteca Central de Estudantes (BCE), da Universidade de Bras\u00edlia (UnB), confunde-se com a hist\u00f3ria da cidade. Inaugurada em 1962 dentro do Minist\u00e9rio da Sa\u00fade, onde funcionou o primeiro campus, a institui\u00e7\u00e3o sofreu com a chegada da ditadura militar por ser considerada centro de subvers\u00e3o e s\u00f3 ganhou pr\u00e9dio pr\u00f3prio em 1973.<br \/>\nO espa\u00e7o, com\u00a0arquitetura desenhada por Oscar Niemeyer, possui cinco ambientes, com mesas para estudo em grupo e\u00a0carteiras individuais. H\u00e1 tamb\u00e9m cabines fechadas, sala de inform\u00e1tica, cantina e copiadora dentro do local.<br \/>\nAtualmente, o\u00a0acervo da Biblioteca Centra \u00e9 composto por aproximadamente 1,5 milh\u00e3o de volumes, entre livros, peri\u00f3dicos e outros. O empr\u00e9stimo \u00e9 permitido somente aos alunos e a funcion\u00e1rios da institui\u00e7\u00e3o, mas pode-se ter acesso ao material e l\u00ea-lo dentro do espa\u00e7o.<br \/>\nNo hall h\u00e1 uma estante com as \u00faltimas obras adquiridas pela BCE. O local funciona\u00a0de segunda \u00e0 sexta, das 7h \u00e0s 23h45, e aos s\u00e1bados, domingos e feriados das 8h \u00e0s 17h45.<br \/>\n<img decoding=\"async\" class=\"aligncenter size-full wp-image-350873\" src=\"http:\/\/uploads.metropoles.com\/wp-content\/uploads\/2017\/05\/26145727\/biblioteca-lbv-Ala-dos-Estudantes_cr%C3%A9dito_Jos%C3%A9-Gon%C3%A7alo-1024x683.jpg\" sizes=\"(max-width: 1000px) 100vw, 1000px\" srcset=\"http:\/\/uploads.metropoles.com\/wp-content\/uploads\/2017\/05\/26145727\/biblioteca-lbv-Ala-dos-Estudantes_cr%C3%A9dito_Jos%C3%A9-Gon%C3%A7alo-1024x683.jpg 1000w, http:\/\/uploads.metropoles.com\/wp-content\/uploads\/2017\/05\/26145727\/biblioteca-lbv-Ala-dos-Estudantes_cr%C3%A9dito_Jos%C3%A9-Gon%C3%A7alo-1024x683-300x200.jpg 300w, http:\/\/uploads.metropoles.com\/wp-content\/uploads\/2017\/05\/26145727\/biblioteca-lbv-Ala-dos-Estudantes_cr%C3%A9dito_Jos%C3%A9-Gon%C3%A7alo-1024x683-212x142.jpg 212w\" alt=\"Divulga\u00e7\u00e3o\/Jos\u00e9 Gon\u00e7alo\" width=\"1000\" height=\"667\" \/><span class=\"leg\">DIVULGA\u00c7\u00c3O\/JOS\u00c9 GON\u00c7ALO<\/span><strong>3 \u2013 Ala dos Estudantes,\u00a0na LBV<br \/>\n<\/strong>O Templo Legi\u00e3o da Boa Vontade (LBV) possui um espa\u00e7o destinado a leitores. A Ala dos Estudantes, localizada no ParlaMundi da LBV (915 Sul, ao lado do Cemit\u00e9rio Campo da\u00a0Esperan\u00e7a), tem espa\u00e7o para 100 mil pessoas e conta com mais de 20 mil t\u00edtulos.<br \/>\nO ambiente tem\u00a0lanchonete e restaurante. O empr\u00e9stimo de livros \u00e9 liberado ao p\u00fablico. O espa\u00e7o funciona de segunda a sexta, das 9h \u00e0s 21h.<br \/>\n<img loading=\"lazy\" decoding=\"async\" class=\"aligncenter size-full wp-image-350877\" src=\"http:\/\/uploads.metropoles.com\/wp-content\/uploads\/2017\/05\/26150301\/biblioteca-uniceub.jpg\" sizes=\"(max-width: 1000px) 100vw, 1000px\" srcset=\"http:\/\/uploads.metropoles.com\/wp-content\/uploads\/2017\/05\/26150301\/biblioteca-uniceub.jpg 1000w, http:\/\/uploads.metropoles.com\/wp-content\/uploads\/2017\/05\/26150301\/biblioteca-uniceub-300x200.jpg 300w, http:\/\/uploads.metropoles.com\/wp-content\/uploads\/2017\/05\/26150301\/biblioteca-uniceub-212x142.jpg 212w\" alt=\"Divulga\u00e7\u00e3o\" width=\"1000\" height=\"666\" \/><span class=\"leg\">DIVULGA\u00c7\u00c3O<\/span><strong>4 \u2013 Biblioteca do UniCeub<br \/>\n<\/strong>Inaugurada em 1979, a Biblioteca Reitor Jo\u00e3o Herculino (707\/907 Norte) ganhou pr\u00e9dio pr\u00f3prio em 2003 e se tornou uma das principais refer\u00eancias no DF. Com \u00e1rea de 6,3 mil metros quadrados distribu\u00eddos em tr\u00eas andares, a institui\u00e7\u00e3o possui 240 mil livros, mais de 8 mil t\u00edtulos de peri\u00f3dicos eletr\u00f4nicos internacionais e outros acervos em suporte convencional e eletr\u00f4nico.<br \/>\nO ambiente disp\u00f5e de\u00a0\u00e1rea para estudos, sala de inform\u00e1tica, caf\u00e9, \u00e1rea para eventos culturais e at\u00e9 mesmo um museu de geologia.<br \/>\nO material da\u00a0biblioteca s\u00f3 \u00e9 emprestado a alunos e funcion\u00e1rios da institui\u00e7\u00e3o. O espa\u00e7o funciona de segunda a sexta, das 7h \u00e0s 23h, e s\u00e1bados e domingos, das 8h \u00e0s 18h.<br \/>\n<img loading=\"lazy\" decoding=\"async\" class=\"aligncenter size-full wp-image-350757\" src=\"http:\/\/uploads.metropoles.com\/wp-content\/uploads\/2017\/05\/26141734\/biblioteca-instituto-cervantes.jpg\" sizes=\"(max-width: 1000px) 100vw, 1000px\" srcset=\"http:\/\/uploads.metropoles.com\/wp-content\/uploads\/2017\/05\/26141734\/biblioteca-instituto-cervantes.jpg 1000w, http:\/\/uploads.metropoles.com\/wp-content\/uploads\/2017\/05\/26141734\/biblioteca-instituto-cervantes-300x225.jpg 300w, http:\/\/uploads.metropoles.com\/wp-content\/uploads\/2017\/05\/26141734\/biblioteca-instituto-cervantes-472x354.jpg 472w\" alt=\"Divulga\u00e7\u00e3o\" width=\"1000\" height=\"750\" \/><span class=\"leg\">DIVULGA\u00c7\u00c3O<\/span><strong>5\u00a0\u2013 Biblioteca \u00c1ngel Crespo, no Instituto Cervantes<br \/>\n<\/strong>Localizada dentro do Instituto Cervantes (707\/907 Sul, lote D), a biblioteca \u00c1ngel Crespo possui um grande acervo de literatura espanhola e latino-americana \u2013 sendo que boa parte da obra est\u00e1 dispon\u00edvel em espanhol.<br \/>\nH\u00e1 tamb\u00e9m filmes e CDs produzidos na Espanha. O espa\u00e7o disponibiliza equipamentos para que o visitante possa usufruir os diferentes arquivos multim\u00eddias e tamb\u00e9m conta com postos de estudos.<br \/>\nO local oferece wi-fi e computadores com acesso gratuito. A biblioteca funciona nas ter\u00e7as e quartas, das 8h30 \u00e0s 13h e das 14h \u00e0s 20h30, quintas e sextas, das 9h \u00e0s 13h e das 14h \u00e0s 20h30, e aos s\u00e1bados, das 9h \u00e0s 14h.<\/p>\n<p style=\"text-align: right;\">Fonte &#8211; Metr\u00f3poles<\/p>\n<\/section>\n","protected":false},"excerpt":{"rendered":"<p>Saiba quais s\u00e3o e como funcionam os espa\u00e7os liter\u00e1rios que deram certo na capital. O Metr\u00f3poles, baseado no acervo, conforto e espa\u00e7o, indica cinco bibliotecas localizadas em espa\u00e7os privados que valem a visita: SERGIO KREMER\/DIVULGA\u00c7\u00c3O1 \u2013 Biblioteca Banco do Brasil &#8211; BB Gepes, no Edif\u00edcio Bras\u00edlia 50 Com mais de 40 mil livros dispon\u00edveis, a [&hellip;]<\/p>\n","protected":false},"author":1,"featured_media":0,"comment_status":"open","ping_status":"open","sticky":false,"template":"","format":"standard","meta":{"site-sidebar-layout":"default","site-content-layout":"","ast-site-content-layout":"default","site-content-style":"default","site-sidebar-style":"default","ast-global-header-display":"","ast-banner-title-visibility":"","ast-main-header-display":"","ast-hfb-above-header-display":"","ast-hfb-below-header-display":"","ast-hfb-mobile-header-display":"","site-post-title":"","ast-breadcrumbs-content":"","ast-featured-img":"","footer-sml-layout":"","ast-disable-related-posts":"","theme-transparent-header-meta":"","adv-header-id-meta":"","stick-header-meta":"","header-above-stick-meta":"","header-main-stick-meta":"","header-below-stick-meta":"","astra-migrate-meta-layouts":"default","ast-page-background-enabled":"default","ast-page-background-meta":{"desktop":{"background-color":"","background-image":"","background-repeat":"repeat","background-position":"center center","background-size":"auto","background-attachment":"scroll","background-type":"","background-media":"","overlay-type":"","overlay-color":"","overlay-opacity":"","overlay-gradient":""},"tablet":{"background-color":"","background-image":"","background-repeat":"repeat","background-position":"center center","background-size":"auto","background-attachment":"scroll","background-type":"","background-media":"","overlay-type":"","overlay-color":"","overlay-opacity":"","overlay-gradient":""},"mobile":{"background-color":"","background-image":"","background-repeat":"repeat","background-position":"center center","background-size":"auto","background-attachment":"scroll","background-type":"","background-media":"","overlay-type":"","overlay-color":"","overlay-opacity":"","overlay-gradient":""}},"ast-content-background-meta":{"desktop":{"background-color":"var(--ast-global-color-5)","background-image":"","background-repeat":"repeat","background-position":"center center","background-size":"auto","background-attachment":"scroll","background-type":"","background-media":"","overlay-type":"","overlay-color":"","overlay-opacity":"","overlay-gradient":""},"tablet":{"background-color":"var(--ast-global-color-5)","background-image":"","background-repeat":"repeat","background-position":"center center","background-size":"auto","background-attachment":"scroll","background-type":"","background-media":"","overlay-type":"","overlay-color":"","overlay-opacity":"","overlay-gradient":""},"mobile":{"background-color":"var(--ast-global-color-5)","background-image":"","background-repeat":"repeat","background-position":"center center","background-size":"auto","background-attachment":"scroll","background-type":"","background-media":"","overlay-type":"","overlay-color":"","overlay-opacity":"","overlay-gradient":""}},"footnotes":""},"categories":[1],"tags":[71,124,79,139,145,247],"class_list":["post-7280","post","type-post","status-publish","format-standard","hentry","category-noticias","tag-bibliotecarios","tag-bibliotecas","tag-brasilia","tag-distrito-federal","tag-livros","tag-plano-piloto"],"_links":{"self":[{"href":"https:\/\/crb1.org.br\/site\/wp-json\/wp\/v2\/posts\/7280","targetHints":{"allow":["GET"]}}],"collection":[{"href":"https:\/\/crb1.org.br\/site\/wp-json\/wp\/v2\/posts"}],"about":[{"href":"https:\/\/crb1.org.br\/site\/wp-json\/wp\/v2\/types\/post"}],"author":[{"embeddable":true,"href":"https:\/\/crb1.org.br\/site\/wp-json\/wp\/v2\/users\/1"}],"replies":[{"embeddable":true,"href":"https:\/\/crb1.org.br\/site\/wp-json\/wp\/v2\/comments?post=7280"}],"version-history":[{"count":0,"href":"https:\/\/crb1.org.br\/site\/wp-json\/wp\/v2\/posts\/7280\/revisions"}],"wp:attachment":[{"href":"https:\/\/crb1.org.br\/site\/wp-json\/wp\/v2\/media?parent=7280"}],"wp:term":[{"taxonomy":"category","embeddable":true,"href":"https:\/\/crb1.org.br\/site\/wp-json\/wp\/v2\/categories?post=7280"},{"taxonomy":"post_tag","embeddable":true,"href":"https:\/\/crb1.org.br\/site\/wp-json\/wp\/v2\/tags?post=7280"}],"curies":[{"name":"wp","href":"https:\/\/api.w.org\/{rel}","templated":true}]}}