{"id":7290,"date":"2017-06-26T15:23:34","date_gmt":"2017-06-26T18:23:34","guid":{"rendered":"https:\/\/crb1.org.br\/?p=1624"},"modified":"2017-06-26T15:23:34","modified_gmt":"2017-06-26T18:23:34","slug":"biblioteca-publica-do-riacho-fundo-ii-e-inaugurada","status":"publish","type":"post","link":"https:\/\/crb1.org.br\/site\/2017\/06\/biblioteca-publica-do-riacho-fundo-ii-e-inaugurada\/","title":{"rendered":"Biblioteca P\u00fablica do Riacho Fundo II \u00e9 inaugurada"},"content":{"rendered":"<p style=\"text-align: center;\"><em>Espa\u00e7o fica ao lado da Administra\u00e7\u00e3o Regional e tem capacidade para receber at\u00e9 cem pessoas por dia<\/em><\/p>\n<p><figure style=\"width: 728px\" class=\"wp-caption aligncenter\"><img fetchpriority=\"high\" decoding=\"async\" class=\"\" src=\"https:\/\/www.agenciabrasilia.df.gov.br\/wp-conteudo\/uploads\/2017\/06\/inauguracao-biblioteca-riacho-fundo-rollemberg-gabriel-jabur-640x427.jpg\" alt=\"Governador de Bras\u00edlia, Rodrigo Rollemberg, inaugura, nesta segunda-feira (26), biblioteca p\u00fablica no Riacho Fundo II. Foto: Gabriel Jabur\/Ag\u00eancia Bras\u00edlia\" width=\"728\" height=\"486\" \/><figcaption class=\"wp-caption-text\">Governador de Bras\u00edlia, Rodrigo Rollemberg, inaugura, nesta segunda-feira (26), biblioteca p\u00fablica no Riacho Fundo II. Foto: Gabriel Jabur\/Ag\u00eancia Bras\u00edlia<\/figcaption><\/figure><br \/>\nA popula\u00e7\u00e3o do Riacho Fundo II recebeu nesta segunda-feira (26) uma nova biblioteca p\u00fablica, com capacidade para atender at\u00e9 15 pessoas ao mesmo tempo e cem por dia.<br \/>\n\u201cEsta \u00e9 uma estrutura singela, mas carregada de muito simbolismo. Transformamos\u00a0um posto policial que estava abandonado em uma biblioteca para o uso da comunidade\u201d, disse o governador de Bras\u00edlia, Rodrigo Rollemberg. Ele esteve na regi\u00e3o nesta manh\u00e3 para participar da cerim\u00f4nia de inaugura\u00e7\u00e3o.<br \/>\nAos alunos da Escola Classe 1 do Riacho Fundo II, o chefe do Executivo local disse: \u201cTem muita hist\u00f3ria bonita e bacana para voc\u00eas conhecerem nos livros que est\u00e3o aqui\u201d. O acervo dispon\u00edvel veio da antiga biblioteca da regi\u00e3o e de doa\u00e7\u00f5es da comunidade. As adequa\u00e7\u00f5es do espa\u00e7o foram custeadas pela popula\u00e7\u00e3o e por comerciantes.<br \/>\nA biblioteca funciona em frente \u00e0 Administra\u00e7\u00e3o Regional do Riacho Fundo II (QN 7A, Conjunto 6, Lote 1\/2), de segunda a sexta-feira, das 8 \u00e0s 12 horas e das 14 \u00e0s 18 horas.<br \/>\n<strong>Escola Verde abrigar\u00e1 750 alunos<\/strong><br \/>\nNesta manh\u00e3, o governador aproveitou para visitar as obras da Escola Verde (QS 4, Lote A), que est\u00e3o 70% executadas. A previs\u00e3o \u00e9 que os 750 alunos da rede p\u00fablica comecem a usar o espa\u00e7o a partir de setembro deste ano. \u201cO projeto \u00e9, a partir do ano que vem, no per\u00edodo noturno, ter um Centro Interescolar de L\u00ednguas aqui\u201d, anunciou Rollemberg.<br \/>\nO chefe do Executivo local comemorou o fato de conseguir inaugurar pelo menos uma escola por m\u00eas em v\u00e1rios pontos do Distrito Federal, como os 19 centros de educa\u00e7\u00e3o infantil e os interescolares de l\u00ednguas.<br \/>\nMais cedo, ele tamb\u00e9m visitou as interven\u00e7\u00f5es em uma quadra poliesportiva na QN 7 e outra na Escola Classe Kanegae, ambas no\u00a0Riacho Fundo I. Confira a <strong><a href=\"https:\/\/www.flickr.com\/photos\/agenciabrasilia\/34742531383\/in\/album-72157685438577736\" target=\"_blank\" rel=\"noopener\">galeri<\/a><\/strong><strong><a href=\"https:\/\/www.flickr.com\/photos\/agenciabrasilia\/34742531383\/in\/album-72157685438577736\" target=\"_blank\" rel=\"noopener\">a de fotos<\/a>\u00a0<\/strong>(aqui):<br \/>\n<a href=\"https:\/\/www.flickr.com\/photos\/agenciabrasilia\/34742531383\/in\/album-72157685438577736\"><img decoding=\"async\" src=\"https:\/\/live.staticflickr.com\/4240\/34742531383_cc70e58cf7.jpg\" alt=\"Escola Verde abrigar\u00e1 750 alunos\" width=\"500\" height=\"332\" \/><\/a><br \/>\n&nbsp;<\/p>\n<p style=\"text-align: right;\">Fonte &#8211; Ag\u00eancia Bras\u00edlia<\/p>\n","protected":false},"excerpt":{"rendered":"<p>Espa\u00e7o fica ao lado da Administra\u00e7\u00e3o Regional e tem capacidade para receber at\u00e9 cem pessoas por dia A popula\u00e7\u00e3o do Riacho Fundo II recebeu nesta segunda-feira (26) uma nova biblioteca p\u00fablica, com capacidade para atender at\u00e9 15 pessoas ao mesmo tempo e cem por dia. \u201cEsta \u00e9 uma estrutura singela, mas carregada de muito simbolismo. [&hellip;]<\/p>\n","protected":false},"author":1,"featured_media":0,"comment_status":"open","ping_status":"open","sticky":false,"template":"","format":"standard","meta":{"site-sidebar-layout":"default","site-content-layout":"","ast-site-content-layout":"default","site-content-style":"default","site-sidebar-style":"default","ast-global-header-display":"","ast-banner-title-visibility":"","ast-main-header-display":"","ast-hfb-above-header-display":"","ast-hfb-below-header-display":"","ast-hfb-mobile-header-display":"","site-post-title":"","ast-breadcrumbs-content":"","ast-featured-img":"","footer-sml-layout":"","ast-disable-related-posts":"","theme-transparent-header-meta":"","adv-header-id-meta":"","stick-header-meta":"","header-above-stick-meta":"","header-main-stick-meta":"","header-below-stick-meta":"","astra-migrate-meta-layouts":"default","ast-page-background-enabled":"default","ast-page-background-meta":{"desktop":{"background-color":"","background-image":"","background-repeat":"repeat","background-position":"center center","background-size":"auto","background-attachment":"scroll","background-type":"","background-media":"","overlay-type":"","overlay-color":"","overlay-opacity":"","overlay-gradient":""},"tablet":{"background-color":"","background-image":"","background-repeat":"repeat","background-position":"center center","background-size":"auto","background-attachment":"scroll","background-type":"","background-media":"","overlay-type":"","overlay-color":"","overlay-opacity":"","overlay-gradient":""},"mobile":{"background-color":"","background-image":"","background-repeat":"repeat","background-position":"center center","background-size":"auto","background-attachment":"scroll","background-type":"","background-media":"","overlay-type":"","overlay-color":"","overlay-opacity":"","overlay-gradient":""}},"ast-content-background-meta":{"desktop":{"background-color":"var(--ast-global-color-5)","background-image":"","background-repeat":"repeat","background-position":"center center","background-size":"auto","background-attachment":"scroll","background-type":"","background-media":"","overlay-type":"","overlay-color":"","overlay-opacity":"","overlay-gradient":""},"tablet":{"background-color":"var(--ast-global-color-5)","background-image":"","background-repeat":"repeat","background-position":"center center","background-size":"auto","background-attachment":"scroll","background-type":"","background-media":"","overlay-type":"","overlay-color":"","overlay-opacity":"","overlay-gradient":""},"mobile":{"background-color":"var(--ast-global-color-5)","background-image":"","background-repeat":"repeat","background-position":"center center","background-size":"auto","background-attachment":"scroll","background-type":"","background-media":"","overlay-type":"","overlay-color":"","overlay-opacity":"","overlay-gradient":""}},"footnotes":""},"categories":[1],"tags":[196,273,274],"class_list":["post-7290","post","type-post","status-publish","format-standard","hentry","category-noticias","tag-biblioteca-publica","tag-escola-verde","tag-riacho-fundo-ii"],"_links":{"self":[{"href":"https:\/\/crb1.org.br\/site\/wp-json\/wp\/v2\/posts\/7290","targetHints":{"allow":["GET"]}}],"collection":[{"href":"https:\/\/crb1.org.br\/site\/wp-json\/wp\/v2\/posts"}],"about":[{"href":"https:\/\/crb1.org.br\/site\/wp-json\/wp\/v2\/types\/post"}],"author":[{"embeddable":true,"href":"https:\/\/crb1.org.br\/site\/wp-json\/wp\/v2\/users\/1"}],"replies":[{"embeddable":true,"href":"https:\/\/crb1.org.br\/site\/wp-json\/wp\/v2\/comments?post=7290"}],"version-history":[{"count":0,"href":"https:\/\/crb1.org.br\/site\/wp-json\/wp\/v2\/posts\/7290\/revisions"}],"wp:attachment":[{"href":"https:\/\/crb1.org.br\/site\/wp-json\/wp\/v2\/media?parent=7290"}],"wp:term":[{"taxonomy":"category","embeddable":true,"href":"https:\/\/crb1.org.br\/site\/wp-json\/wp\/v2\/categories?post=7290"},{"taxonomy":"post_tag","embeddable":true,"href":"https:\/\/crb1.org.br\/site\/wp-json\/wp\/v2\/tags?post=7290"}],"curies":[{"name":"wp","href":"https:\/\/api.w.org\/{rel}","templated":true}]}}